{"id":226143,"date":"2025-11-21T20:32:10","date_gmt":"2025-11-21T20:32:10","guid":{"rendered":"https:\/\/www.europesays.com\/it\/226143\/"},"modified":"2025-11-21T20:32:10","modified_gmt":"2025-11-21T20:32:10","slug":"un-posto-al-sole-anticipazioni-upas-puntate-24-28-novembre-2025","status":"publish","type":"post","link":"https:\/\/www.europesays.com\/it\/226143\/","title":{"rendered":"Un Posto al sole anticipazioni Upas puntate 24-28 novembre 2025"},"content":{"rendered":"<p class=\"paragraph\" spellcheck=\"true\">Le storie di <b>Un Posto al Sole<\/b> proseguiranno luned\u00ec 24 novembre, sempre su Rai 3 alle 20.50 circa (subito dopo Il Cavallo e la Torre). Le puntate in onda in tv dal luned\u00ec al venerd\u00ec sono sempre disponibili su RaiPlay in streaming.<\/p>\n<p class=\"paragraph\" spellcheck=\"true\">\u00a0La serie, tutta italiana, \u00e8 arrivata alla stagione 30 e per festeggiare si regaler\u00e0 <b>Whoopy Goldberg<\/b>. Dopo l&#8217;annuncio dei mesi scorsi, proprio in questi giorni l&#8217;attrice premio Oscar \u00e8 sul set, come \u00e8 stato mostrato da alcune immagini diffuse sui social. Non \u00e8 ancora chiaro quale sar\u00e0 il suo ruolo ma sar\u00e0 in un importante arco di puntate che andranno in onda nel 2026.\u00a0<\/p>\n<p class=\"paragraph\" spellcheck=\"true\">Ma prima di pensare al futuro e alle puntate della settimana dal 24 al 28 novembre, \u00e8 meglio ripercorrere dove<a href=\"https:\/\/www.gazzetta.it\/tv\/storie\/14-11-2025\/un-posto-al-sole-anticipazioni-upas-puntate-17-21-novembre-2025\/\" title=\"Un Posto al sole, le anticipazioni delle puntate dal 17 al 21 novembre\" rel=\"nofollow noopener\" target=\"_blank\"> eravamo rimasti<\/a>, nella soap ambientata e girata a Napoli e prodotta da Fremantle per RaiFiction. Vinicio \u00e8 sprofondato nel buco nero della dipendenza e sembra faticare a uscirne, ma in un momento di lucidit\u00e0 ha ricordato le parole di Cristiano. Marina sta tentando di convincere Mariella e la sua famiglia ad andare contro Gagliotti. Damiano e Rosa hanno avuto un chiarimento ma la ragazza ha ancora tanti dubbi.<\/p>\n","protected":false},"excerpt":{"rendered":"Le storie di Un Posto al Sole proseguiranno luned\u00ec 24 novembre, sempre su Rai 3 alle 20.50 circa&hellip;\n","protected":false},"author":3,"featured_media":226144,"comment_status":"","ping_status":"","sticky":false,"template":"","format":"standard","meta":{"footnotes":""},"categories":[1444],"tags":[1518,11536,11540,97481,203,3688,204,1537,90,89,1691,7030,116275,116276,116277,9167,57358,86024,8202,86025,8381,2848,57359,57360,23990,360,252,57361,253,4969],"class_list":{"0":"post-226143","1":"post","2":"type-post","3":"status-publish","4":"format-standard","5":"has-post-thumbnail","7":"category-tv","8":"tag-anticipazioni","9":"tag-anticipazioni-puntata","10":"tag-anticipazioni-puntata-sole","11":"tag-castrese","12":"tag-entertainment","13":"tag-fratello","14":"tag-intrattenimento","15":"tag-it","16":"tag-italia","17":"tag-italy","18":"tag-lunedi","19":"tag-novembre","20":"tag-novembre-onda","21":"tag-novembre-onda-rai","22":"tag-novembre-rai","23":"tag-onda","24":"tag-onda-rai","25":"tag-onda-rai-streaming","26":"tag-puntata","27":"tag-puntata-sole","28":"tag-raffaele","29":"tag-rai","30":"tag-rai-streaming","31":"tag-rai-streaming-raiplay","32":"tag-raiplay","33":"tag-sole","34":"tag-streaming","35":"tag-streaming-raiplay","36":"tag-tv","37":"tag-vuole"},"share_on_mastodon":{"url":"https:\/\/pubeurope.com\/@it\/115589594815144736","error":""},"_links":{"self":[{"href":"https:\/\/www.europesays.com\/it\/wp-json\/wp\/v2\/posts\/226143","targetHints":{"allow":["GET"]}}],"collection":[{"href":"https:\/\/www.europesays.com\/it\/wp-json\/wp\/v2\/posts"}],"about":[{"href":"https:\/\/www.europesays.com\/it\/wp-json\/wp\/v2\/types\/post"}],"author":[{"embeddable":true,"href":"https:\/\/www.europesays.com\/it\/wp-json\/wp\/v2\/users\/3"}],"replies":[{"embeddable":true,"href":"https:\/\/www.europesays.com\/it\/wp-json\/wp\/v2\/comments?post=226143"}],"version-history":[{"count":0,"href":"https:\/\/www.europesays.com\/it\/wp-json\/wp\/v2\/posts\/226143\/revisions"}],"wp:featuredmedia":[{"embeddable":true,"href":"https:\/\/www.europesays.com\/it\/wp-json\/wp\/v2\/media\/226144"}],"wp:attachment":[{"href":"https:\/\/www.europesays.com\/it\/wp-json\/wp\/v2\/media?parent=226143"}],"wp:term":[{"taxonomy":"category","embeddable":true,"href":"https:\/\/www.europesays.com\/it\/wp-json\/wp\/v2\/categories?post=226143"},{"taxonomy":"post_tag","embeddable":true,"href":"https:\/\/www.europesays.com\/it\/wp-json\/wp\/v2\/tags?post=226143"}],"curies":[{"name":"wp","href":"https:\/\/api.w.org\/{rel}","templated":true}]}}