{"id":226775,"date":"2025-11-22T06:53:11","date_gmt":"2025-11-22T06:53:11","guid":{"rendered":"https:\/\/www.europesays.com\/it\/226775\/"},"modified":"2025-11-22T06:53:11","modified_gmt":"2025-11-22T06:53:11","slug":"inter-thuram-vede-il-derby-ma-che-staffetta-con-bonny","status":"publish","type":"post","link":"https:\/\/www.europesays.com\/it\/226775\/","title":{"rendered":"Inter, Thuram vede il derby ma che staffetta con Bonny"},"content":{"rendered":"<p>L&#8217;ex Parma ha tolto al connazionale i gradi di titolare intoccabile, una competizione che pu\u00f2 fare bene a entrambi.<\/p>\n<p>Forse<strong> due mesi fa nessuno si sarebbe preso la responsabilit\u00e0 di dire che Bonny avrebbe potuto insidiare Thuram per una possibile titolarit\u00e0 nel derby di Milano. <\/strong>Ma il calcio \u00e8 dinamico, le cose possono cambiare nell\u2019arco di qualche giorno, figuriamoci che rivoluzioni possono presentarsi entro un paio di mesi. Un lasso di tempo in cui i nerazzurri hanno potuto constatare che certe riflessioni erano giuste e che ci\u00f2 che avevano potuto solo immaginare quando hanno deciso di investire su Bonny ha molto velocemente preso forma davanti ai loro occhi.<\/p>\n<p><strong>L\u2019ex Parma si \u00e8 gi\u00e0 staccato di dosso quell\u2019etichetta di \u00a0promessa<\/strong> con la quale i \u00a0giovani bomber di provincia si presentano nelle grandi piazze, dopo appena qualche mese il francese \u00e8 gi\u00e0 un riferimento chiarissimo per l\u2019intero gruppo nerazzurro, al punto che <strong>l\u2019infortunio di Thuram \u00e8 stato gestito con ancora maggiore prudenza<\/strong><strong>.<\/strong><\/p>\n<p>Se Chivu se l\u2019\u00e8 presa comoda e non ha forzato neanche minimamente il rientro di Marcus \u00e8 perch\u00e9 ha capito che <strong>chi gioca al suo posto pu\u00f2 offrire un contributo dello stesso livello<\/strong>, con la consapevolezza di dover concedere a Bonny qualche alto e basso frutto della giovent\u00f9.\u00a0<\/p>\n","protected":false},"excerpt":{"rendered":"L&#8217;ex Parma ha tolto al connazionale i gradi di titolare intoccabile, una competizione che pu\u00f2 fare bene a&hellip;\n","protected":false},"author":3,"featured_media":226776,"comment_status":"","ping_status":"","sticky":false,"template":"","format":"standard","meta":{"footnotes":"","_share_on_mastodon":"0"},"categories":[1452],"tags":[95267,721,353,1740,350,1537,90,89,73888,251,1739,245,244,355],"class_list":["post-226775","post","type-post","status-publish","format-standard","has-post-thumbnail","category-calcio","tag-a-bonny","tag-calcio","tag-calciomercato","tag-football","tag-inter","tag-it","tag-italia","tag-italy","tag-m-thuram","tag-serie-a","tag-soccer","tag-sport","tag-sports","tag-transfers"],"share_on_mastodon":{"url":"https:\/\/pubeurope.com\/@it\/115592036704845364","error":""},"_links":{"self":[{"href":"https:\/\/www.europesays.com\/it\/wp-json\/wp\/v2\/posts\/226775","targetHints":{"allow":["GET"]}}],"collection":[{"href":"https:\/\/www.europesays.com\/it\/wp-json\/wp\/v2\/posts"}],"about":[{"href":"https:\/\/www.europesays.com\/it\/wp-json\/wp\/v2\/types\/post"}],"author":[{"embeddable":true,"href":"https:\/\/www.europesays.com\/it\/wp-json\/wp\/v2\/users\/3"}],"replies":[{"embeddable":true,"href":"https:\/\/www.europesays.com\/it\/wp-json\/wp\/v2\/comments?post=226775"}],"version-history":[{"count":0,"href":"https:\/\/www.europesays.com\/it\/wp-json\/wp\/v2\/posts\/226775\/revisions"}],"wp:featuredmedia":[{"embeddable":true,"href":"https:\/\/www.europesays.com\/it\/wp-json\/wp\/v2\/media\/226776"}],"wp:attachment":[{"href":"https:\/\/www.europesays.com\/it\/wp-json\/wp\/v2\/media?parent=226775"}],"wp:term":[{"taxonomy":"category","embeddable":true,"href":"https:\/\/www.europesays.com\/it\/wp-json\/wp\/v2\/categories?post=226775"},{"taxonomy":"post_tag","embeddable":true,"href":"https:\/\/www.europesays.com\/it\/wp-json\/wp\/v2\/tags?post=226775"}],"curies":[{"name":"wp","href":"https:\/\/api.w.org\/{rel}","templated":true}]}}