{"id":227081,"date":"2025-11-22T11:10:12","date_gmt":"2025-11-22T11:10:12","guid":{"rendered":"https:\/\/www.europesays.com\/it\/227081\/"},"modified":"2025-11-22T11:10:12","modified_gmt":"2025-11-22T11:10:12","slug":"maltempo-e-freddo-sullitalia-scatta-allerta-in-11-regioni-pioggia-vento-e-neve","status":"publish","type":"post","link":"https:\/\/www.europesays.com\/it\/227081\/","title":{"rendered":"Maltempo e freddo sull&#8217;Italia, scatta allerta in 11 Regioni: pioggia, vento e neve"},"content":{"rendered":"<p class=\"art-text\" id=\"\">\n    Freddo, pioggia, vento e neve che \u00e8 gi\u00e0 arrivata a Milano. <b>Il maltempo sferza l&#8217;Italia e scatta l&#8217;allerta meteo<\/b> che oggi sabato 22 novembre interesser\u00e0 <b>undici regioni<\/b>.\n<\/p>\n<p class=\"art-text\" id=\"\">\n    L&#8217;origine di questa condizione meteorologica \u00e8 una profonda saccatura alimentata da <a href=\"https:\/\/www.adnkronos.com\/cronaca\/freddo-e-gelo-sulla-lombardia-neve-arriva-anche-a-milano_5CjWfK1HVUt6iVSz9KNwN6\" title=\"www.adnkronos.com\" rel=\"nofollow noopener\" target=\"_blank\">aria fredda proveniente dall&#8217;Europa settentrionale<\/a> che fa il suo ingresso sul Mediterraneo centrale tra il Golfo del Leone e i nostri settori nord-occidentali. Tale situazione \u00e8 responsabile delle precipitazioni al Sud e sul medio Adriatico, dell&#8217;abbassamento delle temperature con nevicate fino a quote collinari e del rinforzo della ventilazione su gran parte della Penisola.\n<\/p>\n<p class=\"art-text\" id=\"\">Sulla base delle previsioni disponibili, il Dipartimento della Protezione Civile d&#8217;intesa con le regioni coinvolte ha emesso un ulteriore avviso di condizioni meteorologiche avverse che fa seguito ed estende quello emesso gioved\u00ec. I fenomeni meteo, impattando sulle diverse aree del Paese, potrebbero determinare delle criticit\u00e0 idrogeologiche e idrauliche che sono riportate, in una sintesi nazionale, nel bollettino nazionale di criticit\u00e0 e di allerta consultabile sul sito del Dipartimento (www.protezionecivile.gov.it). <\/p>\n<p>L&#8217;allerta<\/p>\n<p class=\"art-text\" id=\"\">L&#8217;avviso, che gi\u00e0 dal tardo pomeriggio\/serata di ieri prevedeva il persistere di precipitazioni al Centro-Sud e nevicate mediamente al di sopra dei 600-800 metri su Sardegna, Umbria, Marche, Abruzzo, Molise e settori appenninici e orientali del Lazio, dalle prime ore di oggi prevede il persistere di venti di burrasca dai quadranti settentrionali su Emilia-Romagna e dai quadranti occidentali sulla Sicilia. Sono attesi, inoltre, venti di burrasca dai quadranti settentrionali su Liguria, Toscana, Marche, Umbria, Lazio centro-settentrionale, in estensione ad Abruzzo e Molise e dai quadranti occidentali sulla Calabria; previste mareggiate lungo le coste esposte. <\/p>\n<p class=\"art-text\" id=\"\">Sulla base dei fenomeni previsti e in atto \u00e8 stata valutata per la giornata di oggi allerta gialla in Umbria, Abruzzo, Molise, Puglia, Calabria, Sicilia e su alcuni settori di Emilia-Romagna, Marche, Lazio, Campania e Basilicata.<\/p>\n","protected":false},"excerpt":{"rendered":"Freddo, pioggia, vento e neve che \u00e8 gi\u00e0 arrivata a Milano. Il maltempo sferza l&#8217;Italia e scatta l&#8217;allerta&hellip;\n","protected":false},"author":3,"featured_media":227082,"comment_status":"","ping_status":"","sticky":false,"template":"","format":"standard","meta":{"footnotes":""},"categories":[6],"tags":[14,8,1537,90,89,7,15,82,9,83,10,13,11,80,84,12,81,85],"class_list":{"0":"post-227081","1":"post","2":"type-post","3":"status-publish","4":"format-standard","5":"has-post-thumbnail","7":"category-ultime-notizie","8":"tag-cronaca","9":"tag-headlines","10":"tag-it","11":"tag-italia","12":"tag-italy","13":"tag-news","14":"tag-notizie","15":"tag-notizie-di-cronaca","16":"tag-notizie-principali","17":"tag-notiziedicronaca","18":"tag-notizieprincipali","19":"tag-titoli","20":"tag-ultime-notizie","21":"tag-ultime-notizie-di-cronaca","22":"tag-ultime-notizie-e-news-di-oggi","23":"tag-ultimenotizie","24":"tag-ultimenotiziedicronaca","25":"tag-ultimenotizieenewsdioggi"},"share_on_mastodon":{"url":"https:\/\/pubeurope.com\/@it\/115593047116509463","error":""},"_links":{"self":[{"href":"https:\/\/www.europesays.com\/it\/wp-json\/wp\/v2\/posts\/227081","targetHints":{"allow":["GET"]}}],"collection":[{"href":"https:\/\/www.europesays.com\/it\/wp-json\/wp\/v2\/posts"}],"about":[{"href":"https:\/\/www.europesays.com\/it\/wp-json\/wp\/v2\/types\/post"}],"author":[{"embeddable":true,"href":"https:\/\/www.europesays.com\/it\/wp-json\/wp\/v2\/users\/3"}],"replies":[{"embeddable":true,"href":"https:\/\/www.europesays.com\/it\/wp-json\/wp\/v2\/comments?post=227081"}],"version-history":[{"count":0,"href":"https:\/\/www.europesays.com\/it\/wp-json\/wp\/v2\/posts\/227081\/revisions"}],"wp:featuredmedia":[{"embeddable":true,"href":"https:\/\/www.europesays.com\/it\/wp-json\/wp\/v2\/media\/227082"}],"wp:attachment":[{"href":"https:\/\/www.europesays.com\/it\/wp-json\/wp\/v2\/media?parent=227081"}],"wp:term":[{"taxonomy":"category","embeddable":true,"href":"https:\/\/www.europesays.com\/it\/wp-json\/wp\/v2\/categories?post=227081"},{"taxonomy":"post_tag","embeddable":true,"href":"https:\/\/www.europesays.com\/it\/wp-json\/wp\/v2\/tags?post=227081"}],"curies":[{"name":"wp","href":"https:\/\/api.w.org\/{rel}","templated":true}]}}