{"id":227179,"date":"2025-11-22T12:51:10","date_gmt":"2025-11-22T12:51:10","guid":{"rendered":"https:\/\/www.europesays.com\/it\/227179\/"},"modified":"2025-11-22T12:51:10","modified_gmt":"2025-11-22T12:51:10","slug":"milan-allegri-derby-partita-meravigliosa-inter-e-la-favorita-per-lo-scudetto","status":"publish","type":"post","link":"https:\/\/www.europesays.com\/it\/227179\/","title":{"rendered":"Milan, Allegri: &#8220;Derby partita meravigliosa, Inter \u00e8 la favorita per lo Scudetto&#8221;"},"content":{"rendered":"<p><a class=\"article-details_article-details__section__element--authorName__j3rZA article-details_link__9uNPj\" href=\"https:\/\/www.calciomercato.com\/about\/redazione\/daniele-longo\/14\" rel=\"nofollow noopener\" target=\"_blank\">Daniele Longo<\/a>22 nov 2025, 12:11<\/p>\n<p>Ultimi aggiornamenti: 22 nov 2025, 12:39<\/p>\n<p>Milan, Massimiliano Allegri \u00e8 intervenuto in conferenza stampa alla vigilia del derby di Milano<\/p>\n<p>Massimiliano Allegri, tecnico del Milan, parla cos\u00ec in conferenza stampa alla vigilia del derby di Milano contro l&#8217;Inter: &#8220;Osserviamo la partita, sar\u00e0 una serata meravigliosa. Inter-Milan all&#8217;interno della partita c&#8217;\u00e8 una rivalit\u00e0 storica per Milano. Sar\u00e0 una partita meravigliosa. Ero partito bene, poi ne abbiamo pareggiati e poi ne ho persi 4 di seguito. L&#8217;Inter insieme al Napoli \u00e8 la favorita per lo scudetto, ha vinto 11 delle 12 ultime partite. Ha giocatori tecnici e fisici, per\u00f2 il derby comunque \u00e8 sempre a s\u00e9. Dovremo essere bravi a fare una partita molto valida ed essere pi\u00f9 attenti: quello che ci \u00e8 mancato a Parma. Ornella Vanoni? La seguivo. \u00c8 stata una donna meravigliosa, ironica, simpatica. Siamo molto dispiaciuti perch\u00e9 \u00e8 successo alla vigilia del derby e lei era milanista, anche se ultimamente simpatizzava per Bonny\u2026\u201d.<\/p>\n","protected":false},"excerpt":{"rendered":"Daniele Longo22 nov 2025, 12:11 Ultimi aggiornamenti: 22 nov 2025, 12:39 Milan, Massimiliano Allegri \u00e8 intervenuto in conferenza&hellip;\n","protected":false},"author":3,"featured_media":171367,"comment_status":"","ping_status":"","sticky":false,"template":"","format":"standard","meta":{"footnotes":""},"categories":[176],"tags":[1744,350,119487,119486,1537,90,89,553,251,245,244],"class_list":{"0":"post-227179","1":"post","2":"type-post","3":"status-publish","4":"format-standard","5":"has-post-thumbnail","7":"category-sport","8":"tag-ac-milan","9":"tag-inter","10":"tag-inter-vs-ac-milan","11":"tag-inter-vs-milan","12":"tag-it","13":"tag-italia","14":"tag-italy","15":"tag-milan","16":"tag-serie-a","17":"tag-sport","18":"tag-sports"},"share_on_mastodon":{"url":"https:\/\/pubeurope.com\/@it\/115593444348835389","error":""},"_links":{"self":[{"href":"https:\/\/www.europesays.com\/it\/wp-json\/wp\/v2\/posts\/227179","targetHints":{"allow":["GET"]}}],"collection":[{"href":"https:\/\/www.europesays.com\/it\/wp-json\/wp\/v2\/posts"}],"about":[{"href":"https:\/\/www.europesays.com\/it\/wp-json\/wp\/v2\/types\/post"}],"author":[{"embeddable":true,"href":"https:\/\/www.europesays.com\/it\/wp-json\/wp\/v2\/users\/3"}],"replies":[{"embeddable":true,"href":"https:\/\/www.europesays.com\/it\/wp-json\/wp\/v2\/comments?post=227179"}],"version-history":[{"count":0,"href":"https:\/\/www.europesays.com\/it\/wp-json\/wp\/v2\/posts\/227179\/revisions"}],"wp:featuredmedia":[{"embeddable":true,"href":"https:\/\/www.europesays.com\/it\/wp-json\/wp\/v2\/media\/171367"}],"wp:attachment":[{"href":"https:\/\/www.europesays.com\/it\/wp-json\/wp\/v2\/media?parent=227179"}],"wp:term":[{"taxonomy":"category","embeddable":true,"href":"https:\/\/www.europesays.com\/it\/wp-json\/wp\/v2\/categories?post=227179"},{"taxonomy":"post_tag","embeddable":true,"href":"https:\/\/www.europesays.com\/it\/wp-json\/wp\/v2\/tags?post=227179"}],"curies":[{"name":"wp","href":"https:\/\/api.w.org\/{rel}","templated":true}]}}