{"id":228298,"date":"2025-11-23T08:15:12","date_gmt":"2025-11-23T08:15:12","guid":{"rendered":"https:\/\/www.europesays.com\/it\/228298\/"},"modified":"2025-11-23T08:15:12","modified_gmt":"2025-11-23T08:15:12","slug":"bayern-monaco-friburgo-6-2-tripletta-di-olise-psg-le-havre-3-0-la-chiude-barcola","status":"publish","type":"post","link":"https:\/\/www.europesays.com\/it\/228298\/","title":{"rendered":"Bayern Monaco-Friburgo 6-2, tripletta di Olise. Psg-Le Havre 3-0, la chiude Barcola"},"content":{"rendered":"<p class=\"paragraph\" spellcheck=\"true\">Vince anche in rimonta. E mancava solo questo. Il Bayern Monaco sale a quota 31 punti in 11 giornate travolgendo 6-2 il Friburgo che, in casa dei campioni di Germania, si era portato avanti per 0-2 (reti di Suzuki al 12&#8242; e di Manzambi al 17&#8242;). I bavaresi hanno reagito facendosi trascinare dal talento Karl (al 22&#8242;), che oltre a segnare ha anche servito a Gnabry la palla del 2-2 (nel recupero del primo tempo). Nella ripresa la squadra di Kompany ha dilagato, con Upamecano (55&#8242;), Kane (60&#8242;), Jackson (78&#8242;) e ancora Olise (84&#8242;). Il Bayern ha sofferto molto le palle da fermo (da l\u00ec sono arrivati i gol del Friburgo), ma ha dimostrato grande pazienza e determinazione, facendo emergere la maggiore qualit\u00e0 tecnica dei singoli. Nel secondo tempo \u00e8 salito in cattedra Olise, coinvolto in tre delle quattro reti dei bavaresi. Il francese, in questa stagione sta dimostrando di aver raggiunto ormai un livello mondiale, avendo fatto registrare gi\u00e0 9 gol e 10 assist in 18 presenze. Soprattutto per\u00f2 \u00e8 il Bayern ad aver impressionato: pur ritrovandosi sotto di due reti non si \u00e8 disunito, restando lo schiacciasassi di sempre.<\/p>\n","protected":false},"excerpt":{"rendered":"Vince anche in rimonta. E mancava solo questo. Il Bayern Monaco sale a quota 31 punti in 11&hellip;\n","protected":false},"author":3,"featured_media":228299,"comment_status":"","ping_status":"","sticky":false,"template":"","format":"standard","meta":{"footnotes":""},"categories":[1452],"tags":[3647,135263,135264,2540,135265,135266,8235,135259,91009,8486,721,2206,1740,56943,1976,135258,1537,90,89,135260,135261,38160,20782,65629,133,54306,14393,15313,16310,13783,1739,245,244,1857,135262,3481],"class_list":{"0":"post-228298","1":"post","2":"type-post","3":"status-publish","4":"format-standard","5":"has-post-thumbnail","7":"category-calcio","8":"tag-amaro","9":"tag-amaro-club","10":"tag-amaro-club-principato","11":"tag-arrivati","12":"tag-arrivati-gol","13":"tag-arrivati-gol-friburgo","14":"tag-assist","15":"tag-barcola","16":"tag-bavaresi","17":"tag-bayern","18":"tag-calcio","19":"tag-chiuso","20":"tag-football","21":"tag-friburgo","22":"tag-gol","23":"tag-havre","24":"tag-it","25":"tag-italia","26":"tag-italy","27":"tag-kompany","28":"tag-kvaratskhelia","29":"tag-ligue","30":"tag-monaco","31":"tag-olise","32":"tag-ormai","33":"tag-pogba","34":"tag-psg","35":"tag-reti","36":"tag-rimonta","37":"tag-ripresa","38":"tag-soccer","39":"tag-sport","40":"tag-sports","41":"tag-squadra","42":"tag-squadra-kompany","43":"tag-vantaggio"},"share_on_mastodon":{"url":"https:\/\/pubeurope.com\/@it\/115598021372478877","error":""},"_links":{"self":[{"href":"https:\/\/www.europesays.com\/it\/wp-json\/wp\/v2\/posts\/228298","targetHints":{"allow":["GET"]}}],"collection":[{"href":"https:\/\/www.europesays.com\/it\/wp-json\/wp\/v2\/posts"}],"about":[{"href":"https:\/\/www.europesays.com\/it\/wp-json\/wp\/v2\/types\/post"}],"author":[{"embeddable":true,"href":"https:\/\/www.europesays.com\/it\/wp-json\/wp\/v2\/users\/3"}],"replies":[{"embeddable":true,"href":"https:\/\/www.europesays.com\/it\/wp-json\/wp\/v2\/comments?post=228298"}],"version-history":[{"count":0,"href":"https:\/\/www.europesays.com\/it\/wp-json\/wp\/v2\/posts\/228298\/revisions"}],"wp:featuredmedia":[{"embeddable":true,"href":"https:\/\/www.europesays.com\/it\/wp-json\/wp\/v2\/media\/228299"}],"wp:attachment":[{"href":"https:\/\/www.europesays.com\/it\/wp-json\/wp\/v2\/media?parent=228298"}],"wp:term":[{"taxonomy":"category","embeddable":true,"href":"https:\/\/www.europesays.com\/it\/wp-json\/wp\/v2\/categories?post=228298"},{"taxonomy":"post_tag","embeddable":true,"href":"https:\/\/www.europesays.com\/it\/wp-json\/wp\/v2\/tags?post=228298"}],"curies":[{"name":"wp","href":"https:\/\/api.w.org\/{rel}","templated":true}]}}