{"id":22910,"date":"2025-08-01T22:22:11","date_gmt":"2025-08-01T22:22:11","guid":{"rendered":"https:\/\/www.europesays.com\/it\/22910\/"},"modified":"2025-08-01T22:22:11","modified_gmt":"2025-08-01T22:22:11","slug":"justin-timberlake-mi-e-stata-diagnosticata-la-malattia-di-lyme","status":"publish","type":"post","link":"https:\/\/www.europesays.com\/it\/22910\/","title":{"rendered":"Justin Timberlake: &#8216;Mi \u00e8 stata diagnosticata la malattia di Lyme&#8217;"},"content":{"rendered":"<p>Dopo la chiusura della tourn\u00e9e mondiale, <strong>Justin<\/strong> <strong>Timberlake<\/strong> ha riflettuto sugli ultimi anni rivelando: &#8220;Mi \u00e8 stata diagnosticata <a data-intcmp=\"skytg24_foglia articolo_interlink_text\" href=\"https:\/\/tg24.sky.it\/salute-e-benessere\/2025\/08\/01\/malattia-lyme-cos-e-sintomi-cura\" rel=\"nofollow noopener\" target=\"_blank\">la malattia di Lyme<\/a>&#8220;. La popstar ha aggiunto: &#8220;Conviverci pu\u00f2 essere inesorabilmente debilitante, sia mentalmente che fisicamente&#8221;.<\/p>\n<p>\t\t \tjustin timberlake sulla diagnosi: &#8220;sono rimasto scioccato&#8221;<\/p>\n<p>Gioved\u00ec 31 luglio <a data-intcmp=\"skytg24_foglia articolo_interlink_text\" href=\"https:\/\/tg24.sky.it\/spettacolo\/musica\/2025\/06\/03\/concerto-justin-timberlake-milano\" rel=\"nofollow noopener\" target=\"_blank\">la popstar statunitense<\/a>\u00a0ha raccontato di aver contratto la malattia di Lyme in un toccante post condiviso sul suo profilo Instagram. L\u2019artista ha ripercorso gli ultimi anni in tour parlando delle emozioni e delle difficolt\u00e0 provate: \u201cOra che questi due anni incredibili sono giunti al termine e mi preparo a guardare al futuro, volevo scrivere qualcosa che venisse dal cuore. Non \u00e8 facile cercare di contestualizzare il turbinio di un tour, ma ci prover\u00f2\u201d.<\/p>\n<p>\u00a0<\/p>\n<p><a data-intcmp=\"skytg24_foglia articolo_interlink_text\" href=\"https:\/\/tg24.sky.it\/spettacolo\/musica\/2024\/10\/09\/justin-timberlake-concerto-infortunio\" rel=\"nofollow noopener\" target=\"_blank\">Justin Timberlake<\/a> ha proseguito: \u201cQuesta \u00e8 stata l&#8217;esperienza pi\u00f9 divertente, emozionante, gratificante, fisicamente impegnativa e, a volte, estenuante. Faccio questo lavoro da pi\u00f9 di trent&#8217;anni anni (il che \u00e8 folle da dire) e ho dato tutto me stesso in questo. Non avrei potuto farcela senza la mia famiglia, i miei amici, i TN Kids e tutto il vostro supporto. Come molti di voi sapranno, sono una persona piuttosto riservata. Ma visto che sto riflettendo sul tour e sui festival, vorrei raccontarvi un po&#8217; cosa mi sta succedendo\u201d.<\/p>\n<p>\t\t\t<a class=\"c-inline-card j-inline-card \" href=\"https:\/\/tg24.sky.it\/salute-e-benessere\/2025\/08\/01\/malattia-lyme-cos-e-sintomi-cura\" rel=\"follow nofollow noopener\" data-intcmp-qp=\"skytg24_articolo_approfondimenti_inline\" target=\"_blank\"><\/p>\n<p>\n\t\t\t         Approfondimento<br \/>\n\t\t\t         Lyme, cos&#8217;\u00e8 la malattia diagnosticata a Justin Timberlake\n\t\t\t      <\/p>\n<p>\t\t\t<\/a><\/p>\n<p>L\u2019artista ha cos\u00ec rivelato: \u201cTra le altre cose, ho lottato contro alcuni problemi di salute e mi \u00e8 stata diagnosticata la malattia di Lyme \u2013 non lo dico per farvi sentire dispiaciuti \u2013 ma per far luce su ci\u00f2 che ho dovuto affrontare dietro le quinte. Se avete sofferto di questa malattia o conoscete qualcuno che l&#8217;ha vissuta, allora ne avete consapevolezza: <strong>conviverci pu\u00f2 essere inesorabilmente debilitante<\/strong>, sia mentalmente che fisicamente. Appena ho ricevuto la diagnosi\u00a0<strong>sono sicuramente rimasto scioccato<\/strong>. Ma almeno potevo capire perch\u00e9 mi trovavo sul palco con un&#8217;enorme quantit\u00e0 di dolori ai nervi o semplicemente sentivo una stanchezza folle o una nausea. <strong>Mi sono trovato davanti a una decisione personale: <\/strong>smettere di andare in tour oppure continuare trovando una soluzione. Ho deciso che la gioia che mi d\u00e0 esibirmi supera di gran lunga lo stress passeggero che il mio corpo stava provando. Sono cos\u00ec contento di aver continuato\u201d.<\/p>\n<p>\t\t\t<a class=\"c-inline-card j-inline-card c-inline-card--with-image\" href=\"https:\/\/tg24.sky.it\/spettacolo\/musica\/2024\/09\/16\/justin-timberlake-processo\" rel=\"follow nofollow noopener\" data-intcmp=\"skytg24_articolo_approfondimenti_inline\" target=\"_blank\"><\/p>\n<p>\t\t\t         <img decoding=\"async\" crossorigin=\"anonymous\" alt=\"\" src=\"https:\/\/www.europesays.com\/it\/wp-content\/uploads\/2025\/08\/00-justin-timberlake-getty.jpg\"  loading=\"lazy\"  bad-src=\"https:\/\/www.europesays.com\/it\/wp-content\/uploads\/2025\/08\/00-justin-timberlake-getty.jpg\"\/><\/p>\n<p>\n\t\t\t         Approfondimento<br \/>\n\t\t\t         Justin Timberlake dopo il processo: &#8220;Se bevete, prendete un taxi&#8221;\n\t\t\t      <\/p>\n<p>\t\t\t<\/a><\/p>\n<p>La voce di Mirrors ha proseguito: &#8220;Non solo ho dimostrato a me stesso la mia tenacia mentale, ma ora ho tanti momenti speciali con tutti voi che non dimenticher\u00f2 mai. <strong>Ero riluttante a parlarne<\/strong> perch\u00e9 sono sempre stato cresciuto tenendo per me certe cose. Ma sto cercando di essere pi\u00f9 trasparente riguardo alle mie difficolt\u00e0, in modo che non vengano fraintese&#8221;.<\/p>\n<p>\u00a0<\/p>\n<p>Infine, Justin Timberlake ha concluso: \u201cSto condividendo tutto questo con la speranza di trovare un modo per essere pi\u00f9 connessi tutti noi. Vorrei fare la mia parte per aiutare anche altre persone che stanno vivendo questa malattia\u201d.<\/p>\n","protected":false},"excerpt":{"rendered":"Dopo la chiusura della tourn\u00e9e mondiale, Justin Timberlake ha riflettuto sugli ultimi anni rivelando: &#8220;Mi \u00e8 stata diagnosticata&hellip;\n","protected":false},"author":3,"featured_media":22911,"comment_status":"","ping_status":"","sticky":false,"template":"","format":"standard","meta":{"footnotes":""},"categories":[1443],"tags":[203,204,1537,90,89,22922,1538,1539],"class_list":{"0":"post-22910","1":"post","2":"type-post","3":"status-publish","4":"format-standard","5":"has-post-thumbnail","7":"category-musica","8":"tag-entertainment","9":"tag-intrattenimento","10":"tag-it","11":"tag-italia","12":"tag-italy","13":"tag-justin-timberlake","14":"tag-music","15":"tag-musica"},"share_on_mastodon":{"url":"","error":""},"_links":{"self":[{"href":"https:\/\/www.europesays.com\/it\/wp-json\/wp\/v2\/posts\/22910","targetHints":{"allow":["GET"]}}],"collection":[{"href":"https:\/\/www.europesays.com\/it\/wp-json\/wp\/v2\/posts"}],"about":[{"href":"https:\/\/www.europesays.com\/it\/wp-json\/wp\/v2\/types\/post"}],"author":[{"embeddable":true,"href":"https:\/\/www.europesays.com\/it\/wp-json\/wp\/v2\/users\/3"}],"replies":[{"embeddable":true,"href":"https:\/\/www.europesays.com\/it\/wp-json\/wp\/v2\/comments?post=22910"}],"version-history":[{"count":0,"href":"https:\/\/www.europesays.com\/it\/wp-json\/wp\/v2\/posts\/22910\/revisions"}],"wp:featuredmedia":[{"embeddable":true,"href":"https:\/\/www.europesays.com\/it\/wp-json\/wp\/v2\/media\/22911"}],"wp:attachment":[{"href":"https:\/\/www.europesays.com\/it\/wp-json\/wp\/v2\/media?parent=22910"}],"wp:term":[{"taxonomy":"category","embeddable":true,"href":"https:\/\/www.europesays.com\/it\/wp-json\/wp\/v2\/categories?post=22910"},{"taxonomy":"post_tag","embeddable":true,"href":"https:\/\/www.europesays.com\/it\/wp-json\/wp\/v2\/tags?post=22910"}],"curies":[{"name":"wp","href":"https:\/\/api.w.org\/{rel}","templated":true}]}}