{"id":229114,"date":"2025-11-23T20:35:11","date_gmt":"2025-11-23T20:35:11","guid":{"rendered":"https:\/\/www.europesays.com\/it\/229114\/"},"modified":"2025-11-23T20:35:11","modified_gmt":"2025-11-23T20:35:11","slug":"evelina-sgarbi-a-verissimo-sul-padre-vittorio-pronta-a-denunciare","status":"publish","type":"post","link":"https:\/\/www.europesays.com\/it\/229114\/","title":{"rendered":"Evelina Sgarbi a Verissimo sul padre Vittorio: \u201cPronta a denunciare\u201d"},"content":{"rendered":"<p style=\"font-weight: 400\">La tensione che da mesi attraversa il rapporto tra <strong>Evelina Sgarbi<\/strong> e suo padre Vittorio continua a muoversi come una corrente sotterranea che ogni tanto riaffiora in pubblico. Dopo le ultime apparizioni televisive del critico d\u2019arte, Evelina \u00e8 tornata nel salotto di Silvia Toffanin, a Verissimo, per commentare la situazione e, soprattutto, ci\u00f2 che ha visto nell\u2019ospitata pi\u00f9 recente del padre.<\/p>\n<p style=\"font-weight: 400\" data-start=\"638\" data-end=\"1087\">Nelle sue parole convivono due emozioni che negli ultimi tempi si sono alternate spesso: la <strong>preoccupazione e una rabbia crescente.<\/strong> Preoccupazione per lo stato di salute di Vittorio, ma anche rabbia nei confronti di chi, a suo dire, si starebbe approfittando di lui in un momento di fragilit\u00e0. Una rabbia che la spinge ormai a voler <strong>intervenire<\/strong> in maniera netta.<\/p>\n<p><strong>Verissimo, Evelina Sgarbi furiosa: \u201cPronta a denunciare\u201d<\/strong><\/p>\n<p style=\"font-weight: 400\">Dopo l\u2019ultima apparizione televisiva di suo padre Vittorio, <a href=\"https:\/\/dilei.it\/vip\/alba-evelina-figlie-vittorio-sgarbi\/598882\/\" rel=\"nofollow noopener\" target=\"_blank\">Evelina Sgarbi<\/a> \u00e8 tornata a parlare ai microfoni di Verissimo davanti a Silvia Toffanin.<\/p>\n<p style=\"font-weight: 400\">Visibilmente scossa, Evelina ha ammesso che ci\u00f2 che ha visto l\u2019ha <strong>ferita profondamente<\/strong>. Se fino a poco tempo fa era la preoccupazione a guidare le sue parole, oggi \u00e8 un sentimento molto pi\u00f9 acceso a prendere il sopravvento. A pesare, secondo lei, \u00e8 stata soprattutto la presentazione dell\u2019ultimo libro di Vittorio e il modo in cui \u00e8 stato mostrato al pubblico.<\/p>\n<p style=\"font-weight: 400\" data-start=\"1816\" data-end=\"2056\">\u201c<strong>Oggi sono arrabbiata<\/strong>, che lo step successivo alla preoccupazione. \u00c8 stato schifoso, qualcosa di simile allo sfruttamento. Temo per la sua vita ora, nemmeno pi\u00f9 per la sua salute\u201d spiega Evelina a <a href=\"https:\/\/dilei.it\/star-e-vip\/silvia-toffanin\/\" rel=\"nofollow noopener\" target=\"_blank\">Silvia Toffanin<\/a> mentre commenta l\u2019ospitata.<\/p>\n<p style=\"font-weight: 400\" data-start=\"2058\" data-end=\"2196\">Una rabbia che nasce anche dall\u2019immagine di un padre che, secondo lei, non avrebbe mai voluto essere portato in tv in quelle condizioni: \u201cPer pubblicizzare un libro non si pu\u00f2 mandare in televisione una persona che <strong>non riesce a parlare<\/strong>. Impassibile a tutto. Vedere l\u2019intervista mi ha fatto un<strong> mix di disgusto e di pena<\/strong>\u201d.<\/p>\n<p style=\"font-weight: 400\">A preoccupare Evelina \u00e8 anche il trattamento sanitario che sostiene stia facendo, un\u2019informazione su cui dichiara di non aver mai ricevuto chiarezza: \u201cHo sentito che <strong>sta facendo una terapia al litio<\/strong>, che ovviamente ti <strong>appiattisce l\u2019umore.<\/strong> Anche in questa intervista \u00e8 appiattito umore, mimica facciale\u201d.<\/p>\n<p style=\"font-weight: 400\">Secondo lei, il<a href=\"https:\/\/dilei.it\/star-e-vip\/vittorio-sgarbi\/\" rel=\"nofollow noopener\" target=\"_blank\"> Vittorio Sgarbi<\/a> che il pubblico ha visto non \u00e8 quello che avrebbe scelto di mostrarsi, e proprio per questo sente <strong>l\u2019urgenza di intervenire<\/strong>. In attesa della <a href=\"https:\/\/dilei.it\/vip\/evelina-sgarbi-tribunale-critica-giudice\/1924763\/\" rel=\"nofollow noopener\" target=\"_blank\">decisione del giudice<\/a> sulla sua richiesta di affiancamento, Evelina non vuole pi\u00f9 restare in silenzio.<\/p>\n<p style=\"font-weight: 400\" data-start=\"2995\" data-end=\"3196\">\u201cIo sono furiosa, ora sono <strong>pronta a denunciare tutti<\/strong>. Voglio sapere cosa stanno facendo a mio padre e tirarlo via dalle persone con cui sta adesso. Per me \u00e8 <strong>circonvenzione di incapace<\/strong>, maltrattamenti\u201d.<\/p>\n<p style=\"font-weight: 400\" data-start=\"3198\" data-end=\"3412\">Dopo mesi di dubbi e tentativi di avvicinamento, oggi chiede trasparenza totale: capire quali terapie stia seguendo, quali farmaci gli vengano prescritti e per quale motivo non le vengano fornite risposte chiare. \u201cDicono che non c\u2019\u00e8 nulla da nascondere ma non mi dicono che medicine prende.\u201d<\/p>\n<p><strong>Evelina sulla lettera di Sabrina Colle: \u201cApprofittatrice\u201d<\/strong><\/p>\n<p style=\"font-weight: 400\">Nel corso dell\u2019intervista a Verissimo, Evelina Sgarbi ha commentato anche<strong> la lettera<\/strong> che<a href=\"https:\/\/dilei.it\/vip\/sabrina-colle-chi\/1639585\/\" rel=\"nofollow noopener\" target=\"_blank\"> Sabrina Colle<\/a>, storica compagna di Vittorio e futura moglie, ha inviato a Novella 2000. Dichiarazioni che hanno provocato in Evelina una reazione sempre pi\u00f9 netta.<\/p>\n<p style=\"font-weight: 400\">\u201cNon hai bisogno di spiegare queste cose per giustificarti se sono normali. Sono stufa di queste cose pietose. Lei quando io ero piccola non c\u2019era mai. Ogni tanto si faceva vedere, ma lui al tempo aveva anche un\u2019altra con cui era anche pi\u00f9 sereno\u201d ha commentato la figlia di Sgarbi sottolineando ancora una volta di <strong>non vedere di buon occhio<\/strong> Sabrina Colle.<\/p>\n<p style=\"font-weight: 400\">Parole, quelle della lettera, che hanno toccato un nervo scoperto, soprattutto perch\u00e9 rimettono al centro un rapporto mai davvero costruito e un passato familiare gi\u00e0 complesso. Per Evelina, infatti, la lettera non sarebbe altro che un tentativo di ribaltare la narrazione e mettere a tacere le sue preoccupazioni, motivo per cui non nasconde un giudizio durissimo nei suoi confronti considerandola \u201c<strong>approfittatrice fatta e finita<\/strong>\u201d.<\/p>\n<p>Resta sempre aggiornata:\u00a0<a href=\"https:\/\/www.whatsapp.com\/channel\/0029Vb68mVyHVvTWezDm7d0R\" rel=\"nofollow noopener\" target=\"_blank\">iscriviti al nostro canale WhatsApp!<\/a><\/p>\n","protected":false},"excerpt":{"rendered":"La tensione che da mesi attraversa il rapporto tra Evelina Sgarbi e suo padre Vittorio continua a muoversi&hellip;\n","protected":false},"author":3,"featured_media":229115,"comment_status":"","ping_status":"","sticky":false,"template":"","format":"standard","meta":{"footnotes":""},"categories":[174],"tags":[203,204,1537,90,89,214,22839,29146],"class_list":{"0":"post-229114","1":"post","2":"type-post","3":"status-publish","4":"format-standard","5":"has-post-thumbnail","7":"category-intrattenimento","8":"tag-entertainment","9":"tag-intrattenimento","10":"tag-it","11":"tag-italia","12":"tag-italy","13":"tag-spettacolo","14":"tag-verissimo","15":"tag-vittorio-sgarbi"},"share_on_mastodon":{"url":"https:\/\/pubeurope.com\/@it\/115600931338410989","error":""},"_links":{"self":[{"href":"https:\/\/www.europesays.com\/it\/wp-json\/wp\/v2\/posts\/229114","targetHints":{"allow":["GET"]}}],"collection":[{"href":"https:\/\/www.europesays.com\/it\/wp-json\/wp\/v2\/posts"}],"about":[{"href":"https:\/\/www.europesays.com\/it\/wp-json\/wp\/v2\/types\/post"}],"author":[{"embeddable":true,"href":"https:\/\/www.europesays.com\/it\/wp-json\/wp\/v2\/users\/3"}],"replies":[{"embeddable":true,"href":"https:\/\/www.europesays.com\/it\/wp-json\/wp\/v2\/comments?post=229114"}],"version-history":[{"count":0,"href":"https:\/\/www.europesays.com\/it\/wp-json\/wp\/v2\/posts\/229114\/revisions"}],"wp:featuredmedia":[{"embeddable":true,"href":"https:\/\/www.europesays.com\/it\/wp-json\/wp\/v2\/media\/229115"}],"wp:attachment":[{"href":"https:\/\/www.europesays.com\/it\/wp-json\/wp\/v2\/media?parent=229114"}],"wp:term":[{"taxonomy":"category","embeddable":true,"href":"https:\/\/www.europesays.com\/it\/wp-json\/wp\/v2\/categories?post=229114"},{"taxonomy":"post_tag","embeddable":true,"href":"https:\/\/www.europesays.com\/it\/wp-json\/wp\/v2\/tags?post=229114"}],"curies":[{"name":"wp","href":"https:\/\/api.w.org\/{rel}","templated":true}]}}