{"id":229572,"date":"2025-11-24T05:02:35","date_gmt":"2025-11-24T05:02:35","guid":{"rendered":"https:\/\/www.europesays.com\/it\/229572\/"},"modified":"2025-11-24T05:02:35","modified_gmt":"2025-11-24T05:02:35","slug":"ferrara-grazie-jannik-per-la-fiducia-e-per-questo-cammino-lo-sport-e-gioia-e-dolori","status":"publish","type":"post","link":"https:\/\/www.europesays.com\/it\/229572\/","title":{"rendered":"Ferrara: &#8220;Grazie Jannik per la fiducia e per questo cammino, lo sport \u00e8 gioia e dolori&#8221;"},"content":{"rendered":"<p>Il preparatore fisico ha affidato a un post Instagram le sue riflessioni dopo la fine della stagione 2025, che lo ha visto tornare nel team di Jannik Sinner dopo l\u2019allontanamento in seguito al caso Clostebol<\/p>\n<p><img data-lazyloaded=\"1\" fetchpriority=\"high\" decoding=\"async\" width=\"1024\" height=\"683\" src=\"https:\/\/www.europesays.com\/it\/wp-content\/uploads\/2025\/11\/567A3569-min-1024x683.jpg\" alt=\"\" class=\"wp-image-107809\"  data-\/>Foto di Felice Calabr\u00f2<\/p>\n<p>Un fotogramma che racconta tanto, un momento inciso nella vita personale e professionale di <strong>Umberto Ferrara<\/strong>. Jannik Sinner ha appena vinto le ATP Finals e ha raggiunto il suo team, ed \u00e8 in quel momento che abbracciando l\u2019altoatesino il preparatore fisico \u00e8 scoppiato in lacrime, per un successo che \u2013 per lui \u2013 valeva forse di pi\u00f9 che per gli altri. Ferrara \u00e8 tornato a far parte del team di Sinner dallo scorso luglio, dopo che dodici mesi prima era stato allontanato in seguito al caso Clostebol che aveva visto coinvolto lui e il fisioterapista Giacomo Naldi. Lacrime che sanno di riscatto per Ferrara, che tramite un lungo post pubblicato su Instagram ha voluto ringraziare pubblicamente Sinner per gli ultimi mesi (senza dimenticare la parentesi di inizio stagione con Matteo Berrettini).<\/p>\n<p>Di seguito il testo integrale pubblicato dal preparatore fisico:\u00f9<\/p>\n<p>\u201cVivo nello sport da tantissimi anni ma non smetter\u00f2 mai di sorprendermi di quanto sia bello. Lo sport \u00e8 impegno, dedizione, sacrificio; \u00e8 emozione, sorrisi, lacrime; \u00e8 vittoria e sconfitta, gioia e delusione; \u00e8 confronto con se stessi e con gli altri; \u00e8 voglia di migliorarsi, capacit\u00e0 di analisi, fiducia nel lavoro; \u00e8 sofferenza nei momenti bui che ti lasciano dentro un dolore difficile da metabolizzare, ma \u00e8 anche credere nella possibilit\u00e0 di rialzarsi e ripartire con entusiasmo. Difficile condensare tutto in un post. Questa stagione (aperta con la collaborazione con Matteo, che ringrazio di cuore) mi lascia dentro tanti momenti indimenticabili, che ho avuto la fortuna di condividere con un team fantastico. Grazie a tutti loro ma , soprattutto , grazie a Jannik per la fiducia e per la bellezza di questo percorso comune\u201d<\/p>\n<blockquote class=\"instagram-media\" data-instgrm-captioned=\"\" data-instgrm-permalink=\"https:\/\/www.instagram.com\/p\/DRXKjgHCHht\/?utm_source=ig_embed&amp;utm_campaign=loading\" data-instgrm-version=\"14\" style=\" background:#FFF; border:0; border-radius:3px; box-shadow:0 0 1px 0 rgba(0,0,0,0.5),0 1px 10px 0 rgba(0,0,0,0.15); margin: 1px; max-width:540px; min-width:326px; padding:0; width:99.375%; width:-webkit-calc(100% - 2px); width:calc(100% - 2px);\"\/><p>  <script async src=\"\/\/www.instagram.com\/embed.js\"><\/script><\/p>\n","protected":false},"excerpt":{"rendered":"Il preparatore fisico ha affidato a un post Instagram le sue riflessioni dopo la fine della stagione 2025,&hellip;\n","protected":false},"author":3,"featured_media":229573,"comment_status":"","ping_status":"","sticky":false,"template":"","format":"standard","meta":{"footnotes":""},"categories":[1457],"tags":[1537,90,89,1717,245,244,1273,5574],"class_list":{"0":"post-229572","1":"post","2":"type-post","3":"status-publish","4":"format-standard","5":"has-post-thumbnail","7":"category-tennis","8":"tag-it","9":"tag-italia","10":"tag-italy","11":"tag-jannik-sinner","12":"tag-sport","13":"tag-sports","14":"tag-tennis","15":"tag-umberto-ferrara"},"share_on_mastodon":{"url":"https:\/\/pubeurope.com\/@it\/115602925073030232","error":""},"_links":{"self":[{"href":"https:\/\/www.europesays.com\/it\/wp-json\/wp\/v2\/posts\/229572","targetHints":{"allow":["GET"]}}],"collection":[{"href":"https:\/\/www.europesays.com\/it\/wp-json\/wp\/v2\/posts"}],"about":[{"href":"https:\/\/www.europesays.com\/it\/wp-json\/wp\/v2\/types\/post"}],"author":[{"embeddable":true,"href":"https:\/\/www.europesays.com\/it\/wp-json\/wp\/v2\/users\/3"}],"replies":[{"embeddable":true,"href":"https:\/\/www.europesays.com\/it\/wp-json\/wp\/v2\/comments?post=229572"}],"version-history":[{"count":0,"href":"https:\/\/www.europesays.com\/it\/wp-json\/wp\/v2\/posts\/229572\/revisions"}],"wp:featuredmedia":[{"embeddable":true,"href":"https:\/\/www.europesays.com\/it\/wp-json\/wp\/v2\/media\/229573"}],"wp:attachment":[{"href":"https:\/\/www.europesays.com\/it\/wp-json\/wp\/v2\/media?parent=229572"}],"wp:term":[{"taxonomy":"category","embeddable":true,"href":"https:\/\/www.europesays.com\/it\/wp-json\/wp\/v2\/categories?post=229572"},{"taxonomy":"post_tag","embeddable":true,"href":"https:\/\/www.europesays.com\/it\/wp-json\/wp\/v2\/tags?post=229572"}],"curies":[{"name":"wp","href":"https:\/\/api.w.org\/{rel}","templated":true}]}}