{"id":229945,"date":"2025-11-24T11:12:23","date_gmt":"2025-11-24T11:12:23","guid":{"rendered":"https:\/\/www.europesays.com\/it\/229945\/"},"modified":"2025-11-24T11:12:23","modified_gmt":"2025-11-24T11:12:23","slug":"maurizio-sella-chi-era-il-banchiere-che-rinuncio-a-una-carriera-nello-sci-e-aveva-un-motto-moralita-e-longevita","status":"publish","type":"post","link":"https:\/\/www.europesays.com\/it\/229945\/","title":{"rendered":"Maurizio Sella, chi era il banchiere che rinunci\u00f2 a una carriera nello sci e aveva un motto: \u00abMoralit\u00e0 \u00e8 longevit\u00e0\u00bb"},"content":{"rendered":"<p>    di<br \/>\n    Andrea Rinaldi<\/p>\n<p class=\"summary-art is-line-h-12 is-mr-t-20\">Dagli inizi come capo contabile alla passione per la tecnologia. Morto a 83 anni l\u2019ex presidente dell\u2019Abi per quattro mandati consecutivi<\/p>\n<p class=\"chapter-paragraph\">Nella notte tra sabato 22 e domenica 23 novembre <a href=\"https:\/\/www.corriere.it\/economia\/finanza\/25_novembre_23\/morto-maurizio-sella-ha-guidato-la-banca-per-sessant-anni-eae3fb89-58df-4091-afab-d2b499ca4xlk.shtml\" title=\"Morto Maurizio Sella, alla guida della banca di famiglia per sessant&#039;anni: \u00abHa cominciato allo sportello, \u00e8 diventato ad\u00bb\" rel=\"nofollow noopener\" target=\"_blank\">si \u00e8 spento all\u2019et\u00e0 di 83 anni Maurizio Sella<\/a>, a causa di una malattia che a partire da dopo l\u2019estate si \u00e8 improvvisamente e rapidamente aggravata. Cavaliere del Lavoro, a lungo presidente dello storico gruppo bancario, vi era entrato a 24 anni subito dopo la laurea a Torino in Economia per prendervi servizio come \u00absportellista\u00bb, sotto la guida dello zio Giorgio e del padre Ernesto. Poteva avviarsi a una carriera olimpica nello sci, ma avrebbe dovuto interrompere gli studi, per cui vi rinunci\u00f2.\u00a0<b>Oggi l\u2019istituto biellese conta 1,5 milioni di clienti e un utile netto consolidato di 132,2 milioni di euro nei primi nove mesi del 2025.<\/b> Se ci\u00f2 \u00e8 avvenuto, \u00e8 perch\u00e9 Maurizio Sella si \u00e8 sempre prodigato a tenere unita la famiglia e l\u2019impresa, facendo suo quel motto che aveva appreso nell\u2019associazione delle famiglie imprenditoriali d\u2019Europa: \u00abmorality is longevity\u00bb.<\/p>\n<p>    La dinastia<\/p>\n<p class=\"chapter-paragraph\">La dinastia dei Sella perde un suo esponente illustre, un uomo che ha fatto crescere l\u2019omonima banca custodendone al contempo l\u2019identit\u00e0 negli anni del risiko bancario e aggiornandola ai nuovi dettami \u00abtech\u00bb. Fino all\u2019ultimo momento, anche in questi giorni di sofferenza fisica, ha dedicato ogni singolo istante a lavorare per l\u2019azienda e per la famiglia. Oggi \u2014 ha ricordato il primogenito e ceo Pietro Sella (l\u2019altro \u00e8 Federico, a capo del private), anche a nome dei familiari, dei consigli d\u2019amministrazione e dei colleghi di tutte le societ\u00e0 del gruppo \u2014 <b>ci lascia colui a cui dobbiamo il successo del gruppo in cui lavoriamo e un grande esempio di dedizione, saggezza, lungimiranza e imprenditorialit\u00e0\u00bb.<\/b> Con Sella infatti non se ne va solo un banchiere vecchio stampo, uno degli ultimi \u00abdi famiglia\u00bb in Italia, ma anche un patrimonio culturale al servizio delle istituzioni e della societ\u00e0. Ha ragione il presidente Abi, <b>Antonio Patuelli, quando dice la sua scomparsa \u00abpriva il mondo bancario di uno dei pi\u00f9 prestigiosi punti di riferimento\u00bb.<\/b>    &#13;<br \/>\n&#13;<br \/>\n&#13;<br \/>\n&#13;<br \/>\n&#13;<br \/>\n&#13;<br \/>\n&#13;<br \/>\n&#13;<br \/>\n&#13;<br \/>\n&#13;<br \/>\n&#13;<br \/>\n&#13;<br \/>\n&#13;<br \/>\n&#13;<br \/>\n&#13;<br \/>\n&#13;<br \/>\n&#13;<br \/>\n&#13;<br \/>\n&#13;<br \/>\n&#13;<br \/>\n&#13;<br \/>\n&#13;<br \/>\n&#13;<br \/>\n&#13;<br \/>\n&#13;<br \/>\n&#13;<br \/>\n&#13;<br \/>\n&#13;<br \/>\n&#13;<br \/>\n&#13;<br \/>\n&#13;<br \/>\n&#13;<br \/>\n&#13;<br \/>\n&#13;<br \/>\n&#13;<br \/>\n&#13;<br \/>\n&#13;<br \/>\n&#13;<br \/>\n&#13;<br \/>\n&#13;<br \/>\n&#13;<br \/>\n&#13;<br \/>\n&#13;<br \/>\n&#13;<br \/>\n&#13;<br \/>\n&#13;<br \/>\n&#13;<br \/>\n&#13;<br \/>\n&#13;<br \/>\n&#13;<br \/>\n&#13;<br \/>\n&#13;<br \/>\n&#13;\n<\/p>\n<p>    \u00abIl cliente ci d\u00e0 il pane\u00bb<\/p>\n<p class=\"chapter-paragraph\">Sin dallo sportello, infatti, <b>Sella ha \u00abrespirato l\u2019amore per \u00abil cliente che ci d\u00e0 il pane\u00bb, come dicevano i figli del fondatore Venanzio e Riccardo<\/b>, e come ha confidato a Beppe Ghisolfi nel suo Banchieri (Aragno). Ma anche quello per l\u2019impresa di famiglia, attraverso i documenti che il padre portava con s\u00e9 dal lavoro, e che Sella leggeva una volta tornato a casa da scuola <b>prima di tuffarsi sul Corriere della Sera e su La Stampa (\u00absono sempre stato un avido lettore\u00bb)<\/b>. Da giovane capo contabile, nel 1971 ebbe l\u2019intuizione di far comprare alla banca un nuovo centro elettronico per migliorarne l\u2019efficienza e questa sua <b>predilezione per la tecnologia si riverber\u00f2 nella sua nomina negli anni \u201880 alla Societ\u00e0 Interbancaria per l\u2019Automazione<\/b> su volere di Bankitalia. La propensione all&#8217;innovazione, del resto, \u00e8 sempre stata una caratteristica di famiglia, in primo luogo nata come dinastia laniera nel lontano Cinquecento. Nel frattempo Sella era diventato amministratore delegato (1974) e nel 2000 assunse la carica di presidente di Sella Holding , ruolo lasciato poi ad aprile. Resse anche per quattro mandati l\u2019Associazione bancaria italiana, la Confindustria delle banche, dal 1998 al 2006, e la presidenza dei Cavalieri del Lavoro.<\/p>\n<p>    Le origini della banca con Quintino Sella<\/p>\n<p class=\"chapter-paragraph\">Oggi l\u2019istituto biellese \u2014 che origin\u00f2 da un nipote di Quintino Sella, ministro di Vittorio Emanuele III \u2014 conta 1,5 milioni di clienti, 6.700 dipendenti e fa parte dell\u2019Aidaf, l\u2019Associazione italiana delle aziende familiari. \u00abPerdo un amico vero, un uomo con cui ho condiviso negli anni un rapporto di grande stima, affetto e sincera amicizia\u00bb, afferma il ministro dell\u2019Ambiente e suo concittadino Gilberto Pichetto. Per il ministro delle imprese Adolfo Urso Sella ha dato \u00abun contributo significativo allo sviluppo economico del Paese\u00bb.<br \/><b>I funerali si terranno marted\u00ec 26 novembre <\/b>alle 10.30 al Duomo di Biella.<\/p>\n<p><a href=\"https:\/\/www.corriere.it\/app-economia\/?intcmp=DL-app_nd_011024_corriere_ss_conomia\" target=\"_blank\" class=\"bck-app-banner\" rel=\"nofollow noopener\"><img decoding=\"async\" class=\"bck-app-img\" src=\"https:\/\/www.europesays.com\/it\/wp-content\/uploads\/2025\/08\/1756449670_863_app.png\"\/><\/p>\n<p>Nuova app <strong>L&#8217;Economia<\/strong>. News, approfondimenti e l&#8217;assistente virtuale al tuo servizio.<\/p>\n<p>SCARICA L&#8217; APP<\/p>\n<p><img decoding=\"async\" src=\"https:\/\/www.europesays.com\/it\/wp-content\/uploads\/2025\/07\/eco.png\"\/><\/a><\/p>\n<p>Iscriviti alle <a href=\"https:\/\/www.corriere.it\/newsletter\/?theme=4\" rel=\"nofollow noopener\" target=\"_blank\">newsletter de L&#8217;Economia<\/a>. Analisi e commenti sui principali avvenimenti\u00a0economici a cura delle firme del Corriere.<\/p>\n<p class=\"is-last-update\" datetime=\"2025-11-24T07:59:25+01:00\">24 novembre 2025<\/p>\n<p class=\"is-copyright\">\n            \u00a9 RIPRODUZIONE RISERVATA\n        <\/p>\n","protected":false},"excerpt":{"rendered":"di Andrea Rinaldi Dagli inizi come capo contabile alla passione per la tecnologia. Morto a 83 anni l\u2019ex&hellip;\n","protected":false},"author":3,"featured_media":229946,"comment_status":"","ping_status":"","sticky":false,"template":"","format":"standard","meta":{"footnotes":"","_share_on_mastodon":"0"},"categories":[172],"tags":[6697,178,2332,1421,42836,65502,50127,177,777,136260,1902,26105,136261,136262,665,4023,136263,130698,2878,136264,11012,1909,6055,3264,1196,136265,1537,90,4945,89,46569,16491,135440,8174,7030,3608,25275,135,136266,136267,136268,136269,42644,57520,136270,669,1359],"class_list":["post-229945","post","type-post","status-publish","format-standard","has-post-thumbnail","category-affari","tag-abi","tag-affari","tag-associazione","tag-banca","tag-bancario","tag-banchiere","tag-biellese","tag-business","tag-capo","tag-capo-contabile","tag-carriera","tag-cliente","tag-cliente-da","tag-cliente-da-pane","tag-clienti","tag-conta","tag-conta-clienti","tag-contabile","tag-da","tag-da-pane","tag-dinastia","tag-famiglia","tag-familiari","tag-impresa","tag-istituto","tag-istituto-biellese","tag-it","tag-italia","tag-italiana","tag-italy","tag-mandati","tag-maurizio","tag-maurizio-sella","tag-motto","tag-novembre","tag-padre","tag-pane","tag-presidente","tag-presidente-abi","tag-quintino","tag-quintino-sella","tag-rinuncio","tag-sci","tag-sella","tag-sella-banchiere","tag-servizio","tag-societa"],"share_on_mastodon":{"url":"","error":"Validation failed: Text character limit of 500 exceeded"},"_links":{"self":[{"href":"https:\/\/www.europesays.com\/it\/wp-json\/wp\/v2\/posts\/229945","targetHints":{"allow":["GET"]}}],"collection":[{"href":"https:\/\/www.europesays.com\/it\/wp-json\/wp\/v2\/posts"}],"about":[{"href":"https:\/\/www.europesays.com\/it\/wp-json\/wp\/v2\/types\/post"}],"author":[{"embeddable":true,"href":"https:\/\/www.europesays.com\/it\/wp-json\/wp\/v2\/users\/3"}],"replies":[{"embeddable":true,"href":"https:\/\/www.europesays.com\/it\/wp-json\/wp\/v2\/comments?post=229945"}],"version-history":[{"count":0,"href":"https:\/\/www.europesays.com\/it\/wp-json\/wp\/v2\/posts\/229945\/revisions"}],"wp:featuredmedia":[{"embeddable":true,"href":"https:\/\/www.europesays.com\/it\/wp-json\/wp\/v2\/media\/229946"}],"wp:attachment":[{"href":"https:\/\/www.europesays.com\/it\/wp-json\/wp\/v2\/media?parent=229945"}],"wp:term":[{"taxonomy":"category","embeddable":true,"href":"https:\/\/www.europesays.com\/it\/wp-json\/wp\/v2\/categories?post=229945"},{"taxonomy":"post_tag","embeddable":true,"href":"https:\/\/www.europesays.com\/it\/wp-json\/wp\/v2\/tags?post=229945"}],"curies":[{"name":"wp","href":"https:\/\/api.w.org\/{rel}","templated":true}]}}