{"id":230006,"date":"2025-11-24T12:11:11","date_gmt":"2025-11-24T12:11:11","guid":{"rendered":"https:\/\/www.europesays.com\/it\/230006\/"},"modified":"2025-11-24T12:11:11","modified_gmt":"2025-11-24T12:11:11","slug":"grave-un-28enne-trovati-8-bossoli","status":"publish","type":"post","link":"https:\/\/www.europesays.com\/it\/230006\/","title":{"rendered":"grave un 28enne. Trovati 8 bossoli"},"content":{"rendered":"<p>Una sventagliata di colpi di pistola e un uomo di 28 anni in una pozza di sangue. Poi la corsa in ospedale e adesso le indagini. Si torna a sparare a Roma, in zona Don Bosco, tra via Quinto Pedio e via via Licinio Stolone.<\/p>\n<p>Il fatto di sangue si \u00e8 consumato poco dopo le 23:30, nella notte tra domenica 23 novembre e luned\u00ec 24. A dare l&#8217;allarme alcuni residenti che hanno udito la raffica di colpi. Almeno 8 quelli esplosi, tanti come i bossoli trovati dalla squadra della polizia scientifica giunta sul posto. Insieme ai rumori degli spari anche le urla e quelli degli pneumatici, pronti a sgommare.<\/p>\n<p>Corsa in ospedale<\/p>\n<p>Poco dopo, al policlinico Casilino, \u00e8 arrivato un ragazzo di 28 anni. L&#8217;uomo, soccorso dai medici, \u00e8 stato operato. \u00c8 in gravi condizioni. A lasciarlo l\u00ec verosimilmente sarebbero stati dei suoi amici. Sul caso adesso indaga la squadra mobile di Roma della polizia di Stato. La vittima \u00e8 nota agli investigatori per questioni legate alla detenzione di armi e di droga. Chi ha sparato di certo voleva ucciderlo. Ha detto agli investigatori che qualcuno avrebbe voluto rapinarlo. Una versione al vaglio che non convincerebbe del tutto.<\/p>\n<p>Indagini e rilievi<\/p>\n<p>Il sopralluogo della polizia, durato fino all&#8217;alba di oggi, ha permesso di riscontrare la presenza di 8 bossoli, tutti repertati, di due auto con fori trovati nelle rispettive fiancate e una Fiat Panda con i finestrini infranti. Le indagini sono in corso.<\/p>\n<p>         &#13;<br \/>\n  &#13;<br \/>\n    &#13;<br \/>\n      &#13;<br \/>\n    &#13;<br \/>\n    <strong>1<\/strong> minuti di lettura   &#13;<\/p>\n","protected":false},"excerpt":{"rendered":"Una sventagliata di colpi di pistola e un uomo di 28 anni in una pozza di sangue. Poi&hellip;\n","protected":false},"author":3,"featured_media":35036,"comment_status":"","ping_status":"","sticky":false,"template":"","format":"standard","meta":{"footnotes":""},"categories":[79],"tags":[14,93,94,1537,90,89,7,15,8201,11,84,91,12,85,92],"class_list":{"0":"post-230006","1":"post","2":"type-post","3":"status-publish","4":"format-standard","5":"has-post-thumbnail","7":"category-italia","8":"tag-cronaca","9":"tag-cronaca-italiana","10":"tag-cronacaitaliana","11":"tag-it","12":"tag-italia","13":"tag-italy","14":"tag-news","15":"tag-notizie","16":"tag-spari","17":"tag-ultime-notizie","18":"tag-ultime-notizie-e-news-di-oggi","19":"tag-ultime-notizie-italia","20":"tag-ultimenotizie","21":"tag-ultimenotizieenewsdioggi","22":"tag-ultimenotizieitalia"},"share_on_mastodon":{"url":"https:\/\/pubeurope.com\/@it\/115604612147495273","error":""},"_links":{"self":[{"href":"https:\/\/www.europesays.com\/it\/wp-json\/wp\/v2\/posts\/230006","targetHints":{"allow":["GET"]}}],"collection":[{"href":"https:\/\/www.europesays.com\/it\/wp-json\/wp\/v2\/posts"}],"about":[{"href":"https:\/\/www.europesays.com\/it\/wp-json\/wp\/v2\/types\/post"}],"author":[{"embeddable":true,"href":"https:\/\/www.europesays.com\/it\/wp-json\/wp\/v2\/users\/3"}],"replies":[{"embeddable":true,"href":"https:\/\/www.europesays.com\/it\/wp-json\/wp\/v2\/comments?post=230006"}],"version-history":[{"count":0,"href":"https:\/\/www.europesays.com\/it\/wp-json\/wp\/v2\/posts\/230006\/revisions"}],"wp:featuredmedia":[{"embeddable":true,"href":"https:\/\/www.europesays.com\/it\/wp-json\/wp\/v2\/media\/35036"}],"wp:attachment":[{"href":"https:\/\/www.europesays.com\/it\/wp-json\/wp\/v2\/media?parent=230006"}],"wp:term":[{"taxonomy":"category","embeddable":true,"href":"https:\/\/www.europesays.com\/it\/wp-json\/wp\/v2\/categories?post=230006"},{"taxonomy":"post_tag","embeddable":true,"href":"https:\/\/www.europesays.com\/it\/wp-json\/wp\/v2\/tags?post=230006"}],"curies":[{"name":"wp","href":"https:\/\/api.w.org\/{rel}","templated":true}]}}