{"id":230223,"date":"2025-11-24T15:30:41","date_gmt":"2025-11-24T15:30:41","guid":{"rendered":"https:\/\/www.europesays.com\/it\/230223\/"},"modified":"2025-11-24T15:30:41","modified_gmt":"2025-11-24T15:30:41","slug":"capello-dalla-red-bull-alla-ef-in-cerca-di-spazio-per-emergere","status":"publish","type":"post","link":"https:\/\/www.europesays.com\/it\/230223\/","title":{"rendered":"Capello: dalla Red Bull alla EF in cerca di spazio per emergere"},"content":{"rendered":"<p class=\"\">Roberto Capello si trova in ritiro in Spagna, pi\u00f9 precisamente a Girona, citt\u00e0 ormai fulcro del ciclismo nei mesi invernali. <strong>La notizia, per\u00f2, \u00e8 che il giovane piemontese classe 2007 \u00e8 insieme alla <a href=\"https:\/\/www.efprocycling.com\/\" target=\"_blank\" rel=\"noreferrer noopener nofollow\">EF Education EasyPost<\/a><\/strong>. Infatti Capello, dopo una sola stagione con il <a href=\"https:\/\/www.facebook.com\/GrenkeAutoEder\/?locale=it_IT\" target=\"_blank\" rel=\"noreferrer noopener nofollow\">Team Grenke Auto-Eder<\/a>, passer\u00e0 under 23 con il devo team della formazione americana. <strong>Un cambio di maglia non del tutto inaspettato, le voci sul suo futuro avevano gi\u00e0 iniziato a girare la scorsa estate<\/strong>. Ora che per\u00f2 tutto \u00e8 stato definito siamo venuti dallo stesso <a href=\"https:\/\/bici.pro\/news\/giovani\/kigali-alleuropeo-capello-tra-viaggi-allenamenti-riposo\/\" target=\"_blank\" rel=\"noreferrer noopener nofollow\">Roberto Capello<\/a> incuriositi da questa scelta (in apertura Photors.it).\u00a0<\/p>\n<p class=\"\">\u00abIn questo mini ritiro di inizio stagione \u2013 ci racconta Capello \u2013 <strong>mi sono gi\u00e0 fatto una prima impressione della nuova realt\u00e0 in cui sono arrivato<\/strong>. Abbiamo avuto anche modo di pedalare e prendere le misure con i materiali del prossimo anno\u00bb.<\/p>\n<p><img loading=\"lazy\" decoding=\"async\" width=\"1009\" height=\"500\" src=\"data:image\/svg+xml,%3Csvg%20xmlns=\" http:=\"\" alt=\"Roberto Capello, Italia, europeo juniores 2025 (Philippe Pradier\/DirectVelo)\" class=\"wp-image-444469\" data-lazy- data-lazy- data-lazy-src=\"https:\/\/www.europesays.com\/it\/wp-content\/uploads\/2025\/11\/img_dkcapello002.jpg\"\/>Roberto Capello ha concluso la sua seconda stagione da junior nell\u2019europeo di categoria (Philippe Pradier\/DirectVelo)<\/p>\n<p><img loading=\"lazy\" decoding=\"async\" width=\"559\" height=\"745\" src=\"data:image\/svg+xml,%3Csvg%20xmlns=\" http:=\"\" alt=\"Roberto Capello, Italia, europeo juniores 2025 (Philippe Pradier\/DirectVelo)\" class=\"wp-image-444470\" data-lazy- data-lazy- data-lazy-src=\"https:\/\/www.europesays.com\/it\/wp-content\/uploads\/2025\/11\/img_mbcapello002.jpg\"\/>Roberto Capello ha concluso la sua seconda stagione da junior nell\u2019europeo di categoria (Philippe Pradier\/DirectVelo)<\/p>\n<p>Primo contatto<\/p>\n<p class=\"\">Mentre le temperature in Italia crollano e diventano sempre pi\u00f9 invernali, a <a href=\"https:\/\/bici.style\/proposte\/catalogna-terra-prediletta-ciclisti-ecco-perche\/\" target=\"_blank\" rel=\"noreferrer noopener nofollow\">Girona<\/a> continua ad esserci un clima favorevole: ottimo per pedalare senza infreddolirsi troppo.\u00a0<\/p>\n<p class=\"\">\u00abIl clima continua a sorriderci \u2013 prosegue il piemontese \u2013 ci saranno tra i dieci e i quindici gradi. <strong>Una temperatura ideale per pedalare, anche se abbiamo fatto solo qualche breve uscita<\/strong>, giusto per qualche test e prendere le misure con il materiale nuovo. <strong>Cambiare squadra \u00e8 sempre un po\u2019 strano, tutto \u00e8 nuovo, ma il team mi ha fatto subito una buona impressione<\/strong>. Siamo tanti, tra staff e corridori arriviamo a 250 persone\u00bb.<\/p>\n<p><img loading=\"lazy\" decoding=\"async\" width=\"1009\" height=\"500\" src=\"data:image\/svg+xml,%3Csvg%20xmlns=\" http:=\"\" alt=\"Roberto Capello, Team Grenke-Auto Eder, Alpes Is\u00e8re Juniores 2025 (Robert Cachet\/DirectVelo)\" class=\"wp-image-444471\" data-lazy- data-lazy- data-lazy-src=\"https:\/\/www.europesays.com\/it\/wp-content\/uploads\/2025\/11\/img_dkcapello001.jpg\"\/>Capello nel 2025 ha corso con il Team Grenke-Auto Eder (Robert Cachet\/DirectVelo)<\/p>\n<p><img loading=\"lazy\" decoding=\"async\" width=\"559\" height=\"745\" src=\"data:image\/svg+xml,%3Csvg%20xmlns=\" http:=\"\" alt=\"Roberto Capello, Team Grenke-Auto Eder, Alpes Is\u00e8re Juniores 2025 (Robert Cachet\/DirectVelo)\" class=\"wp-image-444472\" data-lazy- data-lazy- data-lazy-src=\"https:\/\/www.europesays.com\/it\/wp-content\/uploads\/2025\/11\/img_mbcapello001.jpg\"\/>Capello nel 2025 ha corso con il Team Grenke-Auto Eder (Robert Cachet\/DirectVelo)<\/p>\n<p>Partiamo subito, come mai lasciare la Red Bull?<\/p>\n<p class=\"\">Avrei avuto la possibilit\u00e0 di rimanere con loro nel devo team under 23. <strong>Per\u00f2 le prospettive di crescita e di trovare i miei spazi erano minori rispetto a quelle offerte dalla EF<\/strong>. Ho scelto una formazione pi\u00f9 piccola (se cos\u00ec si pu\u00f2 definire, ndr) cos\u00ec da avere pi\u00f9 occasioni per giocarmi le mie chance.\u00a0<\/p>\n<p>Una scelta arrivata totalmente da parte tua?<\/p>\n<p class=\"\">S\u00ec, ci pensavo gi\u00e0 da maggio. <strong>La Red Bull ha i migliori atleti under 23<\/strong>, l\u2019anno prossimo ci sar\u00e0 il campione del mondo Lorenzo Finn, poi saliranno tanti miei compagni della Grenke e inoltre arrivano atleti come Magagnotti. <strong>Insomma, ho pensato che sarebbe stato difficile trovare lo spazio per mettermi in mostra<\/strong>. In corsa ci vanno cinque o sei atleti e se non dimostri di meritare il posto rischi di correre negli appuntamenti di secondo piano.\u00a0<\/p>\n<p><img loading=\"lazy\" decoding=\"async\" width=\"1009\" height=\"500\" src=\"data:image\/svg+xml,%3Csvg%20xmlns=\" http:=\"\" alt=\"\" class=\"wp-image-413964\" data-lazy- data-lazy- data-lazy-src=\"https:\/\/www.europesays.com\/it\/wp-content\/uploads\/2025\/11\/Magacapello-Grenke-img_dk.jpg\"\/>Il passaggio tra gli U23 lo far\u00e0 con il devo team della EF Education Easy Post, una scelta per cercare maggior spazio<\/p>\n<p><img loading=\"lazy\" decoding=\"async\" width=\"559\" height=\"745\" src=\"data:image\/svg+xml,%3Csvg%20xmlns=\" http:=\"\" alt=\"\" class=\"wp-image-413963\" data-lazy- data-lazy- data-lazy-src=\"https:\/\/www.europesays.com\/it\/wp-content\/uploads\/2025\/11\/Magacapello-Grenke-img_mb.jpg\"\/>Il passaggio tra gli U23 lo far\u00e0 con il devo team della EF Education Easy Post, una scelta per cercare maggior spazio<\/p>\n<p>Che prospettiva ti ha offerto la EF Education EasyPost ?<\/p>\n<p class=\"\">Mi hanno fatto firmare un contratto di quattro anni: <strong>uno nel devo team e gli altri tre nel WorldTour<\/strong>. Mi hanno rassicurato che avr\u00f2 comunque modo di crescere e arrivare al livello richiesto per competere nella massima categoria del ciclismo.\u00a0<\/p>\n<p>Qual \u00e8 questo livello?<\/p>\n<p class=\"\">Penso che la vera differenza sia adesso, <strong>tra gli juniores il livello si sta alzando ma sono pochi i corridori capaci di fare tanta differenza<\/strong>. Invece quando passi under 23 o pro\u2019, il livello di tutto il gruppo diventa davvero elevato.\u00a0<\/p>\n<p><img loading=\"lazy\" decoding=\"async\" width=\"1009\" height=\"500\" src=\"data:image\/svg+xml,%3Csvg%20xmlns=\" http:=\"\" alt=\"\" class=\"wp-image-426627\" data-lazy- data-lazy- data-lazy-src=\"https:\/\/www.europesays.com\/it\/wp-content\/uploads\/2025\/07\/Capello-Dorigo-img_dk.jpg\"\/>Con la maglia del devo team juniores della Red Bull ha conquistato 5 vittorie e 3 podi  (Photors.it)<\/p>\n<p><img loading=\"lazy\" decoding=\"async\" width=\"559\" height=\"745\" src=\"data:image\/svg+xml,%3Csvg%20xmlns=\" http:=\"\" alt=\"\" class=\"wp-image-426626\" data-lazy- data-lazy- data-lazy-src=\"https:\/\/www.europesays.com\/it\/wp-content\/uploads\/2025\/07\/Capello-Dorigo-img_mb.jpg\"\/>Con la maglia del devo team juniores della Red Bull ha conquistato 5 vittorie e 3 podi  (Photors.it)<\/p>\n<p>Hai gi\u00e0 corso un anno all\u2019estero, cosa pensi di aver imparato?<\/p>\n<p class=\"\">A correre come richiesto a livelli internazionali, dove si attende poco e si attacca tanto. <strong>Le gare sono pi\u00f9 nervose e questa stagione con la Grenke mi ha aiutato a fare un passo importante<\/strong> per la mia crescita personale.\u00a0<\/p>\n<p>Si sente tanto la differenza tra Austria e America?<\/p>\n<p class=\"\">Da quel che ho potuto vedere, EF e Red Bull sono molto diverse. La mentalit\u00e0 tedesca d\u00e0 meno margine, <strong>mentre alla EF sono pi\u00f9 aperti al dialogo e ad ascoltare un punto di vista differente<\/strong>. Ascoltano tanto l\u2019opinione del corridore.\u00a0<\/p>\n<p>Hai conosciuto i nuovi compagni?<\/p>\n<p class=\"\">Tutti meno uno. Saremo quattordici nel devo team, la maggior parte saranno atleti americani, poi ci saranno anche ragazzi danesi, svedesi, un belga e infine io. <strong>Non mi fa strano essere l\u2019unico italiano, alla fine l\u2019anno scorso ho imparato anche a gestire questo <a href=\"https:\/\/bici.pro\/focus\/incontri\/capello-ecco-nuovo-talento-italiano-grenke-auto-eder\/\" target=\"_blank\" rel=\"noreferrer noopener nofollow\">aspetto<\/a><\/strong>. Mi sono rafforzato con l\u2019inglese e mi sento pi\u00f9 sicuro.<\/p>\n<p><img loading=\"lazy\" decoding=\"async\" width=\"1009\" height=\"500\" src=\"data:image\/svg+xml,%3Csvg%20xmlns=\" http:=\"\" alt=\"All'europeo Capello (qui incitato da Frigo) \u00e8 stato in fuga solitaria per 30 km prima di essere ripreso beneficiando dell'altura di Kigali\" class=\"wp-image-437903\" data-lazy- data-lazy- data-lazy-src=\"https:\/\/www.europesays.com\/it\/wp-content\/uploads\/2025\/11\/Capello_Frigo_europeo_juniores_2025_img_dk.jpg\"\/>Capello si \u00e8 messo in mostra anche con in nazionale: qui verso l\u2019argento degli europei, incitato da Frigo che si era fermato<\/p>\n<p><img loading=\"lazy\" decoding=\"async\" width=\"559\" height=\"745\" src=\"data:image\/svg+xml,%3Csvg%20xmlns=\" http:=\"\" alt=\"All'europeo Capello (qui incitato da Frigo) \u00e8 stato in fuga solitaria per 30 km prima di essere ripreso beneficiando dell'altura di Kigali\" class=\"wp-image-437904\" data-lazy- data-lazy- data-lazy-src=\"https:\/\/www.europesays.com\/it\/wp-content\/uploads\/2025\/11\/Capello_Frigo_europeo_juniores_2025_img_mb.jpg\"\/>Capello si \u00e8 messo in mostra in nazionale: qui verso l\u2019argento degli europei, incitato da Frigo che si era fermato<\/p>\n<p>La EF \u00e8 un team tanto \u201ccolorato\u201d, innovativo, che guarda ad aspetti anche esterni al ciclismo, lo si percepisce?<\/p>\n<p class=\"\">Da dentro tanto. <strong>Si sente un clima pi\u00f9 \u201cleggero\u201d e tranquillo<\/strong>. Diciamo divertente.<\/p>\n<p>Quando si parte ufficialmente?<\/p>\n<p class=\"\">Dopo questo ritiro praticamente iniziamo la preparazione. Nei mesi di dicembre e gennaio non avremo appuntamenti, <strong>il primo stage tra noi del devo team sar\u00e0 a febbraioe inizieremo a correre i primi di marzo<\/strong>. Per il calendario avremo modo di capire bene come incastrare i vari impegni tra scuola, corse e ritiri. <strong>Quest\u2019anno ho la maturit\u00e0 e va fatta nel miglior modo possibile<\/strong>.\u00a0<\/p>\n","protected":false},"excerpt":{"rendered":"Roberto Capello si trova in ritiro in Spagna, pi\u00f9 precisamente a Girona, citt\u00e0 ormai fulcro del ciclismo nei&hellip;\n","protected":false},"author":3,"featured_media":230224,"comment_status":"","ping_status":"","sticky":false,"template":"","format":"standard","meta":{"footnotes":"","_share_on_mastodon":"0"},"categories":[1456],"tags":[1824,1825,113635,22274,18023,1537,90,89,245,244,7997],"class_list":["post-230223","post","type-post","status-publish","format-standard","has-post-thumbnail","category-ciclismo","tag-ciclismo","tag-cycling","tag-ef-education-easy-post","tag-girona","tag-grenke-auto-eder","tag-it","tag-italia","tag-italy","tag-sport","tag-sports","tag-under-23"],"share_on_mastodon":{"url":"https:\/\/pubeurope.com\/@it\/115605394093386313","error":""},"_links":{"self":[{"href":"https:\/\/www.europesays.com\/it\/wp-json\/wp\/v2\/posts\/230223","targetHints":{"allow":["GET"]}}],"collection":[{"href":"https:\/\/www.europesays.com\/it\/wp-json\/wp\/v2\/posts"}],"about":[{"href":"https:\/\/www.europesays.com\/it\/wp-json\/wp\/v2\/types\/post"}],"author":[{"embeddable":true,"href":"https:\/\/www.europesays.com\/it\/wp-json\/wp\/v2\/users\/3"}],"replies":[{"embeddable":true,"href":"https:\/\/www.europesays.com\/it\/wp-json\/wp\/v2\/comments?post=230223"}],"version-history":[{"count":0,"href":"https:\/\/www.europesays.com\/it\/wp-json\/wp\/v2\/posts\/230223\/revisions"}],"wp:featuredmedia":[{"embeddable":true,"href":"https:\/\/www.europesays.com\/it\/wp-json\/wp\/v2\/media\/230224"}],"wp:attachment":[{"href":"https:\/\/www.europesays.com\/it\/wp-json\/wp\/v2\/media?parent=230223"}],"wp:term":[{"taxonomy":"category","embeddable":true,"href":"https:\/\/www.europesays.com\/it\/wp-json\/wp\/v2\/categories?post=230223"},{"taxonomy":"post_tag","embeddable":true,"href":"https:\/\/www.europesays.com\/it\/wp-json\/wp\/v2\/tags?post=230223"}],"curies":[{"name":"wp","href":"https:\/\/api.w.org\/{rel}","templated":true}]}}