{"id":230398,"date":"2025-11-24T18:17:11","date_gmt":"2025-11-24T18:17:11","guid":{"rendered":"https:\/\/www.europesays.com\/it\/230398\/"},"modified":"2025-11-24T18:17:11","modified_gmt":"2025-11-24T18:17:11","slug":"quanto-vale-manu-kone-per-la-roma-e-lidea-dellinter-per-gennaio","status":"publish","type":"post","link":"https:\/\/www.europesays.com\/it\/230398\/","title":{"rendered":"Quanto vale Manu Kon\u00e9 per la Roma e l&#8217;idea dell&#8217;Inter per gennaio"},"content":{"rendered":"<p>Il centrocampista giallorosso resta nella lista di Ausilio e Marotta dopo i contatti dell&#8217;estate scorsa\n<\/p>\n<p>Nonostante l&#8217;arrivo di Diouf &#8211; che in questi primi mesi di stagione non sta trovando molto spazio &#8211; l&#8217;Inter a gennaio potrebbe continuare a lavorare per provare a prendere un altro centrocampista. <strong>E nella lista dei nerazzurri c&#8217;\u00e8 ancora quel Manu Kon\u00e9 della Roma che piace da tempo e per il quale gi\u00e0 in estate Ausilio e Marotta avevano pensato di fare un tentativo<\/strong>: effettivamente qualche contatto tra i due club c&#8217;era stato, ma i giallorossi hanno subito chiuso la porta senza sedersi neanche a trattare. A gennaio potrebbero rifarsi sotto.<\/p>\n","protected":false},"excerpt":{"rendered":"Il centrocampista giallorosso resta nella lista di Ausilio e Marotta dopo i contatti dell&#8217;estate scorsa Nonostante l&#8217;arrivo di&hellip;\n","protected":false},"author":3,"featured_media":230399,"comment_status":"","ping_status":"","sticky":false,"template":"","format":"standard","meta":{"footnotes":"","_share_on_mastodon":"0"},"categories":[1452],"tags":[721,353,1740,350,1537,90,89,103789,987,251,1739,245,244,355],"class_list":["post-230398","post","type-post","status-publish","format-standard","has-post-thumbnail","category-calcio","tag-calcio","tag-calciomercato","tag-football","tag-inter","tag-it","tag-italia","tag-italy","tag-m-kone","tag-roma","tag-serie-a","tag-soccer","tag-sport","tag-sports","tag-transfers"],"share_on_mastodon":{"url":"https:\/\/pubeurope.com\/@it\/115606050862337883","error":""},"_links":{"self":[{"href":"https:\/\/www.europesays.com\/it\/wp-json\/wp\/v2\/posts\/230398","targetHints":{"allow":["GET"]}}],"collection":[{"href":"https:\/\/www.europesays.com\/it\/wp-json\/wp\/v2\/posts"}],"about":[{"href":"https:\/\/www.europesays.com\/it\/wp-json\/wp\/v2\/types\/post"}],"author":[{"embeddable":true,"href":"https:\/\/www.europesays.com\/it\/wp-json\/wp\/v2\/users\/3"}],"replies":[{"embeddable":true,"href":"https:\/\/www.europesays.com\/it\/wp-json\/wp\/v2\/comments?post=230398"}],"version-history":[{"count":0,"href":"https:\/\/www.europesays.com\/it\/wp-json\/wp\/v2\/posts\/230398\/revisions"}],"wp:featuredmedia":[{"embeddable":true,"href":"https:\/\/www.europesays.com\/it\/wp-json\/wp\/v2\/media\/230399"}],"wp:attachment":[{"href":"https:\/\/www.europesays.com\/it\/wp-json\/wp\/v2\/media?parent=230398"}],"wp:term":[{"taxonomy":"category","embeddable":true,"href":"https:\/\/www.europesays.com\/it\/wp-json\/wp\/v2\/categories?post=230398"},{"taxonomy":"post_tag","embeddable":true,"href":"https:\/\/www.europesays.com\/it\/wp-json\/wp\/v2\/tags?post=230398"}],"curies":[{"name":"wp","href":"https:\/\/api.w.org\/{rel}","templated":true}]}}