{"id":230420,"date":"2025-11-24T18:31:18","date_gmt":"2025-11-24T18:31:18","guid":{"rendered":"https:\/\/www.europesays.com\/it\/230420\/"},"modified":"2025-11-24T18:31:18","modified_gmt":"2025-11-24T18:31:18","slug":"regionali-in-veneto-vince-il-centrodestra-con-stefani-lega-davanti-a-fdi-in-campania-e-puglia-successo-del-centrosinistra-con-fico-e-decaro","status":"publish","type":"post","link":"https:\/\/www.europesays.com\/it\/230420\/","title":{"rendered":"Regionali, in Veneto vince il centrodestra con Stefani: Lega davanti a Fdi. In Campania e Puglia successo del centrosinistra con Fico e Decaro"},"content":{"rendered":"<p>Conte: Fico \u00e8 il nuovo presidente, non saltellano pi\u00f9 <\/p>\n<p class=\"atext\">\u00a0<\/p>\n<p class=\"atext\">\u00abIl nostro Roberto Fico \u00e8 il nuovo Presidente della Campania. Non saltellano pi\u00f9. Abbiamo vinto ascoltando i bisogni delle persone, delle famiglie in difficolt\u00e0, dei lavoratori, delle imprese\u00bb. Lo scrive sui social il presidente del M5s, Giuseppe Conte. \u00abHa perso chi di fronte alle difficolt\u00e0 degli italiani saltella e oggi cade rovinosamente. Fico ha battuto sonoramente un candidato di Fratelli d\u2019Italia, un esponente del Governo Meloni, senza mischiarsi a una lotta nel fango\u00bb<\/p>\n<p>Proiezioni nel Veneto Lega doppia Fdi<\/p>\n<p class=\"atext\">Quanto al voto di lista e alle sfide interne alle coalizioni la Lega vincerebbe il derby nel centrodestra in Veneto con Fdi. Il Carroccio si attesterebbe al 36,4%, FdI al 17,5%, Forza Italia al 5,3%. Il Pd al 18,2%, Avs al 4,6%, il M5s 2,8%. Sono i risultati delle principali liste nel Veneto secondo le proiezioni Swg per La 7, con una copertura del 17%.<\/p>\n<p>In Puglia Pd primo partito, FI supera Lega nel centrodestra<\/p>\n<p class=\"atext\">Secondo i dati della seconda proiezione di Swg per La7, nelle elezioni per la presidenza della Regione Puglia il Partito democratico \u00e8 primo partito con il 26,9%, seguito da FdI al 16,8%. Nel centrosinistra la lista per Decaro presidente \u00e8 al secondo posto con il 12,4%, segue il Movimento 5 stelle con l\u20198,7%, Per la Puglia al 6,6%, Avanti-Popolari al 5% e Avs al 4,4%. Nel centrodestra, dopo FdI, al secondo posto si attesta Forza Italia con l\u20198,6%, seguita dalla Lega con il 7,3%, Noi Moderati-Civici con 1,2% e Puglia con noi-Dc con lo 0,20%.<\/p>\n<p>In Campania testa a testa tra Forza e Italia e Fdi <\/p>\n<p class=\"atext\">Sempre secondo le proiezioni Swg in Campania, nel centrosinistra il Pd \u00e8 primo partito con il 18%, seguito da M5s (9,5%), A testa alta, la lista espressione del governatore uscente Vincenzo De Luca (7,4%), lista Fico presidente (5,5%) Casa riformista \/4,8%) e Avs (3,8%). Nel centrodestra Fi \u00e8 primo partito con il 12%, davanti Fdi (10,3%) e Lega (5,4%). Diversa l\u2019indicazione della proiezione di Opinio Ra: Fdi sarebbe primo partito del centrodestra con il 12,9% seguito da Forza Italia con l\u201911,1%<\/p>\n","protected":false},"excerpt":{"rendered":"Conte: Fico \u00e8 il nuovo presidente, non saltellano pi\u00f9 \u00a0 \u00abIl nostro Roberto Fico \u00e8 il nuovo Presidente&hellip;\n","protected":false},"author":3,"featured_media":230421,"comment_status":"","ping_status":"","sticky":false,"template":"","format":"standard","meta":{"footnotes":""},"categories":[6],"tags":[14,8,1537,90,89,7,15,82,9,83,10,13,11,80,84,12,81,85],"class_list":{"0":"post-230420","1":"post","2":"type-post","3":"status-publish","4":"format-standard","5":"has-post-thumbnail","7":"category-ultime-notizie","8":"tag-cronaca","9":"tag-headlines","10":"tag-it","11":"tag-italia","12":"tag-italy","13":"tag-news","14":"tag-notizie","15":"tag-notizie-di-cronaca","16":"tag-notizie-principali","17":"tag-notiziedicronaca","18":"tag-notizieprincipali","19":"tag-titoli","20":"tag-ultime-notizie","21":"tag-ultime-notizie-di-cronaca","22":"tag-ultime-notizie-e-news-di-oggi","23":"tag-ultimenotizie","24":"tag-ultimenotiziedicronaca","25":"tag-ultimenotizieenewsdioggi"},"share_on_mastodon":{"url":"https:\/\/pubeurope.com\/@it\/115606105821204282","error":""},"_links":{"self":[{"href":"https:\/\/www.europesays.com\/it\/wp-json\/wp\/v2\/posts\/230420","targetHints":{"allow":["GET"]}}],"collection":[{"href":"https:\/\/www.europesays.com\/it\/wp-json\/wp\/v2\/posts"}],"about":[{"href":"https:\/\/www.europesays.com\/it\/wp-json\/wp\/v2\/types\/post"}],"author":[{"embeddable":true,"href":"https:\/\/www.europesays.com\/it\/wp-json\/wp\/v2\/users\/3"}],"replies":[{"embeddable":true,"href":"https:\/\/www.europesays.com\/it\/wp-json\/wp\/v2\/comments?post=230420"}],"version-history":[{"count":0,"href":"https:\/\/www.europesays.com\/it\/wp-json\/wp\/v2\/posts\/230420\/revisions"}],"wp:featuredmedia":[{"embeddable":true,"href":"https:\/\/www.europesays.com\/it\/wp-json\/wp\/v2\/media\/230421"}],"wp:attachment":[{"href":"https:\/\/www.europesays.com\/it\/wp-json\/wp\/v2\/media?parent=230420"}],"wp:term":[{"taxonomy":"category","embeddable":true,"href":"https:\/\/www.europesays.com\/it\/wp-json\/wp\/v2\/categories?post=230420"},{"taxonomy":"post_tag","embeddable":true,"href":"https:\/\/www.europesays.com\/it\/wp-json\/wp\/v2\/tags?post=230420"}],"curies":[{"name":"wp","href":"https:\/\/api.w.org\/{rel}","templated":true}]}}