{"id":230743,"date":"2025-11-24T23:18:15","date_gmt":"2025-11-24T23:18:15","guid":{"rendered":"https:\/\/www.europesays.com\/it\/230743\/"},"modified":"2025-11-24T23:18:15","modified_gmt":"2025-11-24T23:18:15","slug":"lattore-tedesco-di-red-alert-2-e-od-e-morto-a-81-anni","status":"publish","type":"post","link":"https:\/\/www.europesays.com\/it\/230743\/","title":{"rendered":"l&#8217;attore tedesco di Red Alert 2 e OD \u00e8 morto a 81 anni"},"content":{"rendered":"<p><strong>Udo Kier, attore tedesco eccentrico e inconfondibile, \u00e8 morto all&#8217;et\u00e0 di 81 anni. A confermare la notizia \u00e8 stato il suo compagno, Delbert McBride, in una dichiarazione a <a href=\"https:\/\/au.variety.com\/2025\/film\/news\/udo-kier-dead-own-private-idaho-andy-warhol-frankenstein-30223\/\" rel=\"noopener nofollow\" target=\"_blank\">Variety<\/a>. Con oltre 200 film all&#8217;attivo, Kier \u00e8 stato un volto onnipresente nel cinema d&#8217;autore e non solo dagli anni &#8217;70 in avanti, diventando uno dei caratteristi pi\u00f9 riconoscibili al mondo. Ha lavorato con registi del calibro di Andy Warhol, Lars von Trier e Werner Herzog, senza rinunciare a incursioni nella cultura pop, apparendo perfino in videoclip musicali di Madonna, Gwen Stefani e Korn<\/strong>.<\/p>\n<p>Approfondisci<a href=\"https:\/\/it.ign.com\/od-overdose\/220961\/news\/od-di-hideo-kojima-si-mostra-in-un-nuovo-macabro-trailer-sara-unesperienza-audace-e-unica\" class=\"recirc_odd\" rel=\"nofollow noopener\" target=\"_blank\"><img decoding=\"async\" class=\"image\" src=\"https:\/\/www.europesays.com\/it\/wp-content\/uploads\/2025\/11\/s_6zum.640.jpg\" alt=\"OD di Hideo Kojima si mostra in un nuovo, macabro trailer: sar\u00e0 un'esperienza \" audace=\"\" e=\"\" unica=\"\"\/>OD di Hideo Kojima si mostra in un nuovo, macabro trailer: sar\u00e0 un&#8217;esperienza &#8220;audace e unica&#8221;<\/a><\/p>\n<p>Per molti appassionati di videogiochi, comunque, Kier sar\u00e0 sempre Yuri di Command &amp; Conquer: Red Alert 2 e Yuri&#8217;s Revenge: un antagonista psichico dalla teatralit\u00e0 irresistibile, capace di marchiare a fuoco l&#8217;immaginario della saga. La sua interpretazione, volutamente esagerata, \u00e8 stata molto apprezzata dalla community, contribuendo al fascino senza tempo dei due strategici di Westwood. Kier faceva anche parte del cast di OD, il nuovo progetto di Hideo Kojima, dove compariva <a href=\"https:\/\/it.ign.com\/od-overdose\/207038\/news\/hideo-kojima-presenta-od-primo-trailer-dellattesissima-esclusiva-xbox\" rel=\"nofollow noopener\" target=\"_blank\">gi\u00e0 nel trailer del 2023<\/a>. Non \u00e8 chiaro se verr\u00e0 sostituito o meno.<\/p>\n<p>Proprio Kojima, su X, ha dedicato un ricordo all&#8217;attore: &#8220;Quando ci siamo incontrati a Milano a fine settembre, mi ha detto quanto non vedesse l&#8217;ora di riprendere le riprese il prossimo anno. Era pieno di energia, mi faceva ridere. Non riesco ancora a crederci. Udo non era solo un attore, era un&#8217;icona del suo tempo. Abbiamo perso una grande icona. Non ce ne sar\u00e0 mai un altro come lui&#8221;.<\/p>\n<blockquote class=\"twitter-tweet\">\n<p dir=\"ltr\" lang=\"en\">I\u2019m at a loss for words. It all happened far too suddenly.<br \/>Because of the strike, we weren\u2019t able to shoot \u201cOD\u201d for a long time, and we were forced to reschedule to next year. Even during that time, Udo and I exchanged emails frequently. We stayed in close contact. When we met in\u2026 <a href=\"https:\/\/t.co\/aRpP1i38CE\" rel=\"nofollow\">pic.twitter.com\/aRpP1i38CE<\/a><br \/>\n\u2014 HIDEO_KOJIMA (@HIDEO_KOJIMA_EN) <a href=\"https:\/\/twitter.com\/HIDEO_KOJIMA_EN\/status\/1992785286712209409?ref_src=twsrc%5Etfw\" rel=\"nofollow noopener\" target=\"_blank\">November 24, 2025<\/a><\/p>\n<\/blockquote>\n<p>                <script async src=\"https:\/\/platform.twitter.com\/widgets.js\" charset=\"utf-8\"><\/script><\/p>\n","protected":false},"excerpt":{"rendered":"Udo Kier, attore tedesco eccentrico e inconfondibile, \u00e8 morto all&#8217;et\u00e0 di 81 anni. A confermare la notizia \u00e8&hellip;\n","protected":false},"author":3,"featured_media":230744,"comment_status":"","ping_status":"","sticky":false,"template":"","format":"standard","meta":{"footnotes":""},"categories":[1451],"tags":[1621,1620,203,204,1537,90,89],"class_list":{"0":"post-230743","1":"post","2":"type-post","3":"status-publish","4":"format-standard","5":"has-post-thumbnail","7":"category-celebrita","8":"tag-celebrita","9":"tag-celebrities","10":"tag-entertainment","11":"tag-intrattenimento","12":"tag-it","13":"tag-italia","14":"tag-italy"},"share_on_mastodon":{"url":"https:\/\/pubeurope.com\/@it\/115607236148525252","error":""},"_links":{"self":[{"href":"https:\/\/www.europesays.com\/it\/wp-json\/wp\/v2\/posts\/230743","targetHints":{"allow":["GET"]}}],"collection":[{"href":"https:\/\/www.europesays.com\/it\/wp-json\/wp\/v2\/posts"}],"about":[{"href":"https:\/\/www.europesays.com\/it\/wp-json\/wp\/v2\/types\/post"}],"author":[{"embeddable":true,"href":"https:\/\/www.europesays.com\/it\/wp-json\/wp\/v2\/users\/3"}],"replies":[{"embeddable":true,"href":"https:\/\/www.europesays.com\/it\/wp-json\/wp\/v2\/comments?post=230743"}],"version-history":[{"count":0,"href":"https:\/\/www.europesays.com\/it\/wp-json\/wp\/v2\/posts\/230743\/revisions"}],"wp:featuredmedia":[{"embeddable":true,"href":"https:\/\/www.europesays.com\/it\/wp-json\/wp\/v2\/media\/230744"}],"wp:attachment":[{"href":"https:\/\/www.europesays.com\/it\/wp-json\/wp\/v2\/media?parent=230743"}],"wp:term":[{"taxonomy":"category","embeddable":true,"href":"https:\/\/www.europesays.com\/it\/wp-json\/wp\/v2\/categories?post=230743"},{"taxonomy":"post_tag","embeddable":true,"href":"https:\/\/www.europesays.com\/it\/wp-json\/wp\/v2\/tags?post=230743"}],"curies":[{"name":"wp","href":"https:\/\/api.w.org\/{rel}","templated":true}]}}