{"id":230999,"date":"2025-11-25T04:03:11","date_gmt":"2025-11-25T04:03:11","guid":{"rendered":"https:\/\/www.europesays.com\/it\/230999\/"},"modified":"2025-11-25T04:03:11","modified_gmt":"2025-11-25T04:03:11","slug":"chi-non-paga-ha-sempre-ragione-sanatoria-2026-per-bollo-e-multe-stradali","status":"publish","type":"post","link":"https:\/\/www.europesays.com\/it\/230999\/","title":{"rendered":"Chi non paga ha sempre ragione: sanatoria 2026 per bollo e multe stradali"},"content":{"rendered":"<p>            Sanare i debiti<\/p>\n<p>Dal 1\u00b0 gennaio 2026, Comuni e Regioni potranno attivare una <strong>definizione agevolata dei tributi locali<\/strong>, su base volontaria. Inserita nella Legge di Bilancio, la misura, consente di<strong> \u201csanare\u201d debiti accumulati <\/strong>con il pagamento di imposte o multe, <strong>riducendo o cancellando sanzioni e interessi. <\/strong>Non si tratta di un obbligo: ogni ente decide autonomamente se adottarla e con quali modalit\u00e0. L\u2019iniziativa riguarda principalmente tributi come <strong>Imu, Tari, canoni per occupazione suolo pubblico<\/strong>, imposta di soggiorno, <strong>bollo auto e moto<\/strong> e le <strong>sanzioni per violazioni al Codice della Strada<\/strong>. Sono esclusi invece addizionali Irpef, Irap e tributi gi\u00e0 oggetto di altre definizioni non perfezionate.<\/p>\n<p>Bollo auto e multe stradali<\/p>\n<p>Per i proprietari di auto e moto con bollo non pagato, la rottamazione locale pu\u00f2 rappresentare un\u2019opportunit\u00e0 concreta. Gli enti locali potranno offrire <strong>sconti sulle sanzioni<\/strong> e la possibilit\u00e0 di <strong>pagare solo l\u2019importo principale in rate<\/strong>, con eventuali interessi al<strong> 4% annuo<\/strong>. Questo significa che, se il proprio Comune aderisce, sar\u00e0 possibile regolarizzare la posizione evitando ulteriori aggravi. Anche per le <strong>multe stradali<\/strong> \u00e8 prevista la possibilit\u00e0 di sanatoria. Attenzione per\u00f2: il beneficio riguarda <strong>solo l\u2019importo della sanzione pecuniaria<\/strong>, mentre eventuali punti decurtati dalla patente <strong>non possono essere annullati.<\/strong> Come per il bollo, spetta per\u00f2 al Comune decidere modalit\u00e0 e termini per aderire.<\/p>\n<p>Prescrizione, pendenze e notifiche<\/p>\n<p>La rottamazione locale non si attiva automaticamente. Serve una <strong>delibera comunale o regionale<\/strong>, che definisca termini, tributi interessati e modalit\u00e0 di adesione. Una volta approvata, la delibera deve essere pubblicata online e trasmessa al portale del federalismo fiscale. La misura <strong>pu\u00f2 riguardare accertamenti in corso,<\/strong> <strong>cartelle gi\u00e0 notificate<\/strong> e, in alcuni casi, <strong>pendenze in contenzioso non definitiv<\/strong>e, ma non si applica a debiti gi\u00e0 coperti da sentenze passate in giudicato.<\/p>\n<p>A proposito di multe e sanzioni: <a href=\"https:\/\/www.insella.it\/da-sapere\/legge-burocrazia\/multe-non-pagate-prescrizione-rischi-verifiche-da-fare-46073\" rel=\"nofollow noopener\" target=\"_blank\">Multe non pagate: prescrizione, rischi e verifiche da fare<\/a><\/p>\n","protected":false},"excerpt":{"rendered":"Sanare i debiti Dal 1\u00b0 gennaio 2026, Comuni e Regioni potranno attivare una definizione agevolata dei tributi locali,&hellip;\n","protected":false},"author":3,"featured_media":231000,"comment_status":"","ping_status":"","sticky":false,"template":"","format":"standard","meta":{"footnotes":""},"categories":[172],"tags":[178,177,1537,90,89],"class_list":{"0":"post-230999","1":"post","2":"type-post","3":"status-publish","4":"format-standard","5":"has-post-thumbnail","7":"category-affari","8":"tag-affari","9":"tag-business","10":"tag-it","11":"tag-italia","12":"tag-italy"},"share_on_mastodon":{"url":"https:\/\/pubeurope.com\/@it\/115608355006428955","error":""},"_links":{"self":[{"href":"https:\/\/www.europesays.com\/it\/wp-json\/wp\/v2\/posts\/230999","targetHints":{"allow":["GET"]}}],"collection":[{"href":"https:\/\/www.europesays.com\/it\/wp-json\/wp\/v2\/posts"}],"about":[{"href":"https:\/\/www.europesays.com\/it\/wp-json\/wp\/v2\/types\/post"}],"author":[{"embeddable":true,"href":"https:\/\/www.europesays.com\/it\/wp-json\/wp\/v2\/users\/3"}],"replies":[{"embeddable":true,"href":"https:\/\/www.europesays.com\/it\/wp-json\/wp\/v2\/comments?post=230999"}],"version-history":[{"count":0,"href":"https:\/\/www.europesays.com\/it\/wp-json\/wp\/v2\/posts\/230999\/revisions"}],"wp:featuredmedia":[{"embeddable":true,"href":"https:\/\/www.europesays.com\/it\/wp-json\/wp\/v2\/media\/231000"}],"wp:attachment":[{"href":"https:\/\/www.europesays.com\/it\/wp-json\/wp\/v2\/media?parent=230999"}],"wp:term":[{"taxonomy":"category","embeddable":true,"href":"https:\/\/www.europesays.com\/it\/wp-json\/wp\/v2\/categories?post=230999"},{"taxonomy":"post_tag","embeddable":true,"href":"https:\/\/www.europesays.com\/it\/wp-json\/wp\/v2\/tags?post=230999"}],"curies":[{"name":"wp","href":"https:\/\/api.w.org\/{rel}","templated":true}]}}