{"id":231134,"date":"2025-11-25T07:15:13","date_gmt":"2025-11-25T07:15:13","guid":{"rendered":"https:\/\/www.europesays.com\/it\/231134\/"},"modified":"2025-11-25T07:15:13","modified_gmt":"2025-11-25T07:15:13","slug":"lex-consigliere-del-cremlino-sergei-markov-laccordo-per-lucraina-kiev-vuole-portare-putin-a-dire-no-per-poi-chiedere-piu-armi-a-trump","status":"publish","type":"post","link":"https:\/\/www.europesays.com\/it\/231134\/","title":{"rendered":"L&#8217;ex consigliere del Cremlino Sergei Markov: \u00abL&#8217;accordo per l&#8217;Ucraina? Kiev vuole portare Putin a dire no per poi chiedere pi\u00f9 armi a Trump\u00bb"},"content":{"rendered":"<p>    di<br \/>\n    Marco Imarisio<\/p>\n<p class=\"summary-art is-line-h-12\">La tattica di Kiev secondo l&#8217;ex consigliere di Putin: \u00abIl piano che Zelensky sta sviluppando con i leader europei \u00e8 tutt&#8217;altro che stupido\u00bb<\/p>\n<p class=\"chapter-paragraph\">\u00abAltro che prendere o lasciare entro il 27 novembre, sar\u00e0 ancora lunga. E potrebbe anche non finire\u00bb.<b> Sergei Markov<\/b> non \u00e8 Frate Indovino, non ci somiglia neppure, n\u00e9 per fisico n\u00e9 per indole, quest\u2019ultima tutt\u2019altro che pacifista. Ma il docente, politologo e <b>consigliere di Vladimir Putin dal 2011 al 2019<\/b>, ci prende spesso.\u00a0<\/p>\n<p class=\"chapter-paragraph\"><a href=\"https:\/\/www.corriere.it\/esteri\/diretta-live\/25_novembre_25\/ucraina-russia-news-guerra.shtml\" title=\"Ucraina - Russia, le notizie sul conflitto in diretta | Kiev sotto massiccio attacco russo con missili e droni: 2 morti e sei feriti\" rel=\"nofollow noopener\" target=\"_blank\">Ucraina-Russia: le ultime notizie<\/a>    &#13;<br \/>\n&#13;<br \/>\n&#13;<br \/>\n&#13;<br \/>\n&#13;<br \/>\n&#13;<br \/>\n&#13;<br \/>\n&#13;<br \/>\n&#13;<br \/>\n&#13;<br \/>\n&#13;<br \/>\n&#13;<br \/>\n&#13;<br \/>\n&#13;<br \/>\n&#13;<br \/>\n&#13;<br \/>\n&#13;<br \/>\n&#13;<br \/>\n&#13;<br \/>\n&#13;<br \/>\n&#13;<br \/>\n&#13;<br \/>\n&#13;<br \/>\n&#13;<br \/>\n&#13;<br \/>\n&#13;<br \/>\n&#13;<br \/>\n&#13;<br \/>\n&#13;<br \/>\n&#13;<br \/>\n&#13;<br \/>\n&#13;<br \/>\n&#13;<br \/>\n&#13;<br \/>\n&#13;<br \/>\n&#13;<br \/>\n&#13;<br \/>\n&#13;<br \/>\n&#13;<br \/>\n&#13;<br \/>\n&#13;<br \/>\n&#13;<br \/>\n&#13;<br \/>\n&#13;<br \/>\n&#13;<br \/>\n&#13;<br \/>\n&#13;<br \/>\n&#13;<br \/>\n&#13;<br \/>\n&#13;<br \/>\n&#13;<br \/>\n&#13;<br \/>\n&#13;\n<\/p>\n<p class=\"chapter-paragraph\">Tanto per fare un esempio, subito dopo <a href=\"https:\/\/www.corriere.it\/esteri\/25_agosto_16\/il-vertice-in-alaska-cosa-e-successo-ha-vinto-putin-trump-e-deluso-8f95cf2b-bf2b-4ea8-9935-b4d9fad11xlk.shtml\" title=\"Cos&#039;\u00e8 successo nel vertice in Alaska: ha vinto Putin? Trump \u00e8 deluso?\" rel=\"nofollow noopener\" target=\"_blank\">il vertice di agosto in Alaska<\/a>, fu il primo a dire che non ne sarebbe venuto fuori niente, che Donald Trump avrebbe lasciato alla Russia il tempo di avanzare sul campo, o almeno di provare a farlo, e poi si sarebbe fatto avanti con nuove proposte che non sarebbero dispiaciute al Cremlino.\u00a0<\/p>\n<p class=\"chapter-paragraph\">Sono passati tre mesi che sembrano anni. Nel frattempo, Markov \u00e8 stato etichettato come agente straniero per via dei suoi rapporti con l\u2019Azerbaigian poco amato dal suo ex datore di lavoro, e continua a dare interviste ai media Usa, arabi ed europei nelle quali fa ricorso alla sua visione improntata a una realpolitik rafforzata da un certo cinismo. \u00abIl piano che Volodymyr Zelensky sta sviluppando insieme ai leader europei \u00e8 tutt\u2019altro che stupido\u00bb.\u00a0<\/p>\n<p class=\"chapter-paragraph\"><b>Come andr\u00e0 a finire questa volta?\u00a0<\/b><br \/>\u00abTutti faranno pressioni sugli Usa. E dall\u2019interno, Marco Rubio e i repubblicani legati all\u2019industria militare faranno pressioni su Trump, dapprima per prolungare i negoziati, poi per cambiarli rafforzando i punti dell\u2019attuale piano contrari alla Russia\u00bb.\u00a0<\/p>\n<p class=\"chapter-paragraph\"><b>Davvero ce ne sono<\/b>?\u00a0<br \/>\u00abIo ho sempre sostenuto che la demilitarizzazione e la denazificazione sarebbero rimaste come rivendicazione, ma che Putin su quei due temi era tutt\u2019altro che rigido. Mi sembra che stia andando cos\u00ec\u00bb.\u00a0<\/p>\n<p>APPROFONDISCI CON IL PODCAST<\/p>\n<p class=\"chapter-paragraph\"><b>L\u2019imposizione delle elezioni in Ucraina entro cento giorni non significa imporre anche la fine di Zelensky?\u00a0<\/b><br \/>\u00abAnche Trump \u00e8 convinto che Putin odi Zelensky. Ma io garantisco che vi sbagliate, tutti. Lo disprezza, cosa diversa dall\u2019odio. Non gli riconosce alcuna legittimit\u00e0. E poi andiamo, lo sanno tutti che dopo Zelensky, e dopo quello che \u00e8 successo, verr\u00e0 qualcuno peggio di lui, che odia la Russia ancora di pi\u00f9. Da questo punto di vista, la speranza di molti a proposito del ritorno dell\u2019Ucraina sotto la nostra sfera di influenza non \u00e8 pi\u00f9 attuale\u00bb.\u00a0<\/p>\n<p class=\"chapter-paragraph\"><b>Le pressioni di cui lei parla avranno successo?\u00a0<\/b><br \/>\u00abZelensky sta chiamando tutta l\u2019Ucraina a unirsi intorno a lui, per scongiurare il piano giudicato \u201cfilorusso\u201d cos\u00ec com\u2019\u00e8, e al tempo stesso far dimenticare lo scandalo della corruzione che lo ha colpito. Poi far\u00e0 lavorare l\u2019Europa per fare in modo che la squadra di <a href=\"https:\/\/www.corriere.it\/esteri\/25_novembre_23\/ucraina-summit-ginevra-322ddbc8-f165-409a-bcb9-3bcc51eb0xlk.shtml\" title=\"Ucraina, progressi sulla pace dopo il summit a Ginevra: le mosse europee\" rel=\"nofollow noopener\" target=\"_blank\">Trump porti a Mosca un piano di pace rivisto<\/a> e corretto con punti che non piaceranno a Putin. E dopo il nostro rifiuto, tutti insieme chiederanno a Trump di aumentare le forniture di armi all\u2019Ucraina e nuove sanzioni contro la Russia. Ha una sua logica, niente da dire\u00bb.\u00a0<\/p>\n<p class=\"chapter-paragraph\"><b>Quali sono i punti non negoziabili per la Russia?\u00a0<\/b><br \/>\u00abCe n\u2019\u00e8 uno di cui nessuno parla e che mi sembra gi\u00e0 sparito dalla controproposta europea: il riconoscimento statale della lingua russa in Ucraina. Gli occidentali lo vogliono escludere di default. Forse perch\u00e9 sanno che Putin non ci rinuncer\u00e0 mai, e quindi il negoziato fallir\u00e0\u00bb.\u00a0<\/p>\n<p class=\"chapter-paragraph\"><b>Trump cosa far\u00e0?\u00a0<\/b><br \/>\u00abA me sembra che si stia ripetendo quanto accaduto durante il suo primo mandato. So per certo che anche il Cremlino propende per uno scenario che vede il presidente americano neutralizzato, o comunque ostaggio del suo cosiddetto Deep State. Ma se anche questa volta non si arriva a nulla, lascer\u00e0 l\u2019Europa da sola ad occuparsi di Ucraina. In fondo, \u00e8 quello che vuole Putin, per ottenere una vittoria piena. E non mi sembra che i vostri leader abbiano molta voglia di gestire questa faccenda in autonomia. Come vede, tutto sta oscillando, da una parte e dall\u2019altra\u00bb.\u00a0<\/p>\n<p class=\"chapter-paragraph\"><b>Quali sono i veri sentimenti di Putin verso gli Usa?\u00a0<br \/><\/b>\u00abNon sta investendo molto sul rapporto con Trump. Cerca di non offenderlo. Io ho proposto di nominare 2-3 laudatores a tempo pieno che di mestiere elogeranno il presidente Usa. C\u2019\u00e8 Dmitriev che lo sta gi\u00e0 facendo, ne serve qualcun altro. Ma poco pi\u00f9 di quello. Esiste un atteggiamento fortemente negativo del nostro popolo nei confronti degli \u201cyankees\u201d. Le assicuro che al Cremlino fanno molta attenzione agli umori della societ\u00e0. Quindi, mai amici con gli Usa\u00bb.\u00a0<\/p>\n<p class=\"chapter-paragraph\"><b>A seguire il suo ragionamento, perch\u00e9 allora Putin mostra questo disprezzo nei confronti dell\u2019Europa?\u00a0<\/b><br \/>\u00abCerto, la nostra societ\u00e0 continua a guardare con favore verso l\u2019Europa. Infatti, quando sar\u00e0 finita la guerra, e quando i vostri capi smetteranno di dire che vi vogliamo aggredire, sar\u00e0 naturale e molto pi\u00f9 facile migliorare i rapporti con voi piuttosto che con gli Usa. Pu\u00f2 sembrare un paradosso, ma \u00e8 cos\u00ec\u00bb.<\/p>\n<p class=\"is-last-update\" datetime=\"2025-11-25T08:03:21+01:00\">25 novembre 2025 ( modifica il 25 novembre 2025 | 08:03)<\/p>\n<p class=\"is-copyright\">\n            \u00a9 RIPRODUZIONE RISERVATA\n        <\/p>\n","protected":false},"excerpt":{"rendered":"di Marco Imarisio La tattica di Kiev secondo l&#8217;ex consigliere di Putin: \u00abIl piano che Zelensky sta sviluppando&hellip;\n","protected":false},"author":3,"featured_media":231135,"comment_status":"","ping_status":"","sticky":false,"template":"","format":"standard","meta":{"footnotes":""},"categories":[160],"tags":[7961,1963,6969,4539,41,934,395,14,164,165,3882,3085,1727,136918,136919,4959,400,381,37249,136920,38940,11262,166,1354,7,15,2508,2463,975,135,25387,1292,383,7969,171,16865,17527,43691,1359,58079,1886,136921,136922,136923,379,26966,136924,170,11,167,12,168,410,7068,4969,161,162,163,4473,136925],"class_list":{"0":"post-231134","1":"post","2":"type-post","3":"status-publish","4":"format-standard","5":"has-post-thumbnail","7":"category-mondo","8":"tag-armi","9":"tag-attuale","10":"tag-ce","11":"tag-confronti","12":"tag-consigliere","13":"tag-continua","14":"tag-cremlino","15":"tag-cronaca","16":"tag-dal-mondo","17":"tag-dalmondo","18":"tag-entro","19":"tag-europa","20":"tag-europei","21":"tag-europei-tutt","22":"tag-europei-tutt-stupido","23":"tag-finire","24":"tag-kiev","25":"tag-leader","26":"tag-leader-europei","27":"tag-leader-europei-tutt","28":"tag-markov","29":"tag-molta","30":"tag-mondo","31":"tag-ne","32":"tag-news","33":"tag-notizie","34":"tag-nuove","35":"tag-parla","36":"tag-piano","37":"tag-presidente","38":"tag-pressioni","39":"tag-punti","40":"tag-putin","41":"tag-rapporti","42":"tag-russia","43":"tag-sanno","44":"tag-sergei","45":"tag-sergei-markov","46":"tag-societa","47":"tag-stupido","48":"tag-successo","49":"tag-sviluppando","50":"tag-sviluppando-leader","51":"tag-sviluppando-leader-europei","52":"tag-trump","53":"tag-tutt","54":"tag-tutt-stupido","55":"tag-ucraina","56":"tag-ultime-notizie","57":"tag-ultime-notizie-di-mondo","58":"tag-ultimenotizie","59":"tag-ultimenotiziedimondo","60":"tag-usa","61":"tag-vede","62":"tag-vuole","63":"tag-world","64":"tag-world-news","65":"tag-worldnews","66":"tag-zelensky","67":"tag-zelensky-sviluppando"},"share_on_mastodon":{"url":"","error":"Validation failed: Text character limit of 500 exceeded"},"_links":{"self":[{"href":"https:\/\/www.europesays.com\/it\/wp-json\/wp\/v2\/posts\/231134","targetHints":{"allow":["GET"]}}],"collection":[{"href":"https:\/\/www.europesays.com\/it\/wp-json\/wp\/v2\/posts"}],"about":[{"href":"https:\/\/www.europesays.com\/it\/wp-json\/wp\/v2\/types\/post"}],"author":[{"embeddable":true,"href":"https:\/\/www.europesays.com\/it\/wp-json\/wp\/v2\/users\/3"}],"replies":[{"embeddable":true,"href":"https:\/\/www.europesays.com\/it\/wp-json\/wp\/v2\/comments?post=231134"}],"version-history":[{"count":0,"href":"https:\/\/www.europesays.com\/it\/wp-json\/wp\/v2\/posts\/231134\/revisions"}],"wp:featuredmedia":[{"embeddable":true,"href":"https:\/\/www.europesays.com\/it\/wp-json\/wp\/v2\/media\/231135"}],"wp:attachment":[{"href":"https:\/\/www.europesays.com\/it\/wp-json\/wp\/v2\/media?parent=231134"}],"wp:term":[{"taxonomy":"category","embeddable":true,"href":"https:\/\/www.europesays.com\/it\/wp-json\/wp\/v2\/categories?post=231134"},{"taxonomy":"post_tag","embeddable":true,"href":"https:\/\/www.europesays.com\/it\/wp-json\/wp\/v2\/tags?post=231134"}],"curies":[{"name":"wp","href":"https:\/\/api.w.org\/{rel}","templated":true}]}}