{"id":231169,"date":"2025-11-25T07:59:19","date_gmt":"2025-11-25T07:59:19","guid":{"rendered":"https:\/\/www.europesays.com\/it\/231169\/"},"modified":"2025-11-25T07:59:19","modified_gmt":"2025-11-25T07:59:19","slug":"una-casa-di-270-mq-dove-larte-plasma-gli-interni","status":"publish","type":"post","link":"https:\/\/www.europesays.com\/it\/231169\/","title":{"rendered":"Una casa di 270 mq dove l\u2019arte plasma gli interni"},"content":{"rendered":"<p data-journey-content=\"true\" data-node-id=\"3\" class=\"css-6wxqfj emevuu60\">A volte i percorsi professionali si incrociano in modo del tutto naturale, come se l&#8217;incontro fosse destinato ad avvenire. \u00c8 stato cos\u00ec per i designer Nadya e George Ananiev: durante un evento artistico, un collezionista che seguiva da tempo il loro lavoro ha proposto loro di occuparsi del design di una delle sue case. Si trattava di uno spazio di<strong data-node-id=\"3.1\"> 270 metri quadrati<\/strong> che doveva essere trasformato non solo in un&#8217;abitazione, ma in un vero e proprio <strong data-node-id=\"3.3\"><a href=\"https:\/\/www.elledecor.com\/it\/case\/a65599879\/casa-bellissima-mare-arredi-vintage\/\" target=\"_blank\" data-vars-ga-outbound-link=\"https:\/\/www.elledecor.com\/it\/case\/a65599879\/casa-bellissima-mare-arredi-vintage\/\" data-vars-ga-ux-element=\"Hyperlink\" data-vars-ga-call-to-action=\"appartamento-galleria\" data-node-id=\"3.3.0\" class=\"body-link css-15fjk10 emevuu60\" rel=\"nofollow noopener\">appartamento-galleria<\/a><\/strong>, con la sfida di integrare l&#8217;arte nell&#8217;ambiente domestico in modo naturale e sofisticato.<\/p>\n<p data-journey-content=\"true\" data-node-id=\"9\" class=\"css-6wxqfj emevuu60\">Il progetto \u00e8 iniziato con una completa riorganizzazione dello spazio. \u201cPoich\u00e9 questa casa non \u00e8 pensata per una residenza permanente, <strong data-node-id=\"9.1\">non ci sono camere per bambini, ma ampie zone comuni<\/strong>: due saloni e una sala da pranzo che formano un unico grande spazio, oltre a due camere da letto\u201d, spiega George. Lungi dal richiedere l&#8217;utilizzo esclusivo di opere della sua collezione, il cliente ha dato ai designer totale libert\u00e0 nella scelta dei pezzi e degli oggetti. Questo ha aperto una vasta gamma di possibilit\u00e0 creative. Il risultato \u00e8 un<strong data-node-id=\"9.3\"> interno ricco di oggetti di design contemporaneo in edizione limitata, pezzi <a href=\"https:\/\/www.elledecor.com\/it\/design\/a65291375\/oggetti-vintage-piu-cercati\/\" target=\"_blank\" data-vars-ga-outbound-link=\"https:\/\/www.elledecor.com\/it\/design\/a65291375\/oggetti-vintage-piu-cercati\/\" data-vars-ga-ux-element=\"Hyperlink\" data-vars-ga-call-to-action=\"vintage\" data-node-id=\"9.3.1\" class=\"body-link css-15fjk10 emevuu60\" rel=\"nofollow noopener\">vintage<\/a>, mobili d&#8217;autore e creazioni su misura<\/strong> realizzate dagli interior designer. \u201cPer noi la cosa pi\u00f9 importante \u00e8 la forma, non il nome dell&#8217;autore\u201d, commenta Nadya. &#8220;Abbiamo creato una selezione di opere e abbiamo incorporato nuovi oggetti con la partecipazione del cliente. Per lui \u00e8 stata un&#8217;esperienza molto interessante e un&#8217;immersione nel mondo del design d&#8217;autore, che lo ha sempre affascinato&#8221;.<\/p>\n<p><img draggable=\"true\" alt=\"casa arte madera\" title=\"casa arte madera \" loading=\"lazy\" width=\"3334\" height=\"2500\" decoding=\"async\" data-nimg=\"1\" style=\"color:transparent;width:100%;height:auto;\"   src=\"https:\/\/www.europesays.com\/it\/wp-content\/uploads\/2025\/11\/recibidor-hall-6920320d85f74.jpg\" class=\"css-0 e1g79fud0\"\/><a target=\"_blank\" rel=\"noopener nofollow\" data-theme-key=\"base-link\" href=\"https:\/\/pinterest.com\/pin\/create\/button\/?url=https:\/\/www.elledecor.com\/it\/case\/a69523543\/casa-270-mq-con-pezzi-vintage-arte\/&amp;description=elledecoritalia&amp;media=https:\/\/hips.hearstapps.com\/hmg-prod\/images\/recibidor-hall-6920320d85f74.jpg?resize=1600:*\" class=\"pinterest css-on9hn5 e1c1bym14\"><img decoding=\"async\" data-dynamic-svg=\"true\" src=\"https:\/\/www.elledecor.com\/_assets\/design-tokens\/fre\/static\/icons\/social\/pinterest.e8cf655.svg?primary=%2523ffffff\" loading=\"lazy\" data-testid=\"dynamic-svg-base\" height=\"auto\" width=\"auto\" alt=\"pinterest\" class=\"css-4lml0h e1mlxuuw1\"\/><\/a><\/p>\n<p>Mikhail Loskutov<\/p>\n<p><img draggable=\"true\" alt=\"casa arte madera\" title=\"casa arte madera \" loading=\"lazy\" width=\"2500\" height=\"3334\" decoding=\"async\" data-nimg=\"1\" style=\"color:transparent;width:100%;height:auto;\"   src=\"https:\/\/www.europesays.com\/it\/wp-content\/uploads\/2025\/11\/arte-6920320705279.jpg\" class=\"css-0 e1g79fud0\"\/><a target=\"_blank\" rel=\"noopener nofollow\" data-theme-key=\"base-link\" href=\"https:\/\/pinterest.com\/pin\/create\/button\/?url=https:\/\/www.elledecor.com\/it\/case\/a69523543\/casa-270-mq-con-pezzi-vintage-arte\/&amp;description=elledecoritalia&amp;media=https:\/\/hips.hearstapps.com\/hmg-prod\/images\/arte-6920320705279.jpg?resize=1600:*\" class=\"pinterest css-on9hn5 e1c1bym14\"><img decoding=\"async\" data-dynamic-svg=\"true\" src=\"https:\/\/www.elledecor.com\/_assets\/design-tokens\/fre\/static\/icons\/social\/pinterest.e8cf655.svg?primary=%2523ffffff\" loading=\"lazy\" data-testid=\"dynamic-svg-base\" height=\"auto\" width=\"auto\" alt=\"pinterest\" class=\"css-4lml0h e1mlxuuw1\"\/><\/a>Mikhail Loskutov<\/p>\n<p>All&#8217;ingresso: panca vintage disegnata da Jorge Zalszupin (1955) e opera di William Kentridge sulla parete.<\/p>\n<p><img draggable=\"true\" alt=\"casa arte madera\" title=\"casa arte madera \" loading=\"lazy\" width=\"3334\" height=\"2500\" decoding=\"async\" data-nimg=\"1\" style=\"color:transparent;width:100%;height:auto;\"   src=\"https:\/\/www.europesays.com\/it\/wp-content\/uploads\/2025\/11\/salon-6920320dd3ff9.jpg\" class=\"css-0 e1g79fud0\"\/><a target=\"_blank\" rel=\"noopener nofollow\" data-theme-key=\"base-link\" href=\"https:\/\/pinterest.com\/pin\/create\/button\/?url=https:\/\/www.elledecor.com\/it\/case\/a69523543\/casa-270-mq-con-pezzi-vintage-arte\/&amp;description=elledecoritalia&amp;media=https:\/\/hips.hearstapps.com\/hmg-prod\/images\/salon-6920320dd3ff9.jpg?resize=1600:*\" class=\"pinterest css-on9hn5 e1c1bym14\"><img decoding=\"async\" data-dynamic-svg=\"true\" src=\"https:\/\/www.elledecor.com\/_assets\/design-tokens\/fre\/static\/icons\/social\/pinterest.e8cf655.svg?primary=%2523ffffff\" loading=\"lazy\" data-testid=\"dynamic-svg-base\" height=\"auto\" width=\"auto\" alt=\"pinterest\" class=\"css-4lml0h e1mlxuuw1\"\/><\/a>Mikhail Loskutov<\/p>\n<p>Nel salone, divano letto De Sede, poltrona Ayala Serfaty, divano Molteni con tessuti Dedar, lampada da soffitto Stilnovo e tavolini e consolle della galleria Vincenzo De Cotiis. Scrivania firmata Carlo Zauli (1960), scultura Horus di Fran\u00e7ois Stahly (1968) e tavolino Smalti Lombardi.<\/p>\n<p><img draggable=\"true\" alt=\"casa arte madera\" title=\"casa arte madera \" loading=\"lazy\" width=\"2500\" height=\"3334\" decoding=\"async\" data-nimg=\"1\" style=\"color:transparent;width:100%;height:auto;\"   src=\"https:\/\/www.europesays.com\/it\/wp-content\/uploads\/2025\/11\/arte-butaca-692031ffea9bf.jpg\" class=\"css-0 e1g79fud0\"\/><a target=\"_blank\" rel=\"noopener nofollow\" data-theme-key=\"base-link\" href=\"https:\/\/pinterest.com\/pin\/create\/button\/?url=https:\/\/www.elledecor.com\/it\/case\/a69523543\/casa-270-mq-con-pezzi-vintage-arte\/&amp;description=elledecoritalia&amp;media=https:\/\/hips.hearstapps.com\/hmg-prod\/images\/arte-butaca-692031ffea9bf.jpg?resize=1600:*\" class=\"pinterest css-on9hn5 e1c1bym14\"><img decoding=\"async\" data-dynamic-svg=\"true\" src=\"https:\/\/www.elledecor.com\/_assets\/design-tokens\/fre\/static\/icons\/social\/pinterest.e8cf655.svg?primary=%2523ffffff\" loading=\"lazy\" data-testid=\"dynamic-svg-base\" height=\"auto\" width=\"auto\" alt=\"pinterest\" class=\"css-4lml0h e1mlxuuw1\"\/><\/a>Mikhail Loskutov<\/p>\n<p>Poltrone disegnate da Joseph-Andr\u00e9 Motte, applique di Studio Van Den Akker e l&#8217;opera Ecce Homo di Vitaly Pushnitsky.<\/p>\n<p><img draggable=\"true\" alt=\"casa arte madera\" title=\"casa arte madera \" loading=\"lazy\" width=\"2500\" height=\"3334\" decoding=\"async\" data-nimg=\"1\" style=\"color:transparent;width:100%;height:auto;\"   src=\"https:\/\/www.europesays.com\/it\/wp-content\/uploads\/2025\/11\/087-dscf6816-6920320711d5d.jpg\" class=\"css-0 e1g79fud0\"\/><a target=\"_blank\" rel=\"noopener nofollow\" data-theme-key=\"base-link\" href=\"https:\/\/pinterest.com\/pin\/create\/button\/?url=https:\/\/www.elledecor.com\/it\/case\/a69523543\/casa-270-mq-con-pezzi-vintage-arte\/&amp;description=elledecoritalia&amp;media=https:\/\/hips.hearstapps.com\/hmg-prod\/images\/087-dscf6816-6920320711d5d.jpg?resize=1600:*\" class=\"pinterest css-on9hn5 e1c1bym14\"><img decoding=\"async\" data-dynamic-svg=\"true\" src=\"https:\/\/www.elledecor.com\/_assets\/design-tokens\/fre\/static\/icons\/social\/pinterest.e8cf655.svg?primary=%2523ffffff\" loading=\"lazy\" data-testid=\"dynamic-svg-base\" height=\"auto\" width=\"auto\" alt=\"pinterest\" class=\"css-4lml0h e1mlxuuw1\"\/><\/a>Mikhail Loskutov<\/p>\n<p>Nel corridoio, sedia disegnata da Adriano e Paolo Sumanov e pannello murale vintage di autore sconosciuto.<\/p>\n<p data-journey-content=\"true\" data-node-id=\"19\" class=\"css-6wxqfj emevuu60\">Il lavoro \u00e8 stato svolto in modo lento e ponderato. Anche quando le opere d&#8217;arte principali erano gi\u00e0 state scelte, i designer continuavano a cercare lo sfondo perfetto per esse. \u201c<strong data-node-id=\"19.1\">Volevamo che lo spazio desse la sensazione di una casa, non di una semplice galleria bianca e <a href=\"https:\/\/www.elledecor.com\/it\/design\/a40554139\/breve-guida-ai-colori-neutri\/\" target=\"_blank\" data-vars-ga-outbound-link=\"https:\/\/www.elledecor.com\/it\/design\/a40554139\/breve-guida-ai-colori-neutri\/\" data-vars-ga-ux-element=\"Hyperlink\" data-vars-ga-call-to-action=\"neutra\" data-node-id=\"19.1.1\" class=\"body-link css-15fjk10 emevuu60\" rel=\"nofollow noopener\">neutra<\/a><\/strong>. Le opere si apprezzano meglio su uno sfondo morbido e sfumato, in cui risaltano di per s\u00e9\u201d, sottolinea George. Per le pareti sono state scelte carte da parati con texture, per conferire profondit\u00e0 e creare un&#8217;atmosfera avvolgente. I designer hanno anche ideato una soluzione elegante per nascondere i piccoli spazi vuoti delle finestre, che rompevano l&#8217;armonia dell&#8217;insieme: sia nel soggiorno che nella camera da letto, <strong data-node-id=\"19.3\">le pareti sono state rivestite con pannelli di legno e sono state integrate delle persiane a griglia che lasciano passare la luce naturale<\/strong>. Tutti i pannelli possono essere aperti e una sottile illuminazione interna permette loro di brillare di notte.<\/p>\n<p><img draggable=\"true\" alt=\"casa arte madera\" title=\"casa arte madera \" loading=\"lazy\" width=\"2500\" height=\"3128\" decoding=\"async\" data-nimg=\"1\" style=\"color:transparent;width:100%;height:auto;\"   src=\"https:\/\/www.europesays.com\/it\/wp-content\/uploads\/2025\/11\/salon-butaca-roja-6920320d85a32.jpg\" class=\"css-0 e1g79fud0\"\/><a target=\"_blank\" rel=\"noopener nofollow\" data-theme-key=\"base-link\" href=\"https:\/\/pinterest.com\/pin\/create\/button\/?url=https:\/\/www.elledecor.com\/it\/case\/a69523543\/casa-270-mq-con-pezzi-vintage-arte\/&amp;description=elledecoritalia&amp;media=https:\/\/hips.hearstapps.com\/hmg-prod\/images\/salon-butaca-roja-6920320d85a32.jpg?resize=1600:*\" class=\"pinterest css-on9hn5 e1c1bym14\"><img decoding=\"async\" data-dynamic-svg=\"true\" src=\"https:\/\/www.elledecor.com\/_assets\/design-tokens\/fre\/static\/icons\/social\/pinterest.e8cf655.svg?primary=%2523ffffff\" loading=\"lazy\" data-testid=\"dynamic-svg-base\" height=\"auto\" width=\"auto\" alt=\"pinterest\" class=\"css-4lml0h e1mlxuuw1\"\/><\/a><img draggable=\"true\" alt=\"casa arte madera\" title=\"casa arte madera \" loading=\"lazy\" width=\"3333\" height=\"2500\" decoding=\"async\" data-nimg=\"1\" style=\"color:transparent;width:100%;height:auto;\"   src=\"https:\/\/www.europesays.com\/it\/wp-content\/uploads\/2025\/11\/butaca-roja-salon-sofa-curvo-692031ffe04aa.jpg\" class=\"css-0 e1g79fud0\"\/><a target=\"_blank\" rel=\"noopener nofollow\" data-theme-key=\"base-link\" href=\"https:\/\/pinterest.com\/pin\/create\/button\/?url=https:\/\/www.elledecor.com\/it\/case\/a69523543\/casa-270-mq-con-pezzi-vintage-arte\/&amp;description=elledecoritalia&amp;media=https:\/\/hips.hearstapps.com\/hmg-prod\/images\/butaca-roja-salon-sofa-curvo-692031ffe04aa.jpg?resize=1600:*\" class=\"pinterest css-on9hn5 e1c1bym14\"><img decoding=\"async\" data-dynamic-svg=\"true\" src=\"https:\/\/www.elledecor.com\/_assets\/design-tokens\/fre\/static\/icons\/social\/pinterest.e8cf655.svg?primary=%2523ffffff\" loading=\"lazy\" data-testid=\"dynamic-svg-base\" height=\"auto\" width=\"auto\" alt=\"pinterest\" class=\"css-4lml0h e1mlxuuw1\"\/><\/a><\/p>\n<p>Mikhail Loskutov<\/p>\n<p><img draggable=\"true\" alt=\"casa arte madera\" title=\"casa arte madera \" loading=\"lazy\" width=\"3334\" height=\"2500\" decoding=\"async\" data-nimg=\"1\" style=\"color:transparent;width:100%;height:auto;\"   src=\"https:\/\/www.europesays.com\/it\/wp-content\/uploads\/2025\/11\/comedor-692032070fb07.jpg\" class=\"css-0 e1g79fud0\"\/><a target=\"_blank\" rel=\"noopener nofollow\" data-theme-key=\"base-link\" href=\"https:\/\/pinterest.com\/pin\/create\/button\/?url=https:\/\/www.elledecor.com\/it\/case\/a69523543\/casa-270-mq-con-pezzi-vintage-arte\/&amp;description=elledecoritalia&amp;media=https:\/\/hips.hearstapps.com\/hmg-prod\/images\/comedor-692032070fb07.jpg?resize=1600:*\" class=\"pinterest css-on9hn5 e1c1bym14\"><img decoding=\"async\" data-dynamic-svg=\"true\" src=\"https:\/\/www.elledecor.com\/_assets\/design-tokens\/fre\/static\/icons\/social\/pinterest.e8cf655.svg?primary=%2523ffffff\" loading=\"lazy\" data-testid=\"dynamic-svg-base\" height=\"auto\" width=\"auto\" alt=\"pinterest\" class=\"css-4lml0h e1mlxuuw1\"\/><\/a>Mikhail Loskutov<\/p>\n<p>Nella sala da pranzo: tavolo di Ruemmler, sedie disegnate da Augusto Savini, cassettiera vintage degli anni <\/p>\n<p data-journey-content=\"true\" data-node-id=\"26\" class=\"css-6wxqfj emevuu60\">Nadya paragona il suo lavoro a quello di un regista cinematografico: \u201cNella mia mente c&#8217;\u00e8 sempre un&#8217;immagine estetica che prende forma in base alla location del progetto e alle abitudini del cliente. Poi scelgo i protagonisti e i personaggi secondari di ogni ambiente\u201d. Il primo \u201cprotagonista\u201d del progetto \u00e8 stata la scultura Horus, di Fran\u00e7ois Stahly, scoperta in una galleria francese. Posizionata all&#8217;incrocio delle due file, \u00e8 visibile da diversi punti dell&#8217;appartamento. \u201c<strong data-node-id=\"26.1\">Volevamo includere pezzi davvero speciali<\/strong> e il budget ce lo permetteva\u201d, commenta Nadya. Nel salotto piccolo, i pezzi chiave sono alcune poltrone vintage, di origine brasiliana e trovate nei Paesi Bassi, mentre nel salotto principale spicca un&#8217;opera di grande formato dell&#8217;artista Leonid Tskhe, acquistata all&#8217;ultimo momento. \u201cTrovare un&#8217;opera di quelle dimensioni non \u00e8 facile\u201d, spiega Nadya. \u201cSi \u00e8 inserita perfettamente, anche se \u00e8 stato l&#8217;ultimo pezzo che abbiamo scelto\u201d.<\/p>\n<p data-journey-content=\"true\" data-node-id=\"30\" class=\"css-6wxqfj emevuu60\">Il risultato \u00e8 un <strong data-node-id=\"30.1\">interno organico, caldo e ricco di carattere<\/strong>, cos\u00ec confortevole che gli stessi designer, dopo aver trascorso molto tempo in questo spazio intriso di arte, hanno deciso di applicare lo stesso approccio alla propria abitazione.<\/p>\n<p><img draggable=\"true\" alt=\"casa arte madera\" title=\"casa arte madera \" loading=\"lazy\" width=\"2500\" height=\"3334\" decoding=\"async\" data-nimg=\"1\" style=\"color:transparent;width:100%;height:auto;\"   src=\"https:\/\/www.europesays.com\/it\/wp-content\/uploads\/2025\/11\/dormitorio-692031fff332a.jpg\" class=\"css-0 e1g79fud0\"\/><a target=\"_blank\" rel=\"noopener nofollow\" data-theme-key=\"base-link\" href=\"https:\/\/pinterest.com\/pin\/create\/button\/?url=https:\/\/www.elledecor.com\/it\/case\/a69523543\/casa-270-mq-con-pezzi-vintage-arte\/&amp;description=elledecoritalia&amp;media=https:\/\/hips.hearstapps.com\/hmg-prod\/images\/dormitorio-692031fff332a.jpg?resize=1600:*\" class=\"pinterest css-on9hn5 e1c1bym14\"><img decoding=\"async\" data-dynamic-svg=\"true\" src=\"https:\/\/www.elledecor.com\/_assets\/design-tokens\/fre\/static\/icons\/social\/pinterest.e8cf655.svg?primary=%2523ffffff\" loading=\"lazy\" data-testid=\"dynamic-svg-base\" height=\"auto\" width=\"auto\" alt=\"pinterest\" class=\"css-4lml0h e1mlxuuw1\"\/><\/a>Mikhail Loskutov<\/p>\n<p>Letto Molteni, comodini Francesco Balzano.<\/p>\n<p><img draggable=\"true\" alt=\"casa arte madera\" title=\"casa arte madera \" loading=\"lazy\" width=\"2500\" height=\"3334\" decoding=\"async\" data-nimg=\"1\" style=\"color:transparent;width:100%;height:auto;\"   src=\"https:\/\/www.europesays.com\/it\/wp-content\/uploads\/2025\/11\/mecedora-chaise-longue-69203207496a4.jpg\" class=\"css-0 e1g79fud0\"\/>Mikhail Loskutov<\/p>\n<p>Un angolo della camera da letto, cassettiera di Luteca, sedia a dondolo di Holly Hunt, applique della Galleria Negropontes e opere di Dmitry Gretsky ed Evgenia Katz.<\/p>\n<p><img draggable=\"true\" alt=\"casa arte madera\" title=\"casa arte madera \" loading=\"lazy\" width=\"2500\" height=\"3334\" decoding=\"async\" data-nimg=\"1\" style=\"color:transparent;width:100%;height:auto;\"   src=\"https:\/\/www.europesays.com\/it\/wp-content\/uploads\/2025\/11\/078-dscf6785-hdr-6920320000bd9.jpg\" class=\"css-0 e1g79fud0\"\/><a target=\"_blank\" rel=\"noopener nofollow\" data-theme-key=\"base-link\" href=\"https:\/\/pinterest.com\/pin\/create\/button\/?url=https:\/\/www.elledecor.com\/it\/case\/a69523543\/casa-270-mq-con-pezzi-vintage-arte\/&amp;description=elledecoritalia&amp;media=https:\/\/hips.hearstapps.com\/hmg-prod\/images\/078-dscf6785-hdr-6920320000bd9.jpg?resize=1600:*\" class=\"pinterest css-on9hn5 e1c1bym14\"><img decoding=\"async\" data-dynamic-svg=\"true\" src=\"https:\/\/www.elledecor.com\/_assets\/design-tokens\/fre\/static\/icons\/social\/pinterest.e8cf655.svg?primary=%2523ffffff\" loading=\"lazy\" data-testid=\"dynamic-svg-base\" height=\"auto\" width=\"auto\" alt=\"pinterest\" class=\"css-4lml0h e1mlxuuw1\"\/><\/a>Mikhail Loskutov<\/p>\n<p>Un altro angolo della camera da letto con poltrone BBPR, cassettiera di Studio Van Den Akker, tavolino di Holly Hunt, lampade vintage degli anni <\/p>\n<p data-journey-content=\"true\" data-node-id=\"36\" class=\"css-6wxqfj emevuu60\"><a href=\"https:\/\/www.instagram.com\/ngananievinteriors\/\" target=\"_blank\" rel=\"nofollow noopener\" data-vars-ga-outbound-link=\"https:\/\/www.instagram.com\/ngananievinteriors\/\" data-vars-ga-ux-element=\"Hyperlink\" data-vars-ga-call-to-action=\"@ngananievinteriors\" data-node-id=\"36.0\" class=\"body-link css-15fjk10 emevuu60\">@ngananievinteriors<\/a><\/p>\n<p data-journey-content=\"true\" data-node-id=\"38\" class=\"css-6wxqfj emevuu60\"><a href=\"https:\/\/www.elledecor.com\/es\/casas\/a69497538\/casa-270-metros-arte-autor-vintage\/\" target=\"_blank\" data-vars-ga-outbound-link=\"https:\/\/www.elledecor.com\/es\/casas\/a69497538\/casa-270-metros-arte-autor-vintage\/\" data-vars-ga-ux-element=\"Hyperlink\" data-vars-ga-call-to-action=\"Da ELLE Decor ES\" data-node-id=\"38.0\" class=\"body-link css-15fjk10 emevuu60\" rel=\"nofollow noopener\">Da ELLE Decor ES<\/a><\/p>\n<p>Servizi piatti bellissimi<a target=\"_blank\" rel=\"nofollow noopener\" data-theme-key=\"product-image-wrapper\" href=\"https:\/\/click.linksynergy.com\/deeplink?id=2fv8O7DnZlc&amp;mid=49049&amp;murl=https%3A%2F%2Fwww.westwing.it%2Fset-18-piatti-in-porcellana-con-bordo-nero-per-6-persone-facile-136727.html&amp;u1=edcit|xid:{xid}\" aria-label=\"139\u00a0\u20ac su westwing.it per Servizio di piatti in porcellana Nessa, 4 persone (12 pz)\" data-href=\"https:\/\/www.westwing.it\/set-18-piatti-in-porcellana-con-bordo-nero-per-6-persone-facile-136727.html\" data-product-url=\"https:\/\/www.westwing.it\/set-18-piatti-in-porcellana-con-bordo-nero-per-6-persone-facile-136727.html\" data-affiliate=\"true\" data-affiliate-url=\"https:\/\/click.linksynergy.com\/deeplink?id=2fv8O7DnZlc&amp;mid=49049&amp;murl=https%3A%2F%2Fwww.westwing.it%2Fset-18-piatti-in-porcellana-con-bordo-nero-per-6-persone-facile-136727.html&amp;u1=edcit|xid:{xid}\" data-affiliate-network=\"{&quot;afflink_redirect&quot;:&quot;\/_p\/afflink\/vX5n\/westwing-servizio-di-piatti-in-porcellana&quot;,&quot;site_id&quot;:&quot;0550d705-7712-4019-a8b2-0f35da30918c&quot;,&quot;network&quot;:{&quot;name&quot;:&quot;Trackonomics&quot;},&quot;metadata&quot;:{&quot;trackonomics&quot;:{&quot;network_name&quot;:&quot;ls&quot;}},&quot;product_metadata&quot;:{&quot;0550d705-7712-4019-a8b2-0f35da30918c&quot;:{&quot;network_name&quot;:&quot;ls&quot;,&quot;link&quot;:&quot;https:\/\/click.linksynergy.com\/deeplink?id=2fv8O7DnZlc&amp;mid=49049&amp;murl=https%3A%2F%2Fwww.westwing.it%2Fset-18-piatti-in-porcellana-con-bordo-nero-per-6-persone-facile-136727.html&amp;u1={subid}&quot;}}}\" data-vars-ga-call-to-action=\"139\u00a0\u20ac su westwing.it\" data-vars-ga-media-role=\"1\" data-vars-ga-media-type=\"Embedded Gallery List\" data-vars-ga-outbound-link=\"https:\/\/www.westwing.it\/set-18-piatti-in-porcellana-con-bordo-nero-per-6-persone-facile-136727.html\" data-vars-ga-product-id=\"e2398474-797c-4dc7-afa4-a4c9579f9e99\" data-vars-ga-product-price=\"139,00\u00a0\u20ac\" data-vars-ga-product-retailer-id=\"f7b9169b-94a8-406b-8006-5197bbfdf3bf\" data-vars-ga-gallery-display=\"list\" data-vars-ga-link-treatment=\"(not set) | (not set)\" data-vars-ga-sku=\"136727\" data-vars-ga-magento-tracking=\"1\" class=\"product-image-link ebgq4gw2 e1b8bpvs0 css-g6od0w e1c1bym14\"><img  alt=\"Servizio di piatti in porcellana Nessa, 4 persone (12 pz)\" title=\"Servizio di piatti in porcellana Nessa, 4 persone (12 pz)\" src=\"https:\/\/www.europesays.com\/it\/wp-content\/uploads\/2025\/11\/1764057558_432_1715760895-2065280.jpg\" width=\"1390\" height=\"1853\" decoding=\"async\" loading=\"lazy\"\/><\/a>Servizio di piatti in porcellana Nessa, 4 persone (12 pz)Credit: Courtesy photo<a target=\"_blank\" rel=\"nofollow noopener\" data-theme-key=\"product-image-wrapper\" href=\"https:\/\/click.linksynergy.com\/deeplink?id=2fv8O7DnZlc&amp;mid=49049&amp;murl=https%3A%2F%2Fwww.westwing.it%2Fservizio-di-piatti-in-porcellana-maira-12-pz-158543.html&amp;u1=edcit|xid:{xid}\" aria-label=\"159\u00a0\u20ac su westwing.it per Servizio di piatti in porcellana Maira, 4 persone (12 pz)\" data-href=\"https:\/\/www.westwing.it\/servizio-di-piatti-in-porcellana-maira-12-pz-158543.html\" data-product-url=\"https:\/\/www.westwing.it\/servizio-di-piatti-in-porcellana-maira-12-pz-158543.html\" data-affiliate=\"true\" data-affiliate-url=\"https:\/\/click.linksynergy.com\/deeplink?id=2fv8O7DnZlc&amp;mid=49049&amp;murl=https%3A%2F%2Fwww.westwing.it%2Fservizio-di-piatti-in-porcellana-maira-12-pz-158543.html&amp;u1=edcit|xid:{xid}\" data-affiliate-network=\"{&quot;site_id&quot;:&quot;0550d705-7712-4019-a8b2-0f35da30918c&quot;,&quot;metadata&quot;:{&quot;trackonomics&quot;:{&quot;network_name&quot;:&quot;ls&quot;}},&quot;network&quot;:{&quot;name&quot;:&quot;Trackonomics&quot;},&quot;product_metadata&quot;:{&quot;0550d705-7712-4019-a8b2-0f35da30918c&quot;:{&quot;network_name&quot;:&quot;ls&quot;,&quot;link&quot;:&quot;https:\/\/click.linksynergy.com\/deeplink?id=2fv8O7DnZlc&amp;mid=49049&amp;murl=https%3A%2F%2Fwww.westwing.it%2Fservizio-di-piatti-in-porcellana-maira-12-pz-158543.html&amp;u1={subid}&quot;}},&quot;afflink_redirect&quot;:&quot;\/_p\/afflink\/vX5m\/westwing-servizio-di-piatti-in-porcellana&quot;}\" data-vars-ga-call-to-action=\"159\u00a0\u20ac su westwing.it\" data-vars-ga-media-role=\"1\" data-vars-ga-media-type=\"Embedded Gallery List\" data-vars-ga-outbound-link=\"https:\/\/www.westwing.it\/servizio-di-piatti-in-porcellana-maira-12-pz-158543.html\" data-vars-ga-product-id=\"1e0081af-6777-4132-a135-92cb6af1ea6c\" data-vars-ga-product-price=\"159,00\u00a0\u20ac\" data-vars-ga-product-retailer-id=\"2f582f60-a84e-4108-a309-281021db4406\" data-vars-ga-gallery-display=\"list\" data-vars-ga-link-treatment=\"(not set) | (not set)\" data-vars-ga-sku=\"158543\" data-vars-ga-magento-tracking=\"1\" class=\"product-image-link ebgq4gw2 e1b8bpvs0 css-g6od0w e1c1bym14\"><img  alt=\"Servizio di piatti in porcellana Maira, 4 persone (12 pz)\" title=\"Servizio di piatti in porcellana Maira, 4 persone (12 pz)\" src=\"https:\/\/www.europesays.com\/it\/wp-content\/uploads\/2025\/11\/1764057558_382_1749724818-DEQ23WES19827-203731_85fef111f9ee13d7cb035bd6252684c5_dtl_1.jpg\" width=\"1140\" height=\"1520\" decoding=\"async\" loading=\"lazy\"\/><\/a>Servizio di piatti in porcellana Maira, 4 persone (12 pz)Credit: Courtesy photo<a target=\"_blank\" rel=\"nofollow noopener\" data-theme-key=\"product-image-wrapper\" href=\"https:\/\/click.linksynergy.com\/deeplink?id=2fv8O7DnZlc&amp;mid=49049&amp;murl=https%3A%2F%2Fwww.westwing.it%2Fset-12-piatti-in-gres-beige-lowri-4-persone-147242.html&amp;u1=edcit|xid:{xid}\" aria-label=\"99\u00a0\u20ac su westwing.it per Servizio di piatti Lowri, 4 persone (12 pz)\" data-href=\"https:\/\/www.westwing.it\/set-12-piatti-in-gres-beige-lowri-4-persone-147242.html\" data-product-url=\"https:\/\/www.westwing.it\/set-12-piatti-in-gres-beige-lowri-4-persone-147242.html\" data-affiliate=\"true\" data-affiliate-url=\"https:\/\/click.linksynergy.com\/deeplink?id=2fv8O7DnZlc&amp;mid=49049&amp;murl=https%3A%2F%2Fwww.westwing.it%2Fset-12-piatti-in-gres-beige-lowri-4-persone-147242.html&amp;u1=edcit|xid:{xid}\" data-affiliate-network=\"{&quot;site_id&quot;:&quot;0550d705-7712-4019-a8b2-0f35da30918c&quot;,&quot;metadata&quot;:{&quot;trackonomics&quot;:{&quot;network_name&quot;:&quot;ls&quot;}},&quot;network&quot;:{&quot;name&quot;:&quot;Trackonomics&quot;},&quot;product_metadata&quot;:{&quot;0550d705-7712-4019-a8b2-0f35da30918c&quot;:{&quot;network_name&quot;:&quot;ls&quot;,&quot;link&quot;:&quot;https:\/\/click.linksynergy.com\/deeplink?id=2fv8O7DnZlc&amp;mid=49049&amp;murl=https%3A%2F%2Fwww.westwing.it%2Fset-12-piatti-in-gres-beige-lowri-4-persone-147242.html&amp;u1={subid}&quot;}},&quot;afflink_redirect&quot;:&quot;\/_p\/afflink\/vX5k\/westwing-servizio-di-piatti-lowri-4&quot;}\" data-vars-ga-call-to-action=\"99\u00a0\u20ac su westwing.it\" data-vars-ga-media-role=\"1\" data-vars-ga-media-type=\"Embedded Gallery List\" data-vars-ga-outbound-link=\"https:\/\/www.westwing.it\/set-12-piatti-in-gres-beige-lowri-4-persone-147242.html\" data-vars-ga-product-id=\"4cd53ec3-e070-4d8b-af9f-9a97feeccfa7\" data-vars-ga-product-price=\"99,00\u00a0\u20ac\" data-vars-ga-product-retailer-id=\"f80e727b-885f-456b-beec-a573371d5837\" data-vars-ga-gallery-display=\"list\" data-vars-ga-link-treatment=\"(not set) | (not set)\" data-vars-ga-sku=\"147242\" data-vars-ga-magento-tracking=\"1\" class=\"product-image-link ebgq4gw2 e1b8bpvs0 css-g6od0w e1c1bym14\"><img  alt=\"Servizio di piatti Lowri, 4 persone (12 pz)\" title=\"Servizio di piatti Lowri, 4 persone (12 pz)\" src=\"https:\/\/www.europesays.com\/it\/wp-content\/uploads\/2025\/11\/1764057559_677_1743782615-DEQ22WES89558-187470_a694cdc4da4f0aa03a2a041e58a5d83f_dtl_1.jpg\" width=\"1140\" height=\"1520\" decoding=\"async\" loading=\"lazy\"\/><\/a>Servizio di piatti Lowri, 4 persone (12 pz)Credit: Courtesy photo<a target=\"_blank\" rel=\"nofollow noopener\" data-theme-key=\"product-image-wrapper\" href=\"https:\/\/click.linksynergy.com\/deeplink?id=2fv8O7DnZlc&amp;mid=49049&amp;murl=https%3A%2F%2Fwww.westwing.it%2Fservizio-di-piatti-in-porcellana-grace-4-persone-12-pz-158958.html&amp;u1=edcit|xid:{xid}\" aria-label=\"55\u00a0\u20ac su westwing.it per Servizio di piatti in porcellana Grace, 4 persone (12 pz)\" data-href=\"https:\/\/www.westwing.it\/servizio-di-piatti-in-porcellana-grace-4-persone-12-pz-158958.html\" data-product-url=\"https:\/\/www.westwing.it\/servizio-di-piatti-in-porcellana-grace-4-persone-12-pz-158958.html\" data-affiliate=\"true\" data-affiliate-url=\"https:\/\/click.linksynergy.com\/deeplink?id=2fv8O7DnZlc&amp;mid=49049&amp;murl=https%3A%2F%2Fwww.westwing.it%2Fservizio-di-piatti-in-porcellana-grace-4-persone-12-pz-158958.html&amp;u1=edcit|xid:{xid}\" data-affiliate-network=\"{&quot;site_id&quot;:&quot;0550d705-7712-4019-a8b2-0f35da30918c&quot;,&quot;metadata&quot;:{&quot;trackonomics&quot;:{&quot;network_name&quot;:&quot;ls&quot;}},&quot;network&quot;:{&quot;name&quot;:&quot;Trackonomics&quot;},&quot;product_metadata&quot;:{&quot;0550d705-7712-4019-a8b2-0f35da30918c&quot;:{&quot;network_name&quot;:&quot;ls&quot;,&quot;link&quot;:&quot;https:\/\/click.linksynergy.com\/deeplink?id=2fv8O7DnZlc&amp;mid=49049&amp;murl=https%3A%2F%2Fwww.westwing.it%2Fservizio-di-piatti-in-porcellana-grace-4-persone-12-pz-158958.html&amp;u1={subid}&quot;}},&quot;afflink_redirect&quot;:&quot;\/_p\/afflink\/vX5j\/westwing-servizio-di-piatti-in-porcellana&quot;}\" data-vars-ga-call-to-action=\"55\u00a0\u20ac su westwing.it\" data-vars-ga-media-role=\"1\" data-vars-ga-media-type=\"Embedded Gallery List\" data-vars-ga-outbound-link=\"https:\/\/www.westwing.it\/servizio-di-piatti-in-porcellana-grace-4-persone-12-pz-158958.html\" data-vars-ga-product-id=\"45fa870f-2be4-4e57-9fab-0f9ff04e0fb4\" data-vars-ga-product-price=\"54,99\u00a0\u20ac\" data-vars-ga-product-retailer-id=\"dc36fa30-f3e4-4f63-a29d-5da234658129\" data-vars-ga-gallery-display=\"list\" data-vars-ga-link-treatment=\"sale | (not set)\" data-vars-ga-sku=\"158958\" data-vars-ga-magento-tracking=\"1\" class=\"product-image-link ebgq4gw2 e1b8bpvs0 css-g6od0w e1c1bym14\"><img  alt=\"Servizio di piatti in porcellana Grace, 4 persone (12 pz)\" title=\"Servizio di piatti in porcellana Grace, 4 persone (12 pz)\" src=\"https:\/\/www.europesays.com\/it\/wp-content\/uploads\/2025\/11\/1764057559_467_1746189166-DEQ23WES73623-204261_53dd3e8d4b55ea58131626770e02d028_dtl_1.jpg\" width=\"1140\" height=\"1520\" decoding=\"async\" loading=\"lazy\"\/><\/a>Servizio di piatti in porcellana Grace, 4 persone (12 pz)<\/p>\n<p>Ora in sconto del 15%<\/p>\n<p>Credit: Courtesy photoRelated Stories<img src=\"https:\/\/www.europesays.com\/it\/wp-content\/uploads\/2025\/11\/0a0b1622-6a69-46fb-adaf-3452beb84e95_1700567459.file\" alt=\"Headshot of Redacci\u00f3n Elle Decor\" title=\"Headshot of Redacci\u00f3n Elle Decor\" width=\"100%\" height=\"100%\" decoding=\"async\" loading=\"lazy\" class=\"css-o0wq4v ev8dhu53\"\/><\/p>\n<p>\u00a0Desde que lleg\u00f3 a los quioscos espa\u00f1oles por primera vez, en mayo de 1989, ELLE DECOR se ha convertido en una de las publicaciones de referencia en el sector del interiorismo y el dise\u00f1o. Cada d\u00eda en la web y todos los meses en la revista en papel ofrecemos las \u00faltimas novedades en decoraci\u00f3n, dise\u00f1o, arquitectura, arte y lifestyle.<\/p>\n<p>Adem\u00e1s de informarte sobre las \u00faltimas noticias, la redacci\u00f3n de ELLE DECOR selecciona las im\u00e1genes m\u00e1s inspiradoras de los mejores proyectos de interiorismo, entrevista a los dise\u00f1adores, artesanos y artistas del momento para que conozcas su obra y rastrea en busca de nuevas aperturas de restaurantes, hoteles y tiendas.<\/p>\n<p>A nivel internacional, ELLE DECOR est\u00e1 presente en 25 pa\u00edses y es la revista con m\u00e1s prestigio tanto entre los lectores como entre los profesionales del dise\u00f1o.\u00a0<\/p>\n<p><script async src=\"\/\/www.instagram.com\/embed.js\"><\/script><\/p>\n","protected":false},"excerpt":{"rendered":"A volte i percorsi professionali si incrociano in modo del tutto naturale, come se l&#8217;incontro fosse destinato ad&hellip;\n","protected":false},"author":3,"featured_media":231170,"comment_status":"","ping_status":"","sticky":false,"template":"","format":"standard","meta":{"footnotes":""},"categories":[1446],"tags":[1615,1613,1614,1611,1610,2366,1612,1616,203,204,1537,90,89,22012],"class_list":{"0":"post-231169","1":"post","2":"type-post","3":"status-publish","4":"format-standard","5":"has-post-thumbnail","7":"category-arte-e-design","8":"tag-arte","9":"tag-arte-e-design","10":"tag-arteedesign","11":"tag-arts","12":"tag-arts-and-design","13":"tag-casa-bellissima","14":"tag-design","15":"tag-discover","16":"tag-entertainment","17":"tag-intrattenimento","18":"tag-it","19":"tag-italia","20":"tag-italy","21":"tag-vintage"},"share_on_mastodon":{"url":"https:\/\/pubeurope.com\/@it\/115609284281973767","error":""},"_links":{"self":[{"href":"https:\/\/www.europesays.com\/it\/wp-json\/wp\/v2\/posts\/231169","targetHints":{"allow":["GET"]}}],"collection":[{"href":"https:\/\/www.europesays.com\/it\/wp-json\/wp\/v2\/posts"}],"about":[{"href":"https:\/\/www.europesays.com\/it\/wp-json\/wp\/v2\/types\/post"}],"author":[{"embeddable":true,"href":"https:\/\/www.europesays.com\/it\/wp-json\/wp\/v2\/users\/3"}],"replies":[{"embeddable":true,"href":"https:\/\/www.europesays.com\/it\/wp-json\/wp\/v2\/comments?post=231169"}],"version-history":[{"count":0,"href":"https:\/\/www.europesays.com\/it\/wp-json\/wp\/v2\/posts\/231169\/revisions"}],"wp:featuredmedia":[{"embeddable":true,"href":"https:\/\/www.europesays.com\/it\/wp-json\/wp\/v2\/media\/231170"}],"wp:attachment":[{"href":"https:\/\/www.europesays.com\/it\/wp-json\/wp\/v2\/media?parent=231169"}],"wp:term":[{"taxonomy":"category","embeddable":true,"href":"https:\/\/www.europesays.com\/it\/wp-json\/wp\/v2\/categories?post=231169"},{"taxonomy":"post_tag","embeddable":true,"href":"https:\/\/www.europesays.com\/it\/wp-json\/wp\/v2\/tags?post=231169"}],"curies":[{"name":"wp","href":"https:\/\/api.w.org\/{rel}","templated":true}]}}