{"id":231188,"date":"2025-11-25T08:11:10","date_gmt":"2025-11-25T08:11:10","guid":{"rendered":"https:\/\/www.europesays.com\/it\/231188\/"},"modified":"2025-11-25T08:11:10","modified_gmt":"2025-11-25T08:11:10","slug":"zaia-festeggia-il-boom-in-veneto-ecco-cosa-intendevo-quando-dicevo-saro-un-problema","status":"publish","type":"post","link":"https:\/\/www.europesays.com\/it\/231188\/","title":{"rendered":"Zaia festeggia il boom in Veneto: \u00abEcco cosa intendevo quando dicevo sar\u00f2 un problema\u00bb"},"content":{"rendered":"<p>    di<br \/>\n    Cesare Zapperi<\/p>\n<p class=\"summary-art is-line-h-12\">Oltre 190 mila preferenze per il governatore uscente del Veneto: \u00abE da oggi sono ricandidabile\u00bb<\/p>\n<p class=\"chapter-paragraph\">DAL NOSTRO INVIATO\u00a0<br \/>PADOVA &#8211; \u00abDa oggi sono ricandidabile\u00bb. <b>Luca Zaia<\/b>, di fronte al successo suo personale e della Lega, la butta l\u00ec con un sorriso sardonico. \u00c8 <b>una frase a met\u00e0 tra la provocazione e la boutade<\/b>, ma dice molto dello spirito di chi ha combattuto in solitaria una battaglia che molti volevano vietargli (no al terzo mandato, no alla lista Zaia, no al nome nel simbolo). Lo spirito di chi vuole far capire che, anche se da oggi si trova nella insolita veste di \u00absemplice\u00bb consigliere, <b>non toglier\u00e0 il disturbo tanto facilmente.<\/b> Di sicuro in Veneto, ma chiss\u00e0 se anche su un piano pi\u00f9 generale (c\u2019\u00e8 chi ha ipotizzato un ruolo da vicesegretario della Lega).<\/p>\n<p>    Il record di consensi<\/p>\n<p class=\"chapter-paragraph\">In attesa di capire quale sar\u00e0 il futuro, <a href=\"https:\/\/corrieredelveneto.corriere.it\/politica\/diretta-live\/25_novembre_24\/elezioni-regionali-veneto-2025.shtml\" title=\"Elezioni regionali in Veneto 2025, il vincitore \u00e8 Alberto Stefani con oltre il 60%: \u00abSar\u00f2 il sindaco dei veneti\u00bb. La Lega vince la sfida con Fdi, boom di preferenze per Luca Zaia\" rel=\"nofollow noopener\" target=\"_blank\">dalle urne emerge che<\/a> sono stati <b>moltissimi i veneti che hanno ascoltato il consiglio \u00abDopo Zaia, scrivi Zaia\u00bb<\/b>. Quando lo scrutinio \u00e8 arrivato quasi al termine, gli elettori che hanno scritto il nome del presidente uscente hanno <b>sfondato la soglia dei 190 mila<\/b>. Un successo indiscutibile che poteva essere ancora pi\u00f9 rotondo se l\u2019affluenza alle urne non avesse subito un tracollo. \u00abSe dopo 15 anni di governo ancora cos\u00ec tanta gente mi vuole bene significa che ho lavorato bene\u00bb commenta dal suo quartier generale di Treviso il Doge.    &#13;<br \/>\n&#13;<br \/>\n&#13;<br \/>\n&#13;<br \/>\n&#13;<br \/>\n&#13;<br \/>\n&#13;<br \/>\n&#13;<br \/>\n&#13;<br \/>\n&#13;<br \/>\n&#13;<br \/>\n&#13;<br \/>\n&#13;<br \/>\n&#13;<br \/>\n&#13;<br \/>\n&#13;<br \/>\n&#13;<br \/>\n&#13;<br \/>\n&#13;<br \/>\n&#13;<br \/>\n&#13;<br \/>\n&#13;<br \/>\n&#13;<br \/>\n&#13;<br \/>\n&#13;<br \/>\n&#13;<br \/>\n&#13;<br \/>\n&#13;<br \/>\n&#13;<br \/>\n&#13;<br \/>\n&#13;<br \/>\n&#13;<br \/>\n&#13;<br \/>\n&#13;<br \/>\n&#13;<br \/>\n&#13;<br \/>\n&#13;<br \/>\n&#13;<br \/>\n&#13;<br \/>\n&#13;<br \/>\n&#13;<br \/>\n&#13;<br \/>\n&#13;<br \/>\n&#13;<br \/>\n&#13;<br \/>\n&#13;<br \/>\n&#13;<br \/>\n&#13;<br \/>\n&#13;<br \/>\n&#13;<br \/>\n&#13;<br \/>\n&#13;<br \/>\n&#13;\n<\/p>\n<p class=\"chapter-paragraph\"><a href=\"https:\/\/corrieredelveneto.corriere.it\/notizie\/politica\/25_novembre_24\/dopo-zaia-scrivi-zaia-alle-urne-il-successo-nelle-preferenze-del-governatore-del-veneto-che-non-poteva-ricandidarsi-presidente-6fb2b636-f610-43f0-aee5-9346f289exlk.shtml\" title=\"\u00abDopo Zaia, scrivi Zaia\u00bb, lo slogan e il successo alle urne: verso le 180mila preferenze in Veneto. \u00abMa con la mia lista la coalizione oggi avrebbe pi\u00f9 consiglieri\u00bb\" rel=\"nofollow noopener\" target=\"_blank\">Zaia fa il boom di consensi<\/a> a Treviso, Vicenza e Venezia (tra le 25 mila e le 30 mila preferenze in ciascuna provincia). I <b>riconoscimenti e i complimenti<\/b> gli arrivano da ogni dove, compreso Matteo Renzi (\u00abCi sono tre vincitori: i candidati presidente eletti, il centrosinistra e Luca Zaia\u00bb). In proporzione, <b>sono meno caldi quelli di marca leghista<\/b>. Per Matteo Salvini il risultato brillante \u00e8 da condividere equamente tra il presidente uscente, il suo successore e \u00abtanti militanti senza nome che non hanno mai mollato\u00bb. <b>Non una manifestazione di grande affettuosit\u00e0<\/b> anche se il segretario si affretta a predire per Zaia un futuro importante. \u00abLuca pu\u00f2 fare tutto. Potr\u00e0 continuare a servire il suo popolo come meglio creder\u00e0\u00bb. <b>Stefani \u00e8 pi\u00f9 generoso: \u00abSpero rimanga in squadra per i prossimi trent\u2019anni\u00bb<\/b>.<\/p>\n<p>APPROFONDISCI CON IL PODCAST<\/p>\n<p>    \u00abGuardate i dati\u00bb<\/p>\n<p class=\"chapter-paragraph\">Mentre i dati sulle preferenze affluiscono, <b>il Doge sottolinea: \u00abAdesso tutti hanno capito cosa intendevo quando dicevo vedr\u00f2 di essere un problema<\/b>. Andate a guardare i dati e capirete\u00bb. E per essere ancora pi\u00f9 chiaro: <b>\u00abSe oggi avessimo avuto la Lista Zaia questa maggioranza avrebbe avuto ancora pi\u00f9 consiglieri<\/b>. Si governa con i consiglieri non con le chiacchiere. E noi qui stiamo compiendo una missione impossibile se pensiamo agli ultimi risultati delle Europee\u00bb.\u00a0<\/p>\n<p class=\"chapter-paragraph\">Nel momento del successo conquistato, <b>la mente corre alle ultime settimane di campagna elettorale in un clima in cui Fratelli d\u2019Italia ha fatto capire chiaramente di aver sofferto la sua discesa in campo<\/b> (anche se nessuno avrebbe mai immaginato che la Lega potesse ottenere il doppio dei voti): \u00abDevo dire che non \u00e8 stata una passeggiata. \u00c8 vero che ero uscente, \u00e8 vero che ero capolista, ma molti pensavano che il capolista veniva eletto automaticamente. \u00c8 altrettanto vero che i miei colleghi di squadra, umanamente magari, dicevano anche che non serviva la preferenza a Zaia (come ha fatto l\u2019assessore uscente Roberto Marcato invitando a non scrivere la preferenza per il suo presidente, ndr), perch\u00e9 comunque ne ha tante, e quindi non \u00e8 stato facile, per\u00f2 \u00e8 pur vero che c\u2019\u00e8 sempre questa adrenalina da elezioni\u00bb.<\/p>\n<p>    Il futuro<\/p>\n<p class=\"chapter-paragraph\">Nell\u2019immediato <b>Zaia non abbandoner\u00e0 i palazzi<\/b> che sono stati la sua casa negli ultimi 15 anni. <b>\u00abFar\u00f2 sicuramente il consigliere regionale\u00bb<\/b> assicura mentre si affollano le richieste di sapere se si candider\u00e0 a sindaco di Venezia o se, invece, scender\u00e0 in campo per conquistare lo scranno alla Camera lasciato libero da Stefani. \u00abNon so dire cosa far\u00f2 in futuro, anche perch\u00e9 la vicenda di Venezia piuttosto che il tema delle suppletive in Parlamento sono fatti che arriveranno ad aprile-maggio, quindi per ora bisogna concentrarsi sul lavoro\u00bb. <b>Il risultato veneto cos\u00ec brillante rilancia anche il tema del modello partito<\/b>. Per Zaia la strada tracciata in Germania da Cdu e Csu (partito locale e nazionale uniti in un patto federativo) \u00e8 la via migliore per dare risposta alle diverse istanze provenienti da Nord e Sud. Salvini non ne \u00e8 convinto ma il nodo \u00e8 tutt\u2019altro che sciolto.<\/p>\n<p>        La newsletter Diario Politico<\/p>\n<p class=\"chapter-paragraph\">Se vuoi restare aggiornato sulle notizie di politica iscriviti alla newsletter &#8220;Diario Politico&#8221;. E&#8217; dedicata agli abbonati al Corriere della Sera e arriva due volte alla settimana alle 12. Basta cliccare <a style=\"text-decoration:underline;\" href=\"https:\/\/www.corriere.it\/newsletter\/?theme=51\" rel=\"nofollow noopener\" target=\"_blank\">qui<\/a>.<\/p>\n<p class=\"is-last-update\" datetime=\"2025-11-25T07:59:53+01:00\">24 novembre 2025 ( modifica il 25 novembre 2025 | 07:59)<\/p>\n<p class=\"is-copyright\">\n            \u00a9 RIPRODUZIONE RISERVATA\n        <\/p>\n","protected":false},"excerpt":{"rendered":"di Cesare Zapperi Oltre 190 mila preferenze per il governatore uscente del Veneto: \u00abE da oggi sono ricandidabile\u00bb&hellip;\n","protected":false},"author":3,"featured_media":231189,"comment_status":"","ping_status":"","sticky":false,"template":"","format":"standard","meta":{"footnotes":""},"categories":[6],"tags":[136977,2903,6602,921,6880,16316,30275,41,1416,14,728,34015,73791,8,74923,136974,1537,90,89,109,113,130,6991,34863,114,7,1693,15,82,9,83,10,29,8397,21251,135,136975,1885,136976,6811,116,10335,1857,4380,1886,2453,13,442,11,80,84,12,81,85,338,68674,4381,108,222,5489,4969,110],"class_list":{"0":"post-231188","1":"post","2":"type-post","3":"status-publish","4":"format-standard","5":"has-post-thumbnail","7":"category-ultime-notizie","8":"tag-abbandonera","9":"tag-boom","10":"tag-brillante","11":"tag-campo","12":"tag-capire","13":"tag-capolista","14":"tag-consensi","15":"tag-consigliere","16":"tag-consiglieri","17":"tag-cronaca","18":"tag-dati","19":"tag-dicevo","20":"tag-doge","21":"tag-headlines","22":"tag-intendevo","23":"tag-intendevo-dicevo","24":"tag-it","25":"tag-italia","26":"tag-italy","27":"tag-lega","28":"tag-lista","29":"tag-lista-zaia","30":"tag-luca","31":"tag-luca-zaia","32":"tag-matteo","33":"tag-news","34":"tag-nome","35":"tag-notizie","36":"tag-notizie-di-cronaca","37":"tag-notizie-principali","38":"tag-notiziedicronaca","39":"tag-notizieprincipali","40":"tag-partito","41":"tag-preferenza","42":"tag-preferenze","43":"tag-presidente","44":"tag-presidente-uscente","45":"tag-problema","46":"tag-ricandidabile","47":"tag-risultato","48":"tag-salvini","49":"tag-spirito","50":"tag-squadra","51":"tag-stefani","52":"tag-successo","53":"tag-tema","54":"tag-titoli","55":"tag-treviso","56":"tag-ultime-notizie","57":"tag-ultime-notizie-di-cronaca","58":"tag-ultime-notizie-e-news-di-oggi","59":"tag-ultimenotizie","60":"tag-ultimenotiziedicronaca","61":"tag-ultimenotizieenewsdioggi","62":"tag-ultimi","63":"tag-urne","64":"tag-uscente","65":"tag-veneto","66":"tag-venezia","67":"tag-vero","68":"tag-vuole","69":"tag-zaia"},"share_on_mastodon":{"url":"","error":"Validation failed: Text character limit of 500 exceeded"},"_links":{"self":[{"href":"https:\/\/www.europesays.com\/it\/wp-json\/wp\/v2\/posts\/231188","targetHints":{"allow":["GET"]}}],"collection":[{"href":"https:\/\/www.europesays.com\/it\/wp-json\/wp\/v2\/posts"}],"about":[{"href":"https:\/\/www.europesays.com\/it\/wp-json\/wp\/v2\/types\/post"}],"author":[{"embeddable":true,"href":"https:\/\/www.europesays.com\/it\/wp-json\/wp\/v2\/users\/3"}],"replies":[{"embeddable":true,"href":"https:\/\/www.europesays.com\/it\/wp-json\/wp\/v2\/comments?post=231188"}],"version-history":[{"count":0,"href":"https:\/\/www.europesays.com\/it\/wp-json\/wp\/v2\/posts\/231188\/revisions"}],"wp:featuredmedia":[{"embeddable":true,"href":"https:\/\/www.europesays.com\/it\/wp-json\/wp\/v2\/media\/231189"}],"wp:attachment":[{"href":"https:\/\/www.europesays.com\/it\/wp-json\/wp\/v2\/media?parent=231188"}],"wp:term":[{"taxonomy":"category","embeddable":true,"href":"https:\/\/www.europesays.com\/it\/wp-json\/wp\/v2\/categories?post=231188"},{"taxonomy":"post_tag","embeddable":true,"href":"https:\/\/www.europesays.com\/it\/wp-json\/wp\/v2\/tags?post=231188"}],"curies":[{"name":"wp","href":"https:\/\/api.w.org\/{rel}","templated":true}]}}