{"id":231411,"date":"2025-11-25T11:38:12","date_gmt":"2025-11-25T11:38:12","guid":{"rendered":"https:\/\/www.europesays.com\/it\/231411\/"},"modified":"2025-11-25T11:38:12","modified_gmt":"2025-11-25T11:38:12","slug":"che-fine-ha-fatto-caroline-tronelli-la-nuova-vita-e-laddio-a-de-martino-questo-e-solo-linizio","status":"publish","type":"post","link":"https:\/\/www.europesays.com\/it\/231411\/","title":{"rendered":"Che fine ha fatto Caroline Tronelli? La nuova vita e l&#8217;addio a De Martino: &#8220;Questo \u00e8 solo l&#8217;inizio&#8221;"},"content":{"rendered":"<p>Che fine ha fatto Caroline? S\u00ec, \u201cquella&#8221; Caroline l\u00ec. Caroline Tronelli, la ragazza che fino a mesi fa era una perfetta sconosciuta e poi \u00e8 salita &#8211; anche suo malgrado &#8211; alla ribalta delle pagine di cronaca rosa.\u00a0<\/p>\n<p>L&#8217;ascesa di Caroline Tronelli, (ex?) fidanzata di Stefano De Martino<\/p>\n<p>22 anni, napoletana, Caroline deve la sua popolarit\u00e0 alla<a href=\"https:\/\/www.today.it\/gossip\/vip\/stefano-de-martino-caroline-tronelli-foto-insieme.html\" target=\"_blank\" rel=\"nofollow noopener\"> storia con Stefano De Martino<\/a>. Di fatto la ragazza \u00e8 stata la prima e vera unica fiamma del presentatore con cui quest&#8217;ultimo \u00e8 uscito allo scoperto. Ma senza che lui cavalcasse il gossip (ormai a Stefano non interessa pi\u00f9, sono lontani i tempi del matrimonio con Bel\u00e9n Rodriguez, una storia a dir poco sotto i riflettori). Ormai, infatti, De Martino \u00e8 un conduttore impegnato (o almeno questa \u00e8 l&#8217;immagine su cui sta lavorando da anni l&#8217;ex ballerino di Amici di Maria De Filippi).\u00a0<\/p>\n<p>Dopo la fine definitiva della storia con Bel\u00e9n &#8211; dal loro amore \u00e8 anche nato un meraviglioso bambino, Santiago &#8211; Stefano pare abbia avuto diversi flirt. Fino all&#8217;ultimo, quello con Caroline, che si era trasformato in una vera storia d&#8217;amore. <a href=\"https:\/\/www.today.it\/gossip\/stefano-de-martino-caroline-tronelli-lasciati.html\" target=\"_blank\" rel=\"nofollow noopener\">Storia che, per\u00f2, pare sia finita<\/a>. Non vi \u00e8 una certezza al riguardo, potrebbe anche essere che i due semplicemente stiano cercando riservatezza.<\/p>\n<p>Riservatezza a cui tengono particolarmente, considerando soprattutto le <a href=\"https:\/\/www.today.it\/gossip\/vip\/stefano-de-martino-fidanzata-caroline-tronelli-instagram.html\" target=\"_blank\" rel=\"nofollow noopener\">gravi violazioni di cui sono stati vittime<\/a>. Qualcuno, infatti, ha illecitamente carpito e diffuso alcune immagini della loro intimit\u00e0 attraverso le videocamere di videosorveglianza dell&#8217;abitazione di Tronelli.<\/p>\n<p><a href=\"https:\/\/www.today.it\/gossip\/stefano-de-martino-caroline-tronelli-lasciati.html\" target=\"_blank\" rel=\"nofollow noopener\">Stefano De Martino e Caroline Tronelli non si vedono pi\u00f9 insieme: cosa sta succedendo<\/a><a href=\"https:\/\/www.today.it\/gossip\/vip\/stefano-caroline-lite-foto.html\" target=\"_blank\" rel=\"nofollow noopener\">Stefano De Martino e Caroline Tronelli, scoppia la lite in un ristorante: cos&#8217;\u00e8 successo<\/a>Che fine ha fatto Caroline Tronelli<\/p>\n<p>A proposito di lei, ma che fine ha fatto? Dopo un periodo di assoluto silenzio, ora Caroline \u00e8 tornata sui social: Instagram e TikTok. I pi\u00f9 attenti, infatti, avranno notato che lei su Instagram aveva postato alcuni contenuti il 25 agosto, mantenendo comunque il profilo privato. Poi, dal 25 ottobre, via libera.\u00a0<\/p>\n<p>Nuovi post e adesso il profilo pubblico. Dunque tutti possono visualizzare liberamente i suoi contenuti. E i follower crescono. Basti pensare che a luglio scorso era seguita da meno di 31.000 persone mentre adesso da pi\u00f9 del doppio. E anche su TikTok Caroline ama condividere post specialmente relativi alla moda, rispondendo anche alle curiosit\u00e0 dei follower. Solo quelle sugli abiti indossati, ovviamente. Su Stefano tutto tace, ma l&#8217;addio sembra l&#8217;epilogo pi\u00f9 plausibile.<\/p>\n<p>E cos\u00ec Caroline si sta immergendo a pieno nel lavoro, lasciandosi alle spalle il gossip. Fanpage spiega che la ragazza \u201cforte della fama guadagnata in virt\u00f9 della relazione con il celebre volto Rai, ha iniziato a pubblicare contenuti con cui prova a costruire un rapporto con la platea che la segue\u201d. E fioccano i primi #adv, la dicitura che segnala che per mostrare un determinato prodotto, l&#8217;influencer &#8211; perch\u00e9 ormai di questo si tratta &#8211; ha ricevuto un compenso.\u00a0<\/p>\n<p>\u201cPer la prima volta nel ruolo di influencer pagata\u201d<\/p>\n<p>\u201cPer la prima volta da quando \u00e8 diventata nota, Tronelli ha partecipato a un evento nel ruolo di influencer pagata. Per ora \u00e8 solo un inizio, ma Caroline sembrerebbe avere tutta l\u2019intenzione di sfruttare la notoriet\u00e0 raggiunta per lanciare una nuova carriera\u201d, si legge nero su bianco.\u00a0<\/p>\n<p>Cos\u00ec Tronelli &#8211; che adesso si mostra anche in filmati parlati &#8211; inizia a sviluppare meglio la propria attivit\u00e0 lavorativa. Com&#8217;\u00e8 giusto che sia, mossa da una forte passione, non certo per bisogno economico. Caroline, infatti, arriva da una famiglia di imprenditori partenopei. Il padre \u00e8 il fondatore della Tron Group Holding, che si occupa di consulenze. Il fratello, Francesco Tronelli, \u00e8 invece il fondatore e CEO di North Beachwear, un marchio dedicato completamente all&#8217;abbigliamento da mare, nell&#8217;ambito anche del lusso.<\/p>\n<blockquote class=\"tiktok-embed\" style=\"max-width:605px;min-width:325px;\" cite=\"https:\/\/www.tiktok.com\/@caroline.tronelli\/video\/7575234298366676227\" data-video-id=\"7575234298366676227\">\n<p><a href=\"https:\/\/www.tiktok.com\/@caroline.tronelli?refer=embed\" target=\"_blank\" title=\"@caroline.tronelli\" rel=\"nofollow noopener\">@caroline.tronelli<\/a><\/p>\n<p>\u00a0<\/p>\n<p><a href=\"https:\/\/www.tiktok.com\/music\/suono-originale-7575234319925431043?refer=embed\" target=\"_blank\" title=\"\u266c suono originale - Caroline.tronelli\" rel=\"nofollow noopener\">\u266c suono originale &#8211; Caroline.tronelli<\/a><\/p>\n<\/blockquote>\n<p>      <script async src=\"\/\/www.tiktok.com\/embed.js\"><\/script><\/p>\n","protected":false},"excerpt":{"rendered":"Che fine ha fatto Caroline? S\u00ec, \u201cquella&#8221; Caroline l\u00ec. Caroline Tronelli, la ragazza che fino a mesi fa&hellip;\n","protected":false},"author":3,"featured_media":231412,"comment_status":"","ping_status":"","sticky":false,"template":"","format":"standard","meta":{"footnotes":""},"categories":[1451],"tags":[1765,1621,1620,137125,203,204,1537,90,89,1766],"class_list":{"0":"post-231411","1":"post","2":"type-post","3":"status-publish","4":"format-standard","5":"has-post-thumbnail","7":"category-celebrita","8":"tag-caroline-tronelli","9":"tag-celebrita","10":"tag-celebrities","11":"tag-che-fine-ha-fatto-caroline-tronelli","12":"tag-entertainment","13":"tag-intrattenimento","14":"tag-it","15":"tag-italia","16":"tag-italy","17":"tag-stefano-de-martino"},"share_on_mastodon":{"url":"https:\/\/pubeurope.com\/@it\/115610144933745866","error":""},"_links":{"self":[{"href":"https:\/\/www.europesays.com\/it\/wp-json\/wp\/v2\/posts\/231411","targetHints":{"allow":["GET"]}}],"collection":[{"href":"https:\/\/www.europesays.com\/it\/wp-json\/wp\/v2\/posts"}],"about":[{"href":"https:\/\/www.europesays.com\/it\/wp-json\/wp\/v2\/types\/post"}],"author":[{"embeddable":true,"href":"https:\/\/www.europesays.com\/it\/wp-json\/wp\/v2\/users\/3"}],"replies":[{"embeddable":true,"href":"https:\/\/www.europesays.com\/it\/wp-json\/wp\/v2\/comments?post=231411"}],"version-history":[{"count":0,"href":"https:\/\/www.europesays.com\/it\/wp-json\/wp\/v2\/posts\/231411\/revisions"}],"wp:featuredmedia":[{"embeddable":true,"href":"https:\/\/www.europesays.com\/it\/wp-json\/wp\/v2\/media\/231412"}],"wp:attachment":[{"href":"https:\/\/www.europesays.com\/it\/wp-json\/wp\/v2\/media?parent=231411"}],"wp:term":[{"taxonomy":"category","embeddable":true,"href":"https:\/\/www.europesays.com\/it\/wp-json\/wp\/v2\/categories?post=231411"},{"taxonomy":"post_tag","embeddable":true,"href":"https:\/\/www.europesays.com\/it\/wp-json\/wp\/v2\/tags?post=231411"}],"curies":[{"name":"wp","href":"https:\/\/api.w.org\/{rel}","templated":true}]}}