{"id":231461,"date":"2025-11-25T12:18:11","date_gmt":"2025-11-25T12:18:11","guid":{"rendered":"https:\/\/www.europesays.com\/it\/231461\/"},"modified":"2025-11-25T12:18:11","modified_gmt":"2025-11-25T12:18:11","slug":"lorenzo-buffon-morto-lex-portiere-del-milan-aveva-95-anni-la-parentela-con-gigi","status":"publish","type":"post","link":"https:\/\/www.europesays.com\/it\/231461\/","title":{"rendered":"Lorenzo Buffon morto: l&#8217;ex portiere del Milan aveva 95 anni. La parentela con Gigi"},"content":{"rendered":"<p>                                Friulano di nascita, vinse cinque scudetti in rossonero e gioc\u00f2 anche con Genoa, Inter e Fiorentina, oltre che in Nazionale per 15 partite. Era cugino di secondo grado del nonno del capo delegazione azzurro<\/p>\n<p>                    25 novembre 2025 (modifica alle 12:23)  &#8211; MILANO<\/p>\n<p class=\"paragraph\" spellcheck=\"true\">Lorenzo Buffon \u00e8 morto per arresto cardiaco a Latisana, in provincia di Udine, dove viveva. Aveva 95 anni ed \u00e8 stato uno dei grandi portieri nella storia del calcio italiano. Ne ha dato notizia la figlia, che ha spiegato come i funerali si svolgeranno in forma privata. Buffon negli anni 50 gioc\u00f2 e vinse cinque scudetti con il Milan, vivendo una storica rivalit\u00e0 con Giorgio Ghezzi, portiere dell&#8217;Inter. Nella sua lunga carriera, indoss\u00f2 anche le maglie di Genoa, Fiorentina e Inter, per 15 partite gioc\u00f2 con la Nazionale. Buffon era cugino di secondo grado del nonno di Gigi.<\/p>\n<p>    buffon e la nazionale\u2014 \u00a0<\/p>\n<p class=\"paragraph\" spellcheck=\"true\">Buffon in azzurro indoss\u00f2 per cinque volte la fascia di capitano, dividendo la stanza dei ritiri con Giampiero Boniperti e partecipando alla sfortunata spedizione al Mondiale &#8217;62. Il presidente Giovanni Gronchi lo insign\u00ec del titolo di Cavaliere del Lavoro per una partita contro l&#8217;Inghilterra che gli cost\u00f2 il naso e diverse costole rotte. Soprannominato &#8220;Tenaglia&#8221; per la sua presa, era considerato anche dalla Fifa tra i portieri pi\u00f9 forti al mondo e fu incluso con Lev Jascin nella squadra Fifa-All Star degli anni &#8217;60. Al portiere russo, unico nel ruolo a vincere un pallone d&#8217;oro, fu legato da un&#8217;amicizia sincera.\u00a0La Figc e il presidente Gabriele Gravina si sono uniti al cordoglio dei familiari.<\/p>\n<p>    la carriera oltre il milan\u2014 \u00a0<\/p>\n<p class=\"paragraph\" spellcheck=\"true\">Buffon gioc\u00f2 nel Milan del mitico Gre-No-Li.\u00a0Nel &#8217;59, dopo 300 presenze tra i pali dei rossoneri, il passaggio al Genoa, transizione verso la maglia nerazzurra un anno dopo: anche l\u00ec vinse lo scudetto, quello del &#8217;63 che diede il via all&#8217;era della Grande Inter. Poi il passaggio alla Fiorentina e la fine carriera a 36 anni.<\/p>\n<p>    fuori dal campo: edy campagnoli\u2014 \u00a0<\/p>\n<p class=\"paragraph\" spellcheck=\"true\">Buffon in un&#8217;altra epoca fu protagonista di calcio e costume, come sarebbe poi successo a molti. Nel 1958 si spos\u00f2 con Edy Campagnoli, famosa per essere la valletta di Mike Bongiorno a &#8220;Lascia o Raddoppia?&#8221;.\u00a0Buffon raccont\u00f2 che si erano conosciuti dopo che Edy andava allo stadio a vederlo piazzandosi dietro la sua porta. &#8220;L&#8217;abbiamo conosciuta signorina, la lasciamo signora, speriamo di ritrovarla mamma&#8221;, disse Mike Bongiorno prima delle nozze. Al termine della carriera, raccont\u00f2 poi Buffon, divenne amico di Frank Sinatra e fu ingaggiato da Silvio Berlusconi come osservatore in Friuli.<\/p>\n<p class=\"is-above-copyright is-mr-r-10\" spellcheck=\"true\">La Gazzetta dello Sport<\/p>\n<p class=\"is-copyright\">\u00a9 RIPRODUZIONE RISERVATA<\/p>\n","protected":false},"excerpt":{"rendered":"Friulano di nascita, vinse cinque scudetti in rossonero e gioc\u00f2 anche con Genoa, Inter e Fiorentina, oltre che&hellip;\n","protected":false},"author":3,"featured_media":231462,"comment_status":"","ping_status":"","sticky":false,"template":"","format":"standard","meta":{"footnotes":""},"categories":[6],"tags":[7920,2484,7448,137133,721,137134,1902,631,137096,14,11017,137135,137136,137132,137137,32956,2263,6298,9799,2024,4941,137138,8,44408,350,1537,90,89,553,7,15,82,9,83,10,2855,13,11,80,84,12,81,85,13063],"class_list":{"0":"post-231461","1":"post","2":"type-post","3":"status-publish","4":"format-standard","5":"has-post-thumbnail","7":"category-ultime-notizie","8":"tag-azzurro","9":"tag-bongiorno","10":"tag-buffon","11":"tag-buffon-gioco","12":"tag-calcio","13":"tag-campagnoli","14":"tag-carriera","15":"tag-cinque","16":"tag-cinque-scudetti","17":"tag-cronaca","18":"tag-cugino","19":"tag-cugino-grado","20":"tag-cugino-grado-nonno","21":"tag-edy","22":"tag-edy-campagnoli","23":"tag-fifa","24":"tag-fiorentina","25":"tag-genoa","26":"tag-gigi","27":"tag-gioco","28":"tag-grado","29":"tag-grado-nonno","30":"tag-headlines","31":"tag-indosso","32":"tag-inter","33":"tag-it","34":"tag-italia","35":"tag-italy","36":"tag-milan","37":"tag-news","38":"tag-notizie","39":"tag-notizie-di-cronaca","40":"tag-notizie-principali","41":"tag-notiziedicronaca","42":"tag-notizieprincipali","43":"tag-portiere","44":"tag-titoli","45":"tag-ultime-notizie","46":"tag-ultime-notizie-di-cronaca","47":"tag-ultime-notizie-e-news-di-oggi","48":"tag-ultimenotizie","49":"tag-ultimenotiziedicronaca","50":"tag-ultimenotizieenewsdioggi","51":"tag-vinse"},"share_on_mastodon":{"url":"","error":"Validation failed: Text character limit of 500 exceeded"},"_links":{"self":[{"href":"https:\/\/www.europesays.com\/it\/wp-json\/wp\/v2\/posts\/231461","targetHints":{"allow":["GET"]}}],"collection":[{"href":"https:\/\/www.europesays.com\/it\/wp-json\/wp\/v2\/posts"}],"about":[{"href":"https:\/\/www.europesays.com\/it\/wp-json\/wp\/v2\/types\/post"}],"author":[{"embeddable":true,"href":"https:\/\/www.europesays.com\/it\/wp-json\/wp\/v2\/users\/3"}],"replies":[{"embeddable":true,"href":"https:\/\/www.europesays.com\/it\/wp-json\/wp\/v2\/comments?post=231461"}],"version-history":[{"count":0,"href":"https:\/\/www.europesays.com\/it\/wp-json\/wp\/v2\/posts\/231461\/revisions"}],"wp:featuredmedia":[{"embeddable":true,"href":"https:\/\/www.europesays.com\/it\/wp-json\/wp\/v2\/media\/231462"}],"wp:attachment":[{"href":"https:\/\/www.europesays.com\/it\/wp-json\/wp\/v2\/media?parent=231461"}],"wp:term":[{"taxonomy":"category","embeddable":true,"href":"https:\/\/www.europesays.com\/it\/wp-json\/wp\/v2\/categories?post=231461"},{"taxonomy":"post_tag","embeddable":true,"href":"https:\/\/www.europesays.com\/it\/wp-json\/wp\/v2\/tags?post=231461"}],"curies":[{"name":"wp","href":"https:\/\/api.w.org\/{rel}","templated":true}]}}