{"id":231686,"date":"2025-11-25T15:27:14","date_gmt":"2025-11-25T15:27:14","guid":{"rendered":"https:\/\/www.europesays.com\/it\/231686\/"},"modified":"2025-11-25T15:27:14","modified_gmt":"2025-11-25T15:27:14","slug":"truffa-su-pandoro-e-uova-di-pasqua-chiesta-condanna","status":"publish","type":"post","link":"https:\/\/www.europesays.com\/it\/231686\/","title":{"rendered":"truffa su Pandoro e Uova di Pasqua, chiesta condanna"},"content":{"rendered":"<p>Ascolta la versione audio dell&#8217;articolo<\/p>\n<p class=\"atext\">La Procura di Milano ha chiesto una condanna di un anno e otto mesi per Chiara Ferragni per le vicende del \u2019Pandoro Gate\u2019 e delle uova di Pasqua. L\u2019imprenditrice digitale \u00e8 accusata di aver ingannato i consumatori con campagne commerciali benefiche, ottenendo un profitto illecito e benefici di immagine non quantificabili. La richiesta del pm Cristian Barilli e dell\u2019aggiunto Eugenio Fusco \u2013 intervenuti oggi con la loro requisitoria davanti al giudice Ilio Mannucci Pacini \u2013 tiene conto del rito abbreviato (che prevede lo sconto di un terzo della pena). \u00abAbbiamo agito in buona fede, nessuno ha mai lucrato\u00bb, ha detto l\u2019imprendtirice digitale in una serie di dichiarazioni spontanee in aula.<\/p>\n<p class=\"atext\">L\u2019influencer \u00e8 arrivata molto presto &#8211; ed \u00e8 riuscita ad evitare le telecamere &#8211; per assistere all\u2019<b>udienza a porte chiuse<\/b>. Il procuratore aggiunto e il pm hanno chiesto di condannare a 1 anno e 8 mesi anche l\u2019ex braccio destro di Ferragni, Fabio Damato. Chiesto un anno invece per il patron e ad di Cerealitalia, Francesco Cannillo. Il processo ripartir\u00e0 il prossimo 19 dicembre quando prenderanno parola le difese. Il Tribunale intanto ha ammesso la costituzione di parte civile della Casa del Consumatore che, con l\u2019avvocato Aniello Chianese, avanza richieste di risarcimento ma non ha ancora quantificato la cifra.<\/p>\n<p>L\u2019accusa<\/p>\n<p class=\"atext\">Per la procura, l\u2019influencer avrebbe dunque ingannato i consumatori e avrebbe ottenuto, tramite le due campagne commerciali, un ingiusto profitto di circa 2,2 milioni di euro, oltre che benefici non calcolabili \u201cdal ritorno di immagine\u201d. In particolare, l\u2019operazione \u2019Balocco\u2019 avrebbe indotto \u201cin errore un numero imprecisato di acquirenti\u201d convinti che con il proprio acquisto Pink (al prezzo di 9,37 euro invece di 3,68 euro del prodotto tradizionale) avrebbero finanziato la raccolta fondi a favore dell\u2019ospedale Regina Margherita di Torino. L\u2019accordo, invece, si \u00e8 rivelato diverso, a dire della procura: le societ\u00e0 Ferragni hanno incassato poco pi\u00f9 di un milione di euro per pubblicizzare via Instagram l\u2019iniziativa benefica per la quale la societ\u00e0 Balocco aveva destinato 50mila euro a favore dell\u2019ospedale, indipendentemente dalle vendite.<\/p>\n<p class=\"atext\">Un presunto \u201cerrore di comunicazione\u201d che si sarebbe verificato anche nel secondo caso contestato.<\/p>\n<p><a class=\"aprev aprev--acor aprev--acor-small aprev--shline\" href=\"https:\/\/www.ilsole24ore.com\/24gpt\" rel=\"nofollow noopener\" target=\"_blank\"><img decoding=\"async\" class=\"img-fluid\" src=\"https:\/\/www.europesays.com\/it\/wp-content\/uploads\/2025\/08\/258x258.png\" alt=\"Scopri di pi\u00f9\"\/><\/a><a class=\"aprev aprev--acor aprev--acor-small aprev--shline\" href=\"https:\/\/tariffe.ilsole24ore.com\/\" rel=\"nofollow noopener\" target=\"_blank\"><img decoding=\"async\" class=\"img-fluid\" src=\"https:\/\/www.europesays.com\/it\/wp-content\/uploads\/2025\/08\/258x258.png\" alt=\"Scopri di pi\u00f9\"\/><\/a><\/p>\n","protected":false},"excerpt":{"rendered":"Ascolta la versione audio dell&#8217;articolo La Procura di Milano ha chiesto una condanna di un anno e otto&hellip;\n","protected":false},"author":3,"featured_media":231687,"comment_status":"","ping_status":"","sticky":false,"template":"","format":"standard","meta":{"footnotes":""},"categories":[6],"tags":[14,8,1537,90,89,7,15,82,9,83,10,13,11,80,84,12,81,85],"class_list":{"0":"post-231686","1":"post","2":"type-post","3":"status-publish","4":"format-standard","5":"has-post-thumbnail","7":"category-ultime-notizie","8":"tag-cronaca","9":"tag-headlines","10":"tag-it","11":"tag-italia","12":"tag-italy","13":"tag-news","14":"tag-notizie","15":"tag-notizie-di-cronaca","16":"tag-notizie-principali","17":"tag-notiziedicronaca","18":"tag-notizieprincipali","19":"tag-titoli","20":"tag-ultime-notizie","21":"tag-ultime-notizie-di-cronaca","22":"tag-ultime-notizie-e-news-di-oggi","23":"tag-ultimenotizie","24":"tag-ultimenotiziedicronaca","25":"tag-ultimenotizieenewsdioggi"},"share_on_mastodon":{"url":"https:\/\/pubeurope.com\/@it\/115611044902550684","error":""},"_links":{"self":[{"href":"https:\/\/www.europesays.com\/it\/wp-json\/wp\/v2\/posts\/231686","targetHints":{"allow":["GET"]}}],"collection":[{"href":"https:\/\/www.europesays.com\/it\/wp-json\/wp\/v2\/posts"}],"about":[{"href":"https:\/\/www.europesays.com\/it\/wp-json\/wp\/v2\/types\/post"}],"author":[{"embeddable":true,"href":"https:\/\/www.europesays.com\/it\/wp-json\/wp\/v2\/users\/3"}],"replies":[{"embeddable":true,"href":"https:\/\/www.europesays.com\/it\/wp-json\/wp\/v2\/comments?post=231686"}],"version-history":[{"count":0,"href":"https:\/\/www.europesays.com\/it\/wp-json\/wp\/v2\/posts\/231686\/revisions"}],"wp:featuredmedia":[{"embeddable":true,"href":"https:\/\/www.europesays.com\/it\/wp-json\/wp\/v2\/media\/231687"}],"wp:attachment":[{"href":"https:\/\/www.europesays.com\/it\/wp-json\/wp\/v2\/media?parent=231686"}],"wp:term":[{"taxonomy":"category","embeddable":true,"href":"https:\/\/www.europesays.com\/it\/wp-json\/wp\/v2\/categories?post=231686"},{"taxonomy":"post_tag","embeddable":true,"href":"https:\/\/www.europesays.com\/it\/wp-json\/wp\/v2\/tags?post=231686"}],"curies":[{"name":"wp","href":"https:\/\/api.w.org\/{rel}","templated":true}]}}