{"id":231944,"date":"2025-11-25T19:24:13","date_gmt":"2025-11-25T19:24:13","guid":{"rendered":"https:\/\/www.europesays.com\/it\/231944\/"},"modified":"2025-11-25T19:24:13","modified_gmt":"2025-11-25T19:24:13","slug":"ce-ancora-domani-perche-e-in-bianco-e-nero-lispirazione-per-la-pellicola-i-luoghi-in-cui-e-stato-girato-8-segreti","status":"publish","type":"post","link":"https:\/\/www.europesays.com\/it\/231944\/","title":{"rendered":"\u00abC&#8217;\u00e8 ancora domani\u00bb: perch\u00e9 \u00e8 in bianco e nero, l&#8217;ispirazione per la pellicola, i luoghi in cui \u00e8 stato girato, 8 segreti"},"content":{"rendered":"<p class=\"chapter-paragraph\">Martedi 25 novembre, in occasione della Giornata internazionale per l&#8217;eliminazione della violenza contro le donne, Rai 1 propone in prima visione e in prima serata \u00abC&#8217;\u00e8 ancora domani\u00bb. Il film, esordio alla regia di\u00a0Paola Cortellesi, \u00e8 diventato il caso cinematografico del 2023 tra incassi record al botteghino e prestigiosi riconoscimenti, tra cui 6 David di Donatello e 2 Nastri d&#8217;Argento. Proprio in questi giorni\u00a0\u00abC&#8217;\u00e8 ancora domani\u00bb ha conquistato anche il titolo di miglior film straniero ai Golden Panda Awards in Cina, prima volta assoluta per un&#8217;opera italiana. In attesa di vedere la pellicola abbiamo raccolto una serie di aneddoti e curiosit\u00e0.<\/p>\n","protected":false},"excerpt":{"rendered":"Martedi 25 novembre, in occasione della Giornata internazionale per l&#8217;eliminazione della violenza contro le donne, Rai 1 propone&hellip;\n","protected":false},"author":3,"featured_media":231945,"comment_status":"","ping_status":"","sticky":false,"template":"","format":"standard","meta":{"footnotes":"","_share_on_mastodon":"0"},"categories":[1442],"tags":[43041,6381,22883,16799,57943,4864,57571,137417,137418,6918,6925,1690,2429,57621,203,3452,11125,137420,137421,454,137422,137423,5379,23918,1282,59175,204,1537,90,89,1521,137424,7244,7030,2949,137425,1393,94526,137419,489,8325,34000,31695,2848,10600,137426,137427,987,7970,74071,8214,1467,21160],"class_list":["post-231944","post","type-post","status-publish","format-standard","has-post-thumbnail","category-film","tag-ambientato","tag-bianco","tag-bianco-nero","tag-cinecitta","tag-considerate","tag-corriere","tag-cortellesi","tag-cortellesi-intervista","tag-cortellesi-intervista-corriere","tag-cortile","tag-diciamo","tag-domani","tag-donne","tag-dopoguerra","tag-entertainment","tag-epoca","tag-esordio","tag-esordio-regia","tag-esordio-regia-paola","tag-film","tag-film-esordio","tag-film-esordio-regia","tag-girato","tag-immaginare","tag-intervista","tag-intervista-corriere","tag-intrattenimento","tag-it","tag-italia","tag-italy","tag-movies","tag-neorealismo","tag-nero","tag-novembre","tag-omaggio","tag-omaggio-neorealismo","tag-paola","tag-paola-cortellesi","tag-paola-cortellesi-intervista","tag-passato","tag-pellicola","tag-piaciuto","tag-racconti","tag-rai","tag-regia","tag-regia-paola","tag-regia-paola-cortellesi","tag-roma","tag-romana","tag-testaccio","tag-valerio","tag-violenza","tag-violenze"],"share_on_mastodon":{"url":"","error":"Validation failed: Text character limit of 500 exceeded"},"_links":{"self":[{"href":"https:\/\/www.europesays.com\/it\/wp-json\/wp\/v2\/posts\/231944","targetHints":{"allow":["GET"]}}],"collection":[{"href":"https:\/\/www.europesays.com\/it\/wp-json\/wp\/v2\/posts"}],"about":[{"href":"https:\/\/www.europesays.com\/it\/wp-json\/wp\/v2\/types\/post"}],"author":[{"embeddable":true,"href":"https:\/\/www.europesays.com\/it\/wp-json\/wp\/v2\/users\/3"}],"replies":[{"embeddable":true,"href":"https:\/\/www.europesays.com\/it\/wp-json\/wp\/v2\/comments?post=231944"}],"version-history":[{"count":0,"href":"https:\/\/www.europesays.com\/it\/wp-json\/wp\/v2\/posts\/231944\/revisions"}],"wp:featuredmedia":[{"embeddable":true,"href":"https:\/\/www.europesays.com\/it\/wp-json\/wp\/v2\/media\/231945"}],"wp:attachment":[{"href":"https:\/\/www.europesays.com\/it\/wp-json\/wp\/v2\/media?parent=231944"}],"wp:term":[{"taxonomy":"category","embeddable":true,"href":"https:\/\/www.europesays.com\/it\/wp-json\/wp\/v2\/categories?post=231944"},{"taxonomy":"post_tag","embeddable":true,"href":"https:\/\/www.europesays.com\/it\/wp-json\/wp\/v2\/tags?post=231944"}],"curies":[{"name":"wp","href":"https:\/\/api.w.org\/{rel}","templated":true}]}}