{"id":232642,"date":"2025-11-26T07:29:12","date_gmt":"2025-11-26T07:29:12","guid":{"rendered":"https:\/\/www.europesays.com\/it\/232642\/"},"modified":"2025-11-26T07:29:12","modified_gmt":"2025-11-26T07:29:12","slug":"atletico-madrid-inter-sky-prime-video-o-now-dove-vederla-in-streaming-e-in-tv","status":"publish","type":"post","link":"https:\/\/www.europesays.com\/it\/232642\/","title":{"rendered":"Atletico Madrid-Inter, Sky, Prime Video o NOW? Dove vederla in streaming e in tv"},"content":{"rendered":"<p>                                Quinta giornata di Champions League che vede coinvolti i nerazzurri al Wanda Metropolitano: una vittoria ipotecherebbe il discorso qualificazione<\/p>\n<p>                    26 novembre &#8211; 08:15  &#8211; MILANO<\/p>\n<p class=\"paragraph\" spellcheck=\"true\">Dopo 4 vittorie nelle prime 4 giornate della Champions League, arriva il primo grande esame per l&#8217;Inter d&#8217;Europa: l&#8217;Atletico Madrid in trasferta. La squadra di Chivu ha fatto il suo contro Ajax, Slavia Praga, Saint Gilloise e Kairat Almaty, e adesso la posizione nella classificona \u00e8 favorevole. Con un&#8217;eventuale vittoria in Spagna, il discorso qualificazione sarebbe pressoch\u00e9 chiuso, ma sfidare la squadra di Simeone &#8211; per di pi\u00f9 a domicilio &#8211; non \u00e8 mai un&#8217;impresa semplice.<\/p>\n<p>    come arriva l&#8217;atletico\u2014 \u00a0<\/p>\n<p class=\"paragraph is-inline\" spellcheck=\"true\">Superato l&#8217;iniziale periodo di difficolt\u00e0 nella nuova stagione, l&#8217;Atletico adesso corre: le vittore consecutive tra Liga e Champions sono ben 5, e Simeone ha archiviato in fretta il 4-0 incassato dall&#8217;Arsenal superando il Saint-Gilloise. I punti in classifica sono 6 dopo 4 giornate, cos\u00ec la qualificazione per il Colchoneros resta apertissima.\u00a0<\/p>\n<p>    come arriva l&#8217;inter\u2014 \u00a0<\/p>\n<p class=\"paragraph is-inline\" spellcheck=\"true\">L&#8217;imperativo \u00e8 dimenticare il derby perso il pi\u00f9 velocemente possibile. L&#8217;Inter, in questa stagione, ha dimostrato di saper trasformare i momenti negativi in positivi, tanto che dopo ogni ko (Juve e Napoli su tutte) sono arrivate due serie di vittorie.\u00a0\u00c8 quanto si augura Cristian Chivu, che vincendo potrebbe chiudere in anticipo il discorso qualificazione agli ottaci di Champions League.\u00a0<\/p>\n<p>    dove vederla\u2014 \u00a0<\/p>\n<p class=\"paragraph is-inline\" spellcheck=\"true\">La partita tra Atletico e Inter verr\u00e0 trasmessa in esclusiva su Prime Video e sar\u00e0 dunque visibile attraverso l&#8217;applicazione di Amazon Prime Video disponibile per smart tv e per tutti i dispositivi mobili come smartphone, tablet, PC e console.<\/p>\n<p class=\"is-above-copyright is-mr-r-10\" spellcheck=\"true\">La Gazzetta dello Sport<\/p>\n<p class=\"is-copyright\">\u00a9 RIPRODUZIONE RISERVATA<\/p>\n","protected":false},"excerpt":{"rendered":"Quinta giornata di Champions League che vede coinvolti i nerazzurri al Wanda Metropolitano: una vittoria ipotecherebbe il discorso&hellip;\n","protected":false},"author":3,"featured_media":232643,"comment_status":"","ping_status":"","sticky":false,"template":"","format":"standard","meta":{"footnotes":"","_share_on_mastodon":"0"},"categories":[1452],"tags":[2478,5358,5022,721,1969,1970,2839,25,137787,1740,78270,1911,350,1537,90,89,1980,5382,4425,12341,4285,17237,1739,245,244,2392],"class_list":["post-232642","post","type-post","status-publish","format-standard","has-post-thumbnail","category-calcio","tag-arriva","tag-atletico","tag-atletico-madrid","tag-calcio","tag-champions","tag-champions-league","tag-chivu","tag-discorso","tag-discorso-qualificazione","tag-football","tag-gilloise","tag-giornate","tag-inter","tag-it","tag-italia","tag-italy","tag-league","tag-madrid","tag-prime","tag-prime-video","tag-qualificazione","tag-saint","tag-soccer","tag-sport","tag-sports","tag-video"],"share_on_mastodon":{"url":"https:\/\/pubeurope.com\/@it\/115614827508784683","error":""},"_links":{"self":[{"href":"https:\/\/www.europesays.com\/it\/wp-json\/wp\/v2\/posts\/232642","targetHints":{"allow":["GET"]}}],"collection":[{"href":"https:\/\/www.europesays.com\/it\/wp-json\/wp\/v2\/posts"}],"about":[{"href":"https:\/\/www.europesays.com\/it\/wp-json\/wp\/v2\/types\/post"}],"author":[{"embeddable":true,"href":"https:\/\/www.europesays.com\/it\/wp-json\/wp\/v2\/users\/3"}],"replies":[{"embeddable":true,"href":"https:\/\/www.europesays.com\/it\/wp-json\/wp\/v2\/comments?post=232642"}],"version-history":[{"count":0,"href":"https:\/\/www.europesays.com\/it\/wp-json\/wp\/v2\/posts\/232642\/revisions"}],"wp:featuredmedia":[{"embeddable":true,"href":"https:\/\/www.europesays.com\/it\/wp-json\/wp\/v2\/media\/232643"}],"wp:attachment":[{"href":"https:\/\/www.europesays.com\/it\/wp-json\/wp\/v2\/media?parent=232642"}],"wp:term":[{"taxonomy":"category","embeddable":true,"href":"https:\/\/www.europesays.com\/it\/wp-json\/wp\/v2\/categories?post=232642"},{"taxonomy":"post_tag","embeddable":true,"href":"https:\/\/www.europesays.com\/it\/wp-json\/wp\/v2\/tags?post=232642"}],"curies":[{"name":"wp","href":"https:\/\/api.w.org\/{rel}","templated":true}]}}