{"id":232975,"date":"2025-11-26T12:23:16","date_gmt":"2025-11-26T12:23:16","guid":{"rendered":"https:\/\/www.europesays.com\/it\/232975\/"},"modified":"2025-11-26T12:23:16","modified_gmt":"2025-11-26T12:23:16","slug":"la-capoliveri-legend-cup-2026-ritorna-alle-origini-iscrizioni-aperte-dal-10-dicembre","status":"publish","type":"post","link":"https:\/\/www.europesays.com\/it\/232975\/","title":{"rendered":"La Capoliveri Legend Cup 2026 \u201critorna alle origini\u201d. Iscrizioni aperte dal 10 dicembre"},"content":{"rendered":"<p>Capoliveri (LI) &#8211; Dopo l&#8217;edizione &#8220;Wild&#8221; del 2025, un&#8217;edizione spettacolare dal punto di vista naturalistico e panoramico, che ci ha fatti immergere nella natura selvaggia e nelle storia delle Miniere del Monte Calamita con un percorso 100% off-road come mai prima, ma che ha mostrato anche alcune lacune logistiche e tecniche per diverse problematiche che il C.O. ha dovuto affrontare, responsabilit\u00e0 a cui non ha voluto sottrarsi.<\/p>\n<p>\u00a0<\/p>\n<p><img decoding=\"async\" src=\"https:\/\/www.europesays.com\/it\/wp-content\/uploads\/2025\/11\/capoliveri26_lancio_fb.jpg\" alt=\"\"\/><\/p>\n<p>\u00a0<\/p>\n<p>Per il 2026 alla <strong>Capoliveri Legend Cup<\/strong> si ritorna al pi\u00f9 collaudato format interamente nel centro del paese di Capoliveri, rinunciando al doppio appuntamento con il cross-country, tornando alla &#8220;classica logistica&#8221;, tanto apprezzata da famiglie ed accompagnatori dei maratoneti, che ha visto scrivere importanti pagine di storia della gara elbana.<\/p>\n<p>&#8220;La gestione delle due gare \u00e8 stato un bel banco di prova, molto dispendioso nella scorsa edizione, frutto dell&#8217;impegno ammirevole profuso da tutto il Gruppo del <strong>Capoliveri Bike Park<\/strong>, che non smetteremo mai di ringraziare, a tutti gli Enti e Partner che ci hanno sostenuto&#8221; &#8211; commentano i componenti del direttivo dell&#8217;Associazione Elbana, che continuano &#8211; &#8220;Due eventi di grande risalto Internazionale, in questo periodo storico molto difficile per tutti gli Organizzatori, e lo \u00e8 anche qui all&#8217;Isola d&#8217;Elba, al momento non sono realizzabili. Purtroppo anche il cambiamento climatico degli ultimi anni vanifica molto spesso mesi di duro lavoro e programmazione e l&#8217;avvento della stagione turistica non agevola la nostra struttura organizzativa con molti dei nostri soci operativi impegnati nel proprio lavoro.<\/p>\n<p>\u00a0<\/p>\n<p>\u00a0<\/p>\n<p>Un percorso molto esigente dal punto di vista manutentivo, spesso da rifare interamente, anche a pochi giorni dagli eventi, rende arduo il nostro stoico impegno, bisogna prenderne atto. Questo \u00e8 successo spesso negli ultimi anni, e la scelta della nuova location, voluta fortemente, in questo senso non ci ha agevolato. Includiamo anche alcune problematiche burocratiche, autorizzative non concesse, che ci hanno limitato percorso e spazi a disposizione, oltre alla mancanza di alcuni servizi preventivamente organizzati venuti a mancare negli ultimi giorni, carenze che la nostra insularit\u00e0 non ci ha permesso di colmare.<\/p>\n<p>\u00a0<\/p>\n<p>Nonostante tutto non ci siamo abbattuti e abbiamo fatto il possibile per arrivare al massimo risultato nell&#8217;edizione Wild, probabilmente non raggiunto appieno e che necessita di importanti aggiustamenti che al momento non siamo in grado di attuare, lo stato attuale delle cose non lo permette senza adeguate strutture. Rimane il nostro sentimento, quello che \u00e8 il grande valore aggiunto che il nostro territorio pu\u00f2 ancora offrire ed esprimere in futuro.&#8221; &#8211; conclude il C.O.<\/p>\n<p>\u00a0<\/p>\n<p><img decoding=\"async\" src=\"https:\/\/www.europesays.com\/it\/wp-content\/uploads\/2025\/11\/iscrizioni-capoliveri.jpg\" alt=\"Iscrizioni Capoliveri Legend Cup\"\/><\/p>\n<p>\u00a0<\/p>\n<p>Iscrizioni e percorsi<\/p>\n<p>Appuntamento allora al <strong>10 dicembre<\/strong> con l&#8217;<strong>apertura delle iscrizioni <\/strong>alla 16\u00aa edizione della Capoliveri Legend Cup, che vi permetter\u00e0 di sfidarvi sui due percorsi dove, come ogni anno, non mancheranno importanti novit\u00e0, come da abitudini del Capoliveri Bike Park, che proporr\u00e0 un tracciato <strong>Marathon<\/strong> di <strong>72 Km<\/strong> per 2.700 mt di dislivello e un <strong>Classic<\/strong> di <strong>48 km<\/strong> per 1.700 mt, entrambi di pure emozioni!<\/p>\n<p>\u00a0<\/p>\n<p>La Capoliveri Legend Cup 2026 sar\u00e0 il secondo Round dei sei appuntamenti della prestigiosa <strong>HERO UCI Cross-country marathon World Cup<\/strong>, il circuito Internazionale pi\u00f9 importante per l&#8217;XCM, ed offrir\u00e0 come sempre un palcoscenico di assoluto prestigio per gli \u00e9lite, i loro team e tutti gli amatori che vorranno cimentarsi alla conquista della maglia di leader.<\/p>\n<p>Allo stesso tempo migliaia di bikers avranno la possibilit\u00e0 di misurarsi sugli stessi tracciati e nello stesso evento con i &#8220;campioni&#8221;. Ci saranno proposte e collaborazioni con importanti gare e circuiti che andremo a svelare nei prossimi comunicati.<\/p>\n<p>\u00a0<\/p>\n<p><a rel=\"nofollow noopener\" href=\"https:\/\/www.legendcup.it\/\" target=\"_blank\">www.legendcup.it<\/a><\/p>\n<p>\u00a0<\/p>\n<p>NEVER WITHOUT LEGEND<br \/>ASD Capoliveri Bike Park<\/p>\n<p>\u00a0<\/p>\n","protected":false},"excerpt":{"rendered":"Capoliveri (LI) &#8211; Dopo l&#8217;edizione &#8220;Wild&#8221; del 2025, un&#8217;edizione spettacolare dal punto di vista naturalistico e panoramico, che&hellip;\n","protected":false},"author":3,"featured_media":232976,"comment_status":"","ping_status":"","sticky":false,"template":"","format":"standard","meta":{"footnotes":""},"categories":[1456],"tags":[1824,1825,1537,90,89,245,244],"class_list":{"0":"post-232975","1":"post","2":"type-post","3":"status-publish","4":"format-standard","5":"has-post-thumbnail","7":"category-ciclismo","8":"tag-ciclismo","9":"tag-cycling","10":"tag-it","11":"tag-italia","12":"tag-italy","13":"tag-sport","14":"tag-sports"},"share_on_mastodon":{"url":"https:\/\/pubeurope.com\/@it\/115615983734470370","error":""},"_links":{"self":[{"href":"https:\/\/www.europesays.com\/it\/wp-json\/wp\/v2\/posts\/232975","targetHints":{"allow":["GET"]}}],"collection":[{"href":"https:\/\/www.europesays.com\/it\/wp-json\/wp\/v2\/posts"}],"about":[{"href":"https:\/\/www.europesays.com\/it\/wp-json\/wp\/v2\/types\/post"}],"author":[{"embeddable":true,"href":"https:\/\/www.europesays.com\/it\/wp-json\/wp\/v2\/users\/3"}],"replies":[{"embeddable":true,"href":"https:\/\/www.europesays.com\/it\/wp-json\/wp\/v2\/comments?post=232975"}],"version-history":[{"count":0,"href":"https:\/\/www.europesays.com\/it\/wp-json\/wp\/v2\/posts\/232975\/revisions"}],"wp:featuredmedia":[{"embeddable":true,"href":"https:\/\/www.europesays.com\/it\/wp-json\/wp\/v2\/media\/232976"}],"wp:attachment":[{"href":"https:\/\/www.europesays.com\/it\/wp-json\/wp\/v2\/media?parent=232975"}],"wp:term":[{"taxonomy":"category","embeddable":true,"href":"https:\/\/www.europesays.com\/it\/wp-json\/wp\/v2\/categories?post=232975"},{"taxonomy":"post_tag","embeddable":true,"href":"https:\/\/www.europesays.com\/it\/wp-json\/wp\/v2\/tags?post=232975"}],"curies":[{"name":"wp","href":"https:\/\/api.w.org\/{rel}","templated":true}]}}