{"id":233162,"date":"2025-11-26T14:54:10","date_gmt":"2025-11-26T14:54:10","guid":{"rendered":"https:\/\/www.europesays.com\/it\/233162\/"},"modified":"2025-11-26T14:54:10","modified_gmt":"2025-11-26T14:54:10","slug":"giornate-brevi-esami-e-affaticamento-tutti-i-dubbi-sulla-salute-di-trump","status":"publish","type":"post","link":"https:\/\/www.europesays.com\/it\/233162\/","title":{"rendered":"Giornate brevi, esami e affaticamento: tutti i dubbi sulla salute di Trump"},"content":{"rendered":"<p>Il 79enne<strong> <a data-autogenerated=\"yes\" data-datalayer-click-event-target=\"internal\" href=\"https:\/\/www.ilgiornale.it\/persone\/donald-trump-131539.html\" rel=\"nofollow noopener\" target=\"_blank\">Donald Trump<\/a><\/strong>, alla guida degli Stati Uniti per la seconda volta, sembra faticare a sostenere quell\u2019immagine di vigore costante che ha segnato la sua carriera politica. Nonostante le dichiarazioni ufficiali sulla sua <strong>buona salute<\/strong>, alcuni indizi \u2014 giorni pi\u00f9 corti, ritmi di lavoro adattati, evidenti segni di stanchezza \u2014 stanno ridefinendo il profilo della sua presidenza.<\/p>\n<p>Durante un evento nello Studio Ovale iniziato intorno a mezzogiorno del 6 novembre, per esempio, Trump \u00e8 rimasto seduto alla sua scrivania per circa 20 minuti, mentre i dirigenti intorno a lui parlavano di farmaci per la perdita di peso. A un certo punto, le palpebre di Trump si sono abbassate fino a quasi chiudere gli occhi, e sembrava che si appisolasse per diversi secondi. In un altro momento, ha aperto gli occhi e ha guardato verso una fila di giornalisti che lo osservavano. Si \u00e8 alzato solo dopo che un ospite che gli stava accanto \u00e8 svenuto ed \u00e8 crollato a terra. A raccontarlo in una breve inchiesta, le colonne del <a href=\"https:\/\/www.nytimes.com\/2025\/11\/25\/us\/politics\/trump-age-health.html\" data-datalayer-click-event-target=\"external\" target=\"_blank\" rel=\"noopener nofollow\">New York Times<\/a>.<\/p>\n<p>Un\u2019agenda pi\u00f9 leggera, un profilo mediatico modificato<\/p>\n<p>Secondo un\u2019analisi recente, il numero di <strong>apparizioni pubbliche<\/strong> ufficiali di Trump nella prima parte del suo secondo mandato \u00e8 calato di circa il 39% rispetto a quanto faceva nel suo primo anno alla Casa Bianca.<\/p>\n<p>Inoltre, la giornata tipo del presidente non parte pi\u00f9 al mattino presto come in passato: eventi e attivit\u00e0 ufficiali cominciano in media dopo mezzogiorno, con una concentrazione delle presenze pubbliche tra le 12:00 e le 17:00. Questo cambio di ritmo appare evidente anche nelle immagini recenti: meno comizi pubblici, viaggi internazionali selettivi, meno tour all\u2019interno degli Stati Uniti. Pur continuando ad avere una presenza regolare su social media \u2014 con post incisivi e frequenti \u2014 il \u201clavoro da presidente onnipresente\u201d sembra subire un alleggerimento.<\/p>\n<p>Come ogni altro paziente e ogni altro presidente, Trump decide autonomamente cosa rivelare al pubblico in merito alla sua salute. In assenza di un modello ufficiale per la divulgazione delle informazioni sanitarie, i medici a volte si affidano a riassunti di esami clinici senza entrare nei dettagli.<\/p>\n<p>Segnali fisici e dubbi sulla salute: tra rassicurazioni e perplessit\u00e0<\/p>\n<p>L\u2019amministrazione insiste: secondo il medico di fiducia, Trump gode di \u201c<strong>ottima salute generale<\/strong>\u201d e la sua \u201c<strong>et\u00e0 cardiaca<\/strong>\u201d \u2014 basata su un elettrocardiogramma \u2014 risulterebbe addirittura circa 14 anni pi\u00f9 giovane di quella anagrafica. Eppure le immagini recenti mostrano segni che hanno attirato l\u2019attenzione:<strong> lividi<\/strong> sulle mani \u2014 spesso coperti con trucco \u2014 e <strong>gonfiori <\/strong>alle caviglie attribuiti a un disturbo venoso cronico.<\/p>\n<p>Ulteriori interrogativi sorgono dopo la seconda visita medica, effettuata a ottobre presso un centro militare sanitario, con tanto di <strong>risonanza magnetica<\/strong> (MRI), una scelta poco ordinaria nel protocollo presidenziale standard. Trump stesso ha definito gli esami \u201cperfetti\u201d. <strong>Karoline Leavitt<\/strong>, addetta stampa della Casa Bianca, ha elogiato l&#8217;energia del presidente. &#8220;A differenza della Casa Bianca di Biden, che ha insabbiato il declino cognitivo di Joe Biden e lo ha nascosto alla stampa, il presidente Trump e tutto il suo team sono stati aperti e trasparenti riguardo alla salute del presidente, che rimane eccezionale&#8221;, ha affermato Leavitt in una dichiarazione.<\/p>\n<p>Tuttavia alcuni ex medici della Casa Bianca hanno espresso perplessit\u00e0, segnalando che la trasparenza e i dettagli forniti sono insufficienti, soprattutto considerando l\u2019et\u00e0 del presidente. In parallelo, alcuni media e osservatori evocano dubbi circa la lucidit\u00e0 mentale di Trump: compaiono sempre pi\u00f9 spesso espressioni come \u201c<strong>declino cognitivo<\/strong>\u201d o \u201c<strong>segni di affaticamento mentale<\/strong>\u201d.<\/p>\n<p>Un presidente che gioca su due livelli: presenza pubblica e vulnerabilit\u00e0 privata<\/p>\n<p>Il contrasto tra l\u2019immagine di \u201c<strong>uomo sempre in movimento<\/strong>\u201d e la realt\u00e0 concreta dello scorrere del tempo segna un nuovo capitolo della presidenza americana. Da un lato, Trump continua ad apparire pi\u00f9 attivo dei suoi predecessori su social media, interlocutori internazionali e impegni bilaterali. Dall\u2019altro, la frequenza ridotta di eventi pubblici, i controlli medici straordinari, i sintomi fisici visibili \u2014 pur negati ufficialmente nella loro gravit\u00e0 \u2014 suggeriscono una strategia di gestione attenta dell\u2019immagine: mantenere un profilo autorevole e robusto, pur adattando il ritmo alle esigenze di un presidente anziano.<\/p>\n<p>Tra sostenitori e critici, la questione dello stato di salute del presidente scatena reazioni molto differenti.\n<\/p>\n<p> Per molti americani \u2014 e osservatori internazionali \u2014 si pone un interrogativo centrale gi\u00e0 scaturito negli anni di <strong>Joe Biden<\/strong>: quanto pu\u00f2 contare, in un\u2019epoca geopolitica cos\u00ec instabile, un\u2019agenda presidenziale modificata da limiti d\u2019et\u00e0? E quanto pu\u00f2 essere trasparente la Casa Bianca sul reale stato di salute del suo leader?<\/p>\n","protected":false},"excerpt":{"rendered":"Il 79enne Donald Trump, alla guida degli Stati Uniti per la seconda volta, sembra faticare a sostenere quell\u2019immagine&hellip;\n","protected":false},"author":3,"featured_media":233163,"comment_status":"","ping_status":"","sticky":false,"template":"","format":"standard","meta":{"footnotes":""},"categories":[160],"tags":[19521,14,164,165,206,166,7,15,11663,11,167,12,168,161,162,163],"class_list":{"0":"post-233162","1":"post","2":"type-post","3":"status-publish","4":"format-standard","5":"has-post-thumbnail","7":"category-mondo","8":"tag-casa-bianca","9":"tag-cronaca","10":"tag-dal-mondo","11":"tag-dalmondo","12":"tag-donald-trump","13":"tag-mondo","14":"tag-news","15":"tag-notizie","16":"tag-stati-uniti-damerica","17":"tag-ultime-notizie","18":"tag-ultime-notizie-di-mondo","19":"tag-ultimenotizie","20":"tag-ultimenotiziedimondo","21":"tag-world","22":"tag-world-news","23":"tag-worldnews"},"share_on_mastodon":{"url":"https:\/\/pubeurope.com\/@it\/115616577257048882","error":""},"_links":{"self":[{"href":"https:\/\/www.europesays.com\/it\/wp-json\/wp\/v2\/posts\/233162","targetHints":{"allow":["GET"]}}],"collection":[{"href":"https:\/\/www.europesays.com\/it\/wp-json\/wp\/v2\/posts"}],"about":[{"href":"https:\/\/www.europesays.com\/it\/wp-json\/wp\/v2\/types\/post"}],"author":[{"embeddable":true,"href":"https:\/\/www.europesays.com\/it\/wp-json\/wp\/v2\/users\/3"}],"replies":[{"embeddable":true,"href":"https:\/\/www.europesays.com\/it\/wp-json\/wp\/v2\/comments?post=233162"}],"version-history":[{"count":0,"href":"https:\/\/www.europesays.com\/it\/wp-json\/wp\/v2\/posts\/233162\/revisions"}],"wp:featuredmedia":[{"embeddable":true,"href":"https:\/\/www.europesays.com\/it\/wp-json\/wp\/v2\/media\/233163"}],"wp:attachment":[{"href":"https:\/\/www.europesays.com\/it\/wp-json\/wp\/v2\/media?parent=233162"}],"wp:term":[{"taxonomy":"category","embeddable":true,"href":"https:\/\/www.europesays.com\/it\/wp-json\/wp\/v2\/categories?post=233162"},{"taxonomy":"post_tag","embeddable":true,"href":"https:\/\/www.europesays.com\/it\/wp-json\/wp\/v2\/tags?post=233162"}],"curies":[{"name":"wp","href":"https:\/\/api.w.org\/{rel}","templated":true}]}}