{"id":234122,"date":"2025-11-27T05:26:15","date_gmt":"2025-11-27T05:26:15","guid":{"rendered":"https:\/\/www.europesays.com\/it\/234122\/"},"modified":"2025-11-27T05:26:15","modified_gmt":"2025-11-27T05:26:15","slug":"legge-sul-consenso-la-bocciatura-di-salvini-e-troppo-interpretabile","status":"publish","type":"post","link":"https:\/\/www.europesays.com\/it\/234122\/","title":{"rendered":"Legge sul consenso, la bocciatura di Salvini: \u00e8 troppo interpretabile"},"content":{"rendered":"<p>Ascolta la versione audio dell&#8217;articolo<\/p>\n<p class=\"atext\">Il consenso \u00e8 \u201cassolutamente condivisibile come principio, ma una legge che lascia troppo spazio alla libera interpretazione del singolo \u00e8 una legge che rischia di intasare i tribunali e alimentare lo scontro invece di ridurre le violenze Questa sorta di consenso preliminare, informato e attuale, cos\u00ec come \u00e8 scritto, lascia lo spazio a vendette personali, da parte di donne e uomini, che senza nessun abuso userebbero una norma vaga per vendette personali che intaserebbero i tribunali\u201d. Lo ha detto il vicepremier e leader della Lega Matteo Salvini, a proposito dello <a target=\"_self\" href=\"https:\/\/www.ilsole24ore.com\/art\/violenza-sessuale-retromarcia-maggioranza-ddl-senato-spiazza-opposizioni-sospetti-premier-AHsJZGxD\" rel=\"nofollow noopener\">stop in Senato alla modifica della norma del codice penale sul reato di violenza sessuale<\/a>, sottolineando il lavoro della senatrice Giulia Bongiorno, \u201cesperta e avvocata di tante donne vittime di violenza e molestia\u201d.<\/p>\n<p>Nordio: solo un rinvio per questioni tecniche<\/p>\n<p class=\"atext\">Poco prima il ministro della Giustizia Carlo Nordio aveva parlato solo di un rinvio e si era detto \u00abfiducioso\u00bbche \u00absicuramente\u00bb la norma sar\u00e0 approvata. \u00abChe cosa sia successo ieri (marted\u00ec 25 novembre, ndr) &#8211; ha detto a margine di un incontro &#8211; non lo so, \u00e8 stata una iniziativa dei gruppi parlamentari ma posso dire che \u00e8 un piccolo slittamento dovuto a dei riferimenti tecnici necessari, quando si interviene su una legge penale anche una virgola pu\u00f2 cambiare completamente il significato, quindi bisogna stare estremamente attenti alla tecnica redazionale, questo riguarda un\u2019opera di cesello che non sempre si fa quando una legge viene portata per\u00f2 sul contenuto vi \u00e8 una unit\u00e0 di consenso\u00bb.<\/p>\n<p>Bongiorno: legge su consenso pronta in commissione a gennaio<\/p>\n<p class=\"atext\">\u00abLa mia intenzione \u00e8 non dilatare troppo i tempi, per questo ho dato dei limiti e cio\u00e8 che ogni gruppo parlamentare pu\u00f2 indicare solo due auditi. Voglio solo persone tecniche ed esperte del settore che leggeranno la norma e ci daranno delle indicazioni. Questo ci dar\u00e0 la possibilit\u00e0 di chiudere le audizioni in un mese. Nessuno si deve permettere di dire che si vuole affossare una legge o che si \u00e8 ritardata, perch\u00e9 in commissione \u00e8 arrivata ieri\u00bb. Lo ha dichiarato Giulia Bongiorno, presidente della Commissione Giustizia del Senato. \u00abIo non mai fatto una legge in un\u2019ora, non vedo perch\u00e9 dovrei fare in un\u2019ora una legge cos\u00ec importante. In commissione la legge sar\u00e0 pronta a gennaio. A febbraio potrebbe gi\u00e0 esserci l\u2019approvazione in Senato\u00bb.<\/p>\n","protected":false},"excerpt":{"rendered":"Ascolta la versione audio dell&#8217;articolo Il consenso \u00e8 \u201cassolutamente condivisibile come principio, ma una legge che lascia troppo&hellip;\n","protected":false},"author":3,"featured_media":234123,"comment_status":"","ping_status":"","sticky":false,"template":"","format":"standard","meta":{"footnotes":""},"categories":[6],"tags":[14,8,1537,90,89,7,15,82,9,83,10,13,11,80,84,12,81,85],"class_list":{"0":"post-234122","1":"post","2":"type-post","3":"status-publish","4":"format-standard","5":"has-post-thumbnail","7":"category-ultime-notizie","8":"tag-cronaca","9":"tag-headlines","10":"tag-it","11":"tag-italia","12":"tag-italy","13":"tag-news","14":"tag-notizie","15":"tag-notizie-di-cronaca","16":"tag-notizie-principali","17":"tag-notiziedicronaca","18":"tag-notizieprincipali","19":"tag-titoli","20":"tag-ultime-notizie","21":"tag-ultime-notizie-di-cronaca","22":"tag-ultime-notizie-e-news-di-oggi","23":"tag-ultimenotizie","24":"tag-ultimenotiziedicronaca","25":"tag-ultimenotizieenewsdioggi"},"share_on_mastodon":{"url":"https:\/\/pubeurope.com\/@it\/115620006023467837","error":""},"_links":{"self":[{"href":"https:\/\/www.europesays.com\/it\/wp-json\/wp\/v2\/posts\/234122","targetHints":{"allow":["GET"]}}],"collection":[{"href":"https:\/\/www.europesays.com\/it\/wp-json\/wp\/v2\/posts"}],"about":[{"href":"https:\/\/www.europesays.com\/it\/wp-json\/wp\/v2\/types\/post"}],"author":[{"embeddable":true,"href":"https:\/\/www.europesays.com\/it\/wp-json\/wp\/v2\/users\/3"}],"replies":[{"embeddable":true,"href":"https:\/\/www.europesays.com\/it\/wp-json\/wp\/v2\/comments?post=234122"}],"version-history":[{"count":0,"href":"https:\/\/www.europesays.com\/it\/wp-json\/wp\/v2\/posts\/234122\/revisions"}],"wp:featuredmedia":[{"embeddable":true,"href":"https:\/\/www.europesays.com\/it\/wp-json\/wp\/v2\/media\/234123"}],"wp:attachment":[{"href":"https:\/\/www.europesays.com\/it\/wp-json\/wp\/v2\/media?parent=234122"}],"wp:term":[{"taxonomy":"category","embeddable":true,"href":"https:\/\/www.europesays.com\/it\/wp-json\/wp\/v2\/categories?post=234122"},{"taxonomy":"post_tag","embeddable":true,"href":"https:\/\/www.europesays.com\/it\/wp-json\/wp\/v2\/tags?post=234122"}],"curies":[{"name":"wp","href":"https:\/\/api.w.org\/{rel}","templated":true}]}}