{"id":234171,"date":"2025-11-27T06:34:15","date_gmt":"2025-11-27T06:34:15","guid":{"rendered":"https:\/\/www.europesays.com\/it\/234171\/"},"modified":"2025-11-27T06:34:15","modified_gmt":"2025-11-27T06:34:15","slug":"rubato-dal-set-un-abito-da-1-700-dollari-bufera-sul-vizietto-della-duchessa-meghan-markle","status":"publish","type":"post","link":"https:\/\/www.europesays.com\/it\/234171\/","title":{"rendered":"&#8220;Rubato dal set un abito da 1.700 dollari&#8221;, bufera sul &#8220;vizietto&#8221; della duchessa Meghan Markle"},"content":{"rendered":"<p>Bufera su <strong>Meghan Markle<\/strong>, accusata di essersi appropriata di un vestito di valore utilizzato durante un servizio fotografico: il riferimento, nello specifico, \u00e8 a un capo che la duchessa mostrava nella copertina di &#8220;Variety&#8221; del 2022, da lei indossato nuovamente a distanza di tempo.<\/p>\n<p>A diffondere la notizia \u00e8 Page Six, colonna di gossip sulle celebrit\u00e0 del quotidiano americano New York Post: secondo una fonte, infatti, la Markle avrebbe abbandonato il set portandosi via un abito di colore verde del valore di<strong> 1.695 dollari <\/strong>perch\u00e9 \u201cfaceva parte della sua prassi di archiviazione degli abiti come membro della famiglia reale\u201d.<\/p>\n<p>Se ci\u00f2 non bastasse, la moglie del principe Harry ha selezionato proprio quel vestito per registrare una puntata del suo show televisivo: nello spot promozionale di With Love, Meghan Holiday Celebration, speciale dedicato alle vacanze di Natale, il costoso capo di abbigliamento \u00e8 infatti ricomparso davanti a un obiettivo. Si tratta di un prezioso abito monospalla di colore verde smeraldo &#8220;Ushuaia&#8221; di Galvan, proprio quel famoso abito che la duchessa avrebbe \u201csottratto dal set del servizio fotografico senza chiedere alcuna autorizzazione&#8221;.<\/p>\n<p>Una seconda fonte ha confermato a Page Six che il vestito \u00e8 finito nelle mani di Markle dopo il photo shooting. Una terza fonte, al contrario, ha dichiarato invece che si starebbe facendo un polverone inutile perch\u00e9 avrebbe udito delle voci secondo le quali la duchessa &#8220;in quanto membro della<strong> famiglia reale<\/strong>, era tenuta ad &#8216;archiviare tutti i suoi look&#8217;. Si sapeva che, una volta ritirati, i vestiti non potevano essere restituiti&#8221;. Questo atteggiamento, tuttavia, sembra tutto fuorch\u00e9 parte di un protocollo reale, per cui Meghan \u00e8 finita al centro di un vespaio di polemiche.<\/p>\n<p>A tentare di spegnere le fiamme un portavoce della stessa Markle. \u201cL&#8217;insinuazione che siano stati portati via dei beni senza il totale consenso degli stilisti sul set o dei rispettivi team di lavoro \u00e8 non solo totalmente falsa, ma anche altamente <strong>diffamatoria<\/strong>&#8220;, spiega infatti il collaboratore, &#8220;tutti gli oggetti sono stati acquisiti in totale trasparenza e soprattutto in piena conformit\u00e0 con gli accordi contrattuali&#8221;.<\/p>\n<p>Il portavoce, quindi, ribadisce il concetto espresso dalla terza fonte di Page Six, una prassi in genere seguita per impedire la rivendita di vestiti indossati da celebrit\u00e0 sia online che in aste non autorizzate, col prezzo che inevitabilmente schizza alle stelle. Una misura di sicurezza gi\u00e0 adottata spesso in passato dai membri della famiglia reale, tra i principali obiettivi di questa speculazione. Una teoria che \u00e8 stata smentita dalla fonte principale del portale online, la quale ha dichiarato che nessuno sul set fotografico era mai stato informato di questa regola:&#8221;\u00c8 una <strong>bugia<\/strong>!&#8221;, ha insistito.<\/p>\n<p>In ogni caso c&#8217;\u00e8 un precedente celebre: lo scorso ottobre Meghan fu fotografata con un abito midi senza spalline in tweed bianco e nero disegnato da <strong>Chanel <\/strong>durante un appuntamento serale con il principe Harry al club privato Chez Margaux di New York. Aveva gi\u00e0 indossato il capo firmato per un servizio fotografico nel 2022 per The Cut.\n<\/p>\n<p>&#8220;Ci\u00f2 che \u00e8 scioccante nel sentire questo tipo di presunte storie \u00e8 che una persona che vive in una villa da oltre 15 milioni di dollari a Montecito, e che ha appena concluso affari da 100 milioni di dollari, si preoccupi abbastanza da portarsi a casa gioielli e vestiti da un servizio fotografico che pu\u00f2 chiaramente permettersi&#8221;, ha detto Grigoriadis, collaboratrice del New York Times Magazine e di Vanity Fair.<\/p>\n","protected":false},"excerpt":{"rendered":"Bufera su Meghan Markle, accusata di essersi appropriata di un vestito di valore utilizzato durante un servizio fotografico:&hellip;\n","protected":false},"author":3,"featured_media":234172,"comment_status":"","ping_status":"","sticky":false,"template":"","format":"standard","meta":{"footnotes":""},"categories":[1451],"tags":[18921,1621,1620,203,204,1537,90,89,14165],"class_list":{"0":"post-234171","1":"post","2":"type-post","3":"status-publish","4":"format-standard","5":"has-post-thumbnail","7":"category-celebrita","8":"tag-british-royal-family","9":"tag-celebrita","10":"tag-celebrities","11":"tag-entertainment","12":"tag-intrattenimento","13":"tag-it","14":"tag-italia","15":"tag-italy","16":"tag-meghan-markle"},"share_on_mastodon":{"url":"https:\/\/pubeurope.com\/@it\/115620273429647996","error":""},"_links":{"self":[{"href":"https:\/\/www.europesays.com\/it\/wp-json\/wp\/v2\/posts\/234171","targetHints":{"allow":["GET"]}}],"collection":[{"href":"https:\/\/www.europesays.com\/it\/wp-json\/wp\/v2\/posts"}],"about":[{"href":"https:\/\/www.europesays.com\/it\/wp-json\/wp\/v2\/types\/post"}],"author":[{"embeddable":true,"href":"https:\/\/www.europesays.com\/it\/wp-json\/wp\/v2\/users\/3"}],"replies":[{"embeddable":true,"href":"https:\/\/www.europesays.com\/it\/wp-json\/wp\/v2\/comments?post=234171"}],"version-history":[{"count":0,"href":"https:\/\/www.europesays.com\/it\/wp-json\/wp\/v2\/posts\/234171\/revisions"}],"wp:featuredmedia":[{"embeddable":true,"href":"https:\/\/www.europesays.com\/it\/wp-json\/wp\/v2\/media\/234172"}],"wp:attachment":[{"href":"https:\/\/www.europesays.com\/it\/wp-json\/wp\/v2\/media?parent=234171"}],"wp:term":[{"taxonomy":"category","embeddable":true,"href":"https:\/\/www.europesays.com\/it\/wp-json\/wp\/v2\/categories?post=234171"},{"taxonomy":"post_tag","embeddable":true,"href":"https:\/\/www.europesays.com\/it\/wp-json\/wp\/v2\/tags?post=234171"}],"curies":[{"name":"wp","href":"https:\/\/api.w.org\/{rel}","templated":true}]}}