{"id":234187,"date":"2025-11-27T06:46:10","date_gmt":"2025-11-27T06:46:10","guid":{"rendered":"https:\/\/www.europesays.com\/it\/234187\/"},"modified":"2025-11-27T06:46:10","modified_gmt":"2025-11-27T06:46:10","slug":"garlasco-le-tracce-sulle-unghie-di-chiara-poggi-compatibili-con-il-dna-di-sempio-la-conferma-che-puo-riscrivere-la-storia-del-delitto","status":"publish","type":"post","link":"https:\/\/www.europesays.com\/it\/234187\/","title":{"rendered":"Garlasco, \u00able tracce sulle unghie di Chiara Poggi compatibili con il Dna di Sempio\u00bb: la conferma che pu\u00f2 riscrivere la storia del delitto"},"content":{"rendered":"<p>    di<br \/>\n    Cesare Giuzzi<\/p>\n<p class=\"summary-art is-line-h-12\">Delitto di Garlasco, la perizia del Tribunale d\u00e0 ragione ai pm di Pavia<\/p>\n<p class=\"chapter-paragraph\">La conferma pi\u00f9 importante che dopo 18 anni pu\u00f2  riscrivere la storia del <b>delitto di Chiara Poggi<\/b> \u00e8 arrivata con una mail di posta elettronica certificata. La firma \u00e8 della perita nominata dal Tribunale di Pavia, Denise Albani. Allegati una serie di grafici, numeri e percentuali. Gli stessi che gi\u00e0 il consulente della procura di Pavia, Carlo Previder\u00e9 aveva messo nero su bianco nella sua relazione con la quale aveva attribuito il<b> Dna sulle unghie<\/b> della vittima ad <b>Andrea Sempio<\/b>.<\/p>\n<p class=\"chapter-paragraph\">La tecnica della biostatistica adottata dall\u2019esperta della polizia scientifica nell\u2019incidente probatorio sul caso Garlasco ha confermato che quel materiale genetico isolato durante le prime indagini \u2014 e ritenuto degradato dal perito del processo d\u2019Appello Francesco De Stefano \u2014 , non solo \u00e8 comparabile, ma ha restituito una <b>elevatissima percentuale di compatibilit\u00e0 con l\u2019Y di Sempio<\/b>. Ossia la linea maschile della sua famiglia. Un dato che sostanzialmente si sovrappone a quello gi\u00e0 elaborato sia dalla procura di Pavia, sia dal genetista Ugo Ricci, consulente del condannato Alberto Stasi e che ha portato alla riapertura(dopo l\u2019archiviazione lampo del 2017) del caso Garlasco.    &#13;<br \/>\n&#13;<br \/>\n&#13;<br \/>\n&#13;<br \/>\n&#13;<br \/>\n&#13;<br \/>\n&#13;<br \/>\n&#13;<br \/>\n&#13;<br \/>\n&#13;<br \/>\n&#13;<br \/>\n&#13;<br \/>\n&#13;<br \/>\n&#13;<br \/>\n&#13;<br \/>\n&#13;<br \/>\n&#13;<br \/>\n&#13;<br \/>\n&#13;<br \/>\n&#13;<br \/>\n&#13;<br \/>\n&#13;<br \/>\n&#13;<br \/>\n&#13;<br \/>\n&#13;<br \/>\n&#13;<br \/>\n&#13;<br \/>\n&#13;<br \/>\n&#13;<br \/>\n&#13;<br \/>\n&#13;<br \/>\n&#13;<br \/>\n&#13;<br \/>\n&#13;<br \/>\n&#13;<br \/>\n&#13;<br \/>\n&#13;<br \/>\n&#13;<br \/>\n&#13;<br \/>\n&#13;<br \/>\n&#13;<br \/>\n&#13;<br \/>\n&#13;<br \/>\n&#13;<br \/>\n&#13;<br \/>\n&#13;<br \/>\n&#13;<br \/>\n&#13;<br \/>\n&#13;<br \/>\n&#13;<br \/>\n&#13;<br \/>\n&#13;<br \/>\n&#13;\n<\/p>\n<p class=\"chapter-paragraph\">Ora Denise Albani ha <b>tempo fino al 5 dicembre (venerd\u00ec prossimo) per depositare la sua perizia alla giudice Daniela Garlaschelli del  Tribunale di Pavia<\/b>. Poi il 18 dicembre in aula sfileranno periti e consulenti per confrontarsi sui risultati. Ma la conferma arrivata dalle comparazioni biostatistiche \u2014 una tecnica non disponibile nel 2014 ma oggi diventata standard  a livello internazionale \u2014 \u00e8 <b>un punto decisivo per le indagini<\/b> dei carabinieri del Nucleo investigativo di Milano coordinati dal procuratore Fabio Napoleone e dall\u2019aggiunto Stefano Civardi.\u00a0<\/p>\n<p class=\"chapter-paragraph\"><b>La posizione di Andrea Sempio, amico del fratello della vittima e che si \u00e8 sempre proclamato innocente ed \u00abestraneo al delitto\u00bb, ora si fa decisamente pi\u00f9 complessa.<\/b><\/p>\n<p class=\"chapter-paragraph\">Il Dna sulle unghie di Chiara Poggi, estratto nel 2014, \u00e8 un campione \u00abnon consolidato\u00bb perch\u00e9 all\u2019epoca il genetista De Stefano non riusc\u00ec a replicare il risultato. Anzi, si \u00e8 anche chiarito che all\u2019epoca le repliche non furono uguali, ma effettuate su quantit\u00e0 differenti. Ma a differenza di quanto sempre sostenuto non \u00e8 cos\u00ec degradato da non permettere una comparazione. Il materiale genetico ha restituito una compatibilit\u00e0 di<b> 12 marcatori sui 16 previsti dal kit<\/b>, una quantit\u00e0 comunque sufficiente per una comparazione. Nel Dna ci sarebbero anche tracce di un secondo profilo, ma in misura molto minore e non definita.<\/p>\n<p class=\"chapter-paragraph\">Come gi\u00e0 si sapeva trattandosi di un<b> Dna Y<\/b> (e non mitocondriale) non \u00e8 possibile indicare con certezza un individuo, ma la linea maschile secondo le comparazioni biostatistiche \u00e8 risultata sovrapponibile a quella della famiglia di  Andrea Sempio. A questo si aggiungono gli altri elementi messi in fila in questi mesi dai pm pavesi: l\u2019impronta 33 sul muro delle scale, le telefonate anomale di Sempio a casa Poggi e la \u00abbugia\u00bb dello scontrino di Vigevano per costituirsi un alibi. Oltre all\u2019inchiesta sulla presunta \u00abcorruzione\u00bb all\u2019ex pm Mario Venditti ora nelle mani dei pm di Brescia.<\/p>\n<p class=\"is-mr-t-20 is-mr-b-20\"><b><br \/>\n                    <a href=\"https:\/\/milano.corriere.it\/?intcmp=Notizielocali_nd_010623_corriere_ss_milano\" target=\"_blank\" rel=\"nofollow noopener\">Vai a tutte le notizie di Milano<\/a><br \/>\n            <\/b><\/p>\n<p class=\"chapter-paragraph\"><b><a href=\"https:\/\/www.corriere.it\/newsletter\/?theme=41&amp;intcmp=IIIcolonna_NL_CorMilano\" target=\"_blank\" rel=\"nofollow noopener\">Iscriviti alla newsletter di Corriere Milano<\/a><\/b><\/p>\n<p class=\"is-last-update\" datetime=\"2025-11-27T07:19:40+01:00\">27 novembre 2025 ( modifica il 27 novembre 2025 | 07:19)<\/p>\n<p class=\"is-copyright\">\n            \u00a9 RIPRODUZIONE RISERVATA\n        <\/p>\n","protected":false},"excerpt":{"rendered":"di Cesare Giuzzi Delitto di Garlasco, la perizia del Tribunale d\u00e0 ragione ai pm di Pavia La conferma&hellip;\n","protected":false},"author":3,"featured_media":234188,"comment_status":"","ping_status":"","sticky":false,"template":"","format":"standard","meta":{"footnotes":""},"categories":[79],"tags":[78808,2700,11083,6315,138522,40,6056,138523,138524,138525,73003,4385,1243,14,93,94,277,6989,138526,2446,21492,138527,1888,2640,78507,3452,1909,6057,1537,90,89,7,15,8141,2439,11065,11066,6845,3892,11,84,91,12,85,92,42540],"class_list":{"0":"post-234187","1":"post","2":"type-post","3":"status-publish","4":"format-standard","5":"has-post-thumbnail","7":"category-italia","8":"tag-albani","9":"tag-andrea","10":"tag-andrea-sempio","11":"tag-arrivata","12":"tag-biostatistiche","13":"tag-chiara","14":"tag-chiara-poggi","15":"tag-comparazione","16":"tag-comparazioni","17":"tag-comparazioni-biostatistiche","18":"tag-compatibilita","19":"tag-conferma","20":"tag-consulente","21":"tag-cronaca","22":"tag-cronaca-italiana","23":"tag-cronacaitaliana","24":"tag-de","25":"tag-de-stefano","26":"tag-degradato","27":"tag-delitto","28":"tag-denise","29":"tag-denise-albani","30":"tag-dicembre","31":"tag-dna","32":"tag-dna-unghie","33":"tag-epoca","34":"tag-famiglia","35":"tag-garlasco","36":"tag-it","37":"tag-italia","38":"tag-italy","39":"tag-news","40":"tag-notizie","41":"tag-pavia","42":"tag-pm","43":"tag-poggi","44":"tag-sempio","45":"tag-stefano","46":"tag-tribunale","47":"tag-ultime-notizie","48":"tag-ultime-notizie-e-news-di-oggi","49":"tag-ultime-notizie-italia","50":"tag-ultimenotizie","51":"tag-ultimenotizieenewsdioggi","52":"tag-ultimenotizieitalia","53":"tag-unghie"},"share_on_mastodon":{"url":"","error":"Validation failed: Text character limit of 500 exceeded"},"_links":{"self":[{"href":"https:\/\/www.europesays.com\/it\/wp-json\/wp\/v2\/posts\/234187","targetHints":{"allow":["GET"]}}],"collection":[{"href":"https:\/\/www.europesays.com\/it\/wp-json\/wp\/v2\/posts"}],"about":[{"href":"https:\/\/www.europesays.com\/it\/wp-json\/wp\/v2\/types\/post"}],"author":[{"embeddable":true,"href":"https:\/\/www.europesays.com\/it\/wp-json\/wp\/v2\/users\/3"}],"replies":[{"embeddable":true,"href":"https:\/\/www.europesays.com\/it\/wp-json\/wp\/v2\/comments?post=234187"}],"version-history":[{"count":0,"href":"https:\/\/www.europesays.com\/it\/wp-json\/wp\/v2\/posts\/234187\/revisions"}],"wp:featuredmedia":[{"embeddable":true,"href":"https:\/\/www.europesays.com\/it\/wp-json\/wp\/v2\/media\/234188"}],"wp:attachment":[{"href":"https:\/\/www.europesays.com\/it\/wp-json\/wp\/v2\/media?parent=234187"}],"wp:term":[{"taxonomy":"category","embeddable":true,"href":"https:\/\/www.europesays.com\/it\/wp-json\/wp\/v2\/categories?post=234187"},{"taxonomy":"post_tag","embeddable":true,"href":"https:\/\/www.europesays.com\/it\/wp-json\/wp\/v2\/tags?post=234187"}],"curies":[{"name":"wp","href":"https:\/\/api.w.org\/{rel}","templated":true}]}}