{"id":234379,"date":"2025-11-27T09:48:15","date_gmt":"2025-11-27T09:48:15","guid":{"rendered":"https:\/\/www.europesays.com\/it\/234379\/"},"modified":"2025-11-27T09:48:15","modified_gmt":"2025-11-27T09:48:15","slug":"mariah-carey-all-i-want-for-christmas-is-you-e-gia-tornata-nella-top-10-americana-i-sky-tg24","status":"publish","type":"post","link":"https:\/\/www.europesays.com\/it\/234379\/","title":{"rendered":"Mariah Carey, All I Want For Christmas Is You \u00e8 gi\u00e0 tornata nella Top 10 americana I Sky TG24"},"content":{"rendered":"<p>Mancano ancora alcuni giorni a dicembre, ma <strong>Mariah<\/strong> <strong>Carey<\/strong> ha gi\u00e0 iniziato a dominare le classifiche. Il classico natalizio All I Want For Christmas Is You \u00e8 rientrato nella Top 10 dei brani pi\u00f9 venduti in America nell\u2019ultima settimana.<\/p>\n<p>\t\t \tmariah carey, il successo di All I Want For Christmas Is You<\/p>\n<p>Il 1\u00b0 novembre <a data-intcmp=\"skytg24_foglia articolo_interlink_text\" href=\"https:\/\/tg24.sky.it\/spettacolo\/2025\/11\/01\/natale-mariah-carey-its-time\" rel=\"nofollow noopener\" target=\"_blank\">Mariah Carey<\/a> ha dato ufficialmente il via ai festeggiamenti natalizi con un video virale da oltre 100.000.000 di visualizzazioni su Instagram. Parallelamente, All I Want For Christmas Is You ha cominciato a scalare le classifiche a livello mondiale come ormai accade da oltre tre decenni. Stando alla recente classifica Billboard, il brano ha conquistato l\u2019ottava posizione delle canzoni di maggior successo dell\u2019ultima settimana.\u00a0All I Want For Christmas Is You \u00e8 il brano di <a data-intcmp=\"skytg24_foglia articolo_interlink_text\" href=\"https:\/\/tg24.sky.it\/spettacolo\/musica\/approfondimenti\/mariah-carey-canzoni\" rel=\"nofollow noopener\" target=\"_blank\">Mariah Carey<\/a> ad aver trascorso il maggior numero di settimane all\u2019interno della Billboard Hot 100, ovvero ben settantaquattro.<\/p>\n<p>\u00a0<\/p>\n<p>Intervistata da <a data-intcmp-qp=\"skytg24_foglia articolo_interlink_text\" href=\"https:\/\/www.billboard.com\/music\/chart-beat\/mariah-carey-charlie-brown-greatest-of-all-time-holiday-charts-1234999010\/\" rel=\"nofollow noopener\" target=\"_blank\">Billboard<\/a> nel 2021, l\u2019artista statunitense ha parlato del successo straordinario riscosso dal brano: \u201cQuando l&#8217;ho scritta, non avevo assolutamente idea dell&#8217;impatto che la canzone avrebbe avuto in tutto il mondo. Come avrei potuto? Ero ancora agli inizi della mia carriera e la maggior parte dei giovani artisti, all&#8217;epoca, non si dedicava alla musica natalizia all&#8217;inizio della loro carriera\u201d.<\/p>\n<p>\t\t\t<a class=\"c-inline-card j-inline-card c-inline-card--with-image\" href=\"https:\/\/tg24.sky.it\/spettacolo\/musica\/2025\/11\/14\/serena-brancale-mariah-carey\" rel=\"follow nofollow noopener\" data-intcmp=\"skytg24_articolo_approfondimenti_inline\" target=\"_blank\"><\/p>\n<p>\t\t\t         <img decoding=\"async\" crossorigin=\"anonymous\" alt=\"\" src=\"https:\/\/www.europesays.com\/it\/wp-content\/uploads\/2025\/11\/Serena_Brancale.jpeg\"  loading=\"lazy\"  bad-src=\"https:\/\/www.europesays.com\/it\/wp-content\/uploads\/2025\/11\/Serena_Brancale.jpeg\"\/><\/p>\n<p>\n\t\t\t         Approfondimento<br \/>\n\t\t\t         Serena Brancale rilegge Mariah Carey per Natale\n\t\t\t      <\/p>\n<p>\t\t\t<\/a><\/p>\n<p><a data-intcmp=\"skytg24_foglia articolo_interlink_text\" href=\"https:\/\/tg24.sky.it\/spettacolo\/musica\/2025\/09\/01\/mariah-carey-here-for-it-all\" rel=\"nofollow noopener\" target=\"_blank\">La cantante<\/a>\u00a0(<strong><a data-intcmp=\"skytg24_foglia articolo_interlink_text\" href=\"https:\/\/tg24.sky.it\/spettacolo\/musica\/approfondimenti\/mariah-carey-canzoni\" rel=\"nofollow noopener\" target=\"_blank\">FOTO<\/a><\/strong>) ha proseguito: &#8220;Questo disco ha rappresentato davvero la chiusura di un cerchio e sono cos\u00ec grata che cos\u00ec tante persone lo ascoltino insieme a me ogni anno&#8221;.<\/p>\n<p>\u00a0<\/p>\n<p>Infine, l&#8217;artista ha concluso: &#8220;Mentre la scrivevo, ero immersa in un mix agrodolce di nostalgia e festosit\u00e0. Sono cresciuta desiderando un Natale in una famiglia funzionale come quelle che vedevo in televisione o nei film, ma la verit\u00e0 \u00e8 che non \u00e8 mai successo! Cos\u00ec, ho scritto la canzone per la bambina che \u00e8 in me piena di spirito natalizio\u201d. All I Want For Christmas Is You ha trascorso un totale di diciotto settimane al primo posto della Billboard Hot 100\u00a0conquistando un totale di ben sedici dischi di platino negli Stati Uniti d&#8217;America.<\/p>\n<p>\t\t\t<a class=\"c-inline-card j-inline-card c-inline-card--with-image\" href=\"https:\/\/tg24.sky.it\/spettacolo\/2025\/11\/01\/natale-mariah-carey-its-time\" rel=\"follow nofollow noopener\" data-intcmp=\"skytg24_articolo_approfondimenti_inline\" target=\"_blank\"><\/p>\n<p>\t\t\t         <img decoding=\"async\" crossorigin=\"anonymous\" alt=\"\" src=\"https:\/\/www.europesays.com\/it\/wp-content\/uploads\/2025\/11\/01_Mariah_Carey.jpg\"  loading=\"lazy\"  bad-src=\"https:\/\/www.europesays.com\/it\/wp-content\/uploads\/2025\/11\/01_Mariah_Carey.jpg\"\/><\/p>\n<p>\n\t\t\t         Approfondimento<br \/>\n\t\t\t         Mariah Carey annuncia: \u201cIt\u2019s Time!\u201d e il Natale pu\u00f2 cominciare\n\t\t\t      <\/p>\n<p>\t\t\t<\/a><\/p>\n","protected":false},"excerpt":{"rendered":"Mancano ancora alcuni giorni a dicembre, ma Mariah Carey ha gi\u00e0 iniziato a dominare le classifiche. Il classico&hellip;\n","protected":false},"author":3,"featured_media":234380,"comment_status":"","ping_status":"","sticky":false,"template":"","format":"standard","meta":{"footnotes":""},"categories":[1443],"tags":[203,204,1537,90,89,116898,1538,1539],"class_list":{"0":"post-234379","1":"post","2":"type-post","3":"status-publish","4":"format-standard","5":"has-post-thumbnail","7":"category-musica","8":"tag-entertainment","9":"tag-intrattenimento","10":"tag-it","11":"tag-italia","12":"tag-italy","13":"tag-mariah-carey","14":"tag-music","15":"tag-musica"},"share_on_mastodon":{"url":"https:\/\/pubeurope.com\/@it\/115621036794349399","error":""},"_links":{"self":[{"href":"https:\/\/www.europesays.com\/it\/wp-json\/wp\/v2\/posts\/234379","targetHints":{"allow":["GET"]}}],"collection":[{"href":"https:\/\/www.europesays.com\/it\/wp-json\/wp\/v2\/posts"}],"about":[{"href":"https:\/\/www.europesays.com\/it\/wp-json\/wp\/v2\/types\/post"}],"author":[{"embeddable":true,"href":"https:\/\/www.europesays.com\/it\/wp-json\/wp\/v2\/users\/3"}],"replies":[{"embeddable":true,"href":"https:\/\/www.europesays.com\/it\/wp-json\/wp\/v2\/comments?post=234379"}],"version-history":[{"count":0,"href":"https:\/\/www.europesays.com\/it\/wp-json\/wp\/v2\/posts\/234379\/revisions"}],"wp:featuredmedia":[{"embeddable":true,"href":"https:\/\/www.europesays.com\/it\/wp-json\/wp\/v2\/media\/234380"}],"wp:attachment":[{"href":"https:\/\/www.europesays.com\/it\/wp-json\/wp\/v2\/media?parent=234379"}],"wp:term":[{"taxonomy":"category","embeddable":true,"href":"https:\/\/www.europesays.com\/it\/wp-json\/wp\/v2\/categories?post=234379"},{"taxonomy":"post_tag","embeddable":true,"href":"https:\/\/www.europesays.com\/it\/wp-json\/wp\/v2\/tags?post=234379"}],"curies":[{"name":"wp","href":"https:\/\/api.w.org\/{rel}","templated":true}]}}