{"id":234799,"date":"2025-11-27T15:50:13","date_gmt":"2025-11-27T15:50:13","guid":{"rendered":"https:\/\/www.europesays.com\/it\/234799\/"},"modified":"2025-11-27T15:50:13","modified_gmt":"2025-11-27T15:50:13","slug":"fotovoltaico-per-autoconsumo-dalla-regione-90-milioni-di-incentivi","status":"publish","type":"post","link":"https:\/\/www.europesays.com\/it\/234799\/","title":{"rendered":"Fotovoltaico per autoconsumo, dalla Regione 90 milioni di incentivi"},"content":{"rendered":"<p><strong>Sono 5.664 le richieste presentate e ammesse al\u00a0bando della Regione <\/strong>per l&#8217;erogazione di <strong>incentivi mirati a sostenere l&#8217;installazione di impianti fotovoltaici e sistemi di accumulo di energia elettrica <\/strong>destinati all&#8217;autoconsumo: si prevede che vengano soddisfatte in tre anni.\u00a0<\/p>\n<p>\u00a0Come ha spiegato oggi a Sassari l&#8217;assessore regionale dei Lavori pubblici Antonio Piu, la dotazione finanziaria totale per coprire il bando \u00e8 di 90 milioni di euro. <strong>Le prime 1.290 domande ammesse saranno finanziate per il 2025 con 20 milioni e le restanti, con scorrimento in graduatoria, saranno finanziate nel 2026 e nel 2027.<\/strong><\/p>\n<p>\u00abSiamo molto soddisfatti della risposta dei cittadini che hanno aderito al bando\u00bb, commenta l&#8217;assessore Piu. \u00abI primi 1.016 impianti fotovoltaici saranno installati subito e andranno a soddisfare la richiesta di quelle famiglie con un Isee fino a 7,500 euro con impianti da 3 kilowatt. <strong>Abbiamo impostato il bando affinch\u00e9 soddisfacesse le richieste a partire dagli Isee pi\u00f9 bassi, <\/strong>per aiutare quelle cittadine e cittadini delle fasce pi\u00f9 deboli; questo consentir\u00e0 di finanziare l&#8217;impianto che porter\u00e0 anche all&#8217;abbattimento delle bollette\u00bb.<\/p>\n<p>L&#8217;incentivo a fondo perduto coprir\u00e0 tutte le spese previste per la fornitura e posa in opera dell&#8217;impianto fotovoltaico e del sistema di accumulo presso le <strong>abitazioni di propriet\u00e0 e di residenza,<\/strong> compresa la copertura assicurativa multirischio, un programma di manutenzione periodica e il monitoraggio delle prestazioni degli impianti da parte delle imprese esecutrici.<\/p>\n<p><strong>Le 209 imprese coinvolte da questa prima fase del bando, relativa all&#8217;annualit\u00e0 2025, realizzeranno una media di 6,17 impianti per ciascuna,<\/strong> con 217 impianti nel territorio della Citt\u00e0 metropolitana di Sassari, 204 nella provincia di Nuoro, 195 in quella di Oristano, 467 nel Sud Sardegna e 207 nella Citt\u00e0 metropolitana di Cagliari.<\/p>\n<p>(Unioneonline)<\/p>\n<p>\u00a9 Riproduzione riservata<\/p>\n","protected":false},"excerpt":{"rendered":"Sono 5.664 le richieste presentate e ammesse al\u00a0bando della Regione per l&#8217;erogazione di incentivi mirati a sostenere l&#8217;installazione&hellip;\n","protected":false},"author":3,"featured_media":234800,"comment_status":"","ping_status":"","sticky":false,"template":"","format":"standard","meta":{"footnotes":""},"categories":[172],"tags":[178,177,1537,90,89],"class_list":{"0":"post-234799","1":"post","2":"type-post","3":"status-publish","4":"format-standard","5":"has-post-thumbnail","7":"category-affari","8":"tag-affari","9":"tag-business","10":"tag-it","11":"tag-italia","12":"tag-italy"},"share_on_mastodon":{"url":"https:\/\/pubeurope.com\/@it\/115622459954622775","error":""},"_links":{"self":[{"href":"https:\/\/www.europesays.com\/it\/wp-json\/wp\/v2\/posts\/234799","targetHints":{"allow":["GET"]}}],"collection":[{"href":"https:\/\/www.europesays.com\/it\/wp-json\/wp\/v2\/posts"}],"about":[{"href":"https:\/\/www.europesays.com\/it\/wp-json\/wp\/v2\/types\/post"}],"author":[{"embeddable":true,"href":"https:\/\/www.europesays.com\/it\/wp-json\/wp\/v2\/users\/3"}],"replies":[{"embeddable":true,"href":"https:\/\/www.europesays.com\/it\/wp-json\/wp\/v2\/comments?post=234799"}],"version-history":[{"count":0,"href":"https:\/\/www.europesays.com\/it\/wp-json\/wp\/v2\/posts\/234799\/revisions"}],"wp:featuredmedia":[{"embeddable":true,"href":"https:\/\/www.europesays.com\/it\/wp-json\/wp\/v2\/media\/234800"}],"wp:attachment":[{"href":"https:\/\/www.europesays.com\/it\/wp-json\/wp\/v2\/media?parent=234799"}],"wp:term":[{"taxonomy":"category","embeddable":true,"href":"https:\/\/www.europesays.com\/it\/wp-json\/wp\/v2\/categories?post=234799"},{"taxonomy":"post_tag","embeddable":true,"href":"https:\/\/www.europesays.com\/it\/wp-json\/wp\/v2\/tags?post=234799"}],"curies":[{"name":"wp","href":"https:\/\/api.w.org\/{rel}","templated":true}]}}