{"id":235150,"date":"2025-11-27T21:09:12","date_gmt":"2025-11-27T21:09:12","guid":{"rendered":"https:\/\/www.europesays.com\/it\/235150\/"},"modified":"2025-11-27T21:09:12","modified_gmt":"2025-11-27T21:09:12","slug":"lisola-dei-famosi-via-dallhonduras-proteste-e-rischio-cancellazione","status":"publish","type":"post","link":"https:\/\/www.europesays.com\/it\/235150\/","title":{"rendered":"L&#8217;Isola dei Famosi via dall&#8217;Honduras, proteste e rischio cancellazione"},"content":{"rendered":"<p>Un enorme ostacolo minaccia l\u2019avvio de <strong>L\u2019Isola dei Famosi 20<\/strong>. Non si parla di casting, che di certo non sono facilmente gestibili, considerando il poco appeal degli ultimi anni. Lo sguardo \u00e8 rivolto proprio sulla <strong>location<\/strong>. Il reality rischia di iniziare senza un\u2019isola, per assurdo.<\/p>\n<p>Mancano pochi mesi al tradizionale debutto primaverile su Canale 5 ma non si esclude un necessario cambio di calendario. La produzione si ritrova infatti a vivere il momento pi\u00f9 delicato della sua storia recente. Le forti proteste potrebbero <strong>chiudere le porte dell\u2019Honduras<\/strong> una volta per tutte.\n<\/p>\n<p>Proteste contro L\u2019Isola dei Famosi<\/p>\n<p>Si fanno sempre pi\u00f9 pressanti le polemiche delle <strong>comunit\u00e0 Garifuna di Cayos Cochinos<\/strong>, in Honduras. Da anni ormai sono costrette a convivere con le produzioni italiane e spagnole, ma \u00e8 giunto il tempo di dire basta.<\/p>\n<p>Il limite \u00e8 stato raggiunto e lo dimostra il fatto che Banijay \u00e8 alla ricerca (disperata, visti i tempi) di una <strong>nuova location<\/strong>. Come riportato da Davide Maggio, i tentativi fino a questo punto non sono stati positivi. A fronte di alcuni sopralluoghi falliti, gli scenari si complicano giorno dopo giorno.<\/p>\n<p>Alcuni media locali commentano la notizia con un velo d\u2019ironia (e mica tanto): \u201cI Garifuna si sono rotti i\u2026 cocchi\u201d. Una questione molto seria, che di folkloristico ha ben poco. Queste persone vivono nelle piccole isole e isolotti di Cayos Cochinos e da tempo denunciano i disagi provati. Il tutto subito a causa delle produzioni televisive impegnate nell\u2019area. In particolare si parla de <a href=\"https:\/\/dilei.it\/spettacolo\/veronica-gentili-rompe-silenzio-finale-isola-dei-famosi-2025\/1692314\/\" rel=\"nofollow noopener\" target=\"_blank\">L\u2019Isola dei Famosi<\/a> (Italia) e di Supervivientes (Spagna).<\/p>\n<p>A causa dei due reality, principalmente, per lunghi periodi dell\u2019anno <strong>l\u2019area diventa inaccessibile<\/strong>. Le registrazioni comportano infatti dei divieti di navigazione e pesca. Il tutto a svantaggio di chi vive di risorse naturali, turismo locale, piccola pesca e raccolta della legna.<\/p>\n<p>Tutto ci\u00f2 prevede una compensazione che, per\u00f2, i Garifuna ritengono inadeguata. Il loro grido, finalmente, sembra aver ottenuto il risultato sperato. Colpa delle produzioni? Non proprio, sotto questo aspetto. \u00c8 il comportamento della <strong>Fondazione Cayos Cochinos<\/strong> a essere sotto attacco. Amministrando il territorio, beneficia degli accordi con le produzioni. Non riserverebbe, per\u00f2, una <strong>quota equa degli introiti<\/strong> alle popolazioni locali.<\/p>\n<p>Da qui le proteste: invasioni pacifiche dei set, manifestazioni pubbliche e richieste di revisione dei contratti. Il clima, quest\u2019anno, si sarebbe ulteriormente irrigidito, fino a mettere in seria discussione la permanenza della produzione italiana nell\u2019arcipelago.<\/p>\n<p>Emergenza reality: nuova isola o slittamento<\/p>\n<p>Stando a quanto filtrato nelle ultime settimane, Banijay avrebbe gi\u00e0 avviato la ricerca di una nuova location. La priorit\u00e0? Restare nell\u2019area del Centro America, per motivi climatici e logistici. Ecco come si spiega il <strong>sopralluogo in Messico<\/strong>.<\/p>\n<p>A quanto sembra, per\u00f2, nessuna delle zone prese in considerazione avrebbe soddisfatto i requisiti di sicurezza, isolamento, accessibilit\u00e0 e compatibilit\u00e0 televisiva. <strong>Nulla da fare con il piano B<\/strong>, dunque. Si tratta per\u00f2 di un nodo da sciogliere a tutti i costi.<\/p>\n<p>Il problema \u00e8 cos\u00ec serio che si fa largo l\u2019ipotesi di uno slittamento dell\u2019avvio della stagione. Rispetto al cronoprogramma previsto, la produzione sarebbe gi\u00e0 in ritardo. Una risoluzione rapida all\u2019ostacolo logistico non si intravede, dunque, Pier Silvio Berlusconi si trover\u00e0 costretto con ogni probabilit\u00e0 a trovare una soluzione.<\/p>\n<p>Per fortuna di <a href=\"https:\/\/dilei.it\/spettacolo\/mediaset-rinvia-le-sue-fiction-9-titoli-bloccati-quando-andranno-in-onda\/1961916\/\" rel=\"nofollow noopener\" target=\"_blank\">fiction<\/a> non ne mancano, tenendo conto dei tanti rinvii degli ultimi mesi. Le prime serate potrebbero cos\u00ec essere salve con una soluzione interna. In attesa di un comunicato ufficiale, sembra proprio l\u2019appuntamento possa essere <strong>rinviato al 2027<\/strong>.<\/p>\n<p>\u00a0<\/p>\n<p>Resta sempre aggiornata:\u00a0<a href=\"https:\/\/www.whatsapp.com\/channel\/0029Vb68mVyHVvTWezDm7d0R\" data-doctype=\"\" rel=\"nofollow noopener\" target=\"_blank\">iscriviti al nostro canale WhatsApp<\/a>!<\/p>\n","protected":false},"excerpt":{"rendered":"Un enorme ostacolo minaccia l\u2019avvio de L\u2019Isola dei Famosi 20. Non si parla di casting, che di certo&hellip;\n","protected":false},"author":3,"featured_media":235151,"comment_status":"","ping_status":"","sticky":false,"template":"","format":"standard","meta":{"footnotes":""},"categories":[1444],"tags":[685,203,204,14322,1537,90,89,1519,214,253],"class_list":{"0":"post-235150","1":"post","2":"type-post","3":"status-publish","4":"format-standard","5":"has-post-thumbnail","7":"category-tv","8":"tag-canale-5","9":"tag-entertainment","10":"tag-intrattenimento","11":"tag-isola-dei-famosi","12":"tag-it","13":"tag-italia","14":"tag-italy","15":"tag-reality-show","16":"tag-spettacolo","17":"tag-tv"},"share_on_mastodon":{"url":"https:\/\/pubeurope.com\/@it\/115623714265018329","error":""},"_links":{"self":[{"href":"https:\/\/www.europesays.com\/it\/wp-json\/wp\/v2\/posts\/235150","targetHints":{"allow":["GET"]}}],"collection":[{"href":"https:\/\/www.europesays.com\/it\/wp-json\/wp\/v2\/posts"}],"about":[{"href":"https:\/\/www.europesays.com\/it\/wp-json\/wp\/v2\/types\/post"}],"author":[{"embeddable":true,"href":"https:\/\/www.europesays.com\/it\/wp-json\/wp\/v2\/users\/3"}],"replies":[{"embeddable":true,"href":"https:\/\/www.europesays.com\/it\/wp-json\/wp\/v2\/comments?post=235150"}],"version-history":[{"count":0,"href":"https:\/\/www.europesays.com\/it\/wp-json\/wp\/v2\/posts\/235150\/revisions"}],"wp:featuredmedia":[{"embeddable":true,"href":"https:\/\/www.europesays.com\/it\/wp-json\/wp\/v2\/media\/235151"}],"wp:attachment":[{"href":"https:\/\/www.europesays.com\/it\/wp-json\/wp\/v2\/media?parent=235150"}],"wp:term":[{"taxonomy":"category","embeddable":true,"href":"https:\/\/www.europesays.com\/it\/wp-json\/wp\/v2\/categories?post=235150"},{"taxonomy":"post_tag","embeddable":true,"href":"https:\/\/www.europesays.com\/it\/wp-json\/wp\/v2\/tags?post=235150"}],"curies":[{"name":"wp","href":"https:\/\/api.w.org\/{rel}","templated":true}]}}