{"id":235168,"date":"2025-11-27T21:19:11","date_gmt":"2025-11-27T21:19:11","guid":{"rendered":"https:\/\/www.europesays.com\/it\/235168\/"},"modified":"2025-11-27T21:19:11","modified_gmt":"2025-11-27T21:19:11","slug":"fiorentina-gudmundsson-appello-respinto-confermata-lassoluzione","status":"publish","type":"post","link":"https:\/\/www.europesays.com\/it\/235168\/","title":{"rendered":"Fiorentina: Gudmundsson, appello respinto. Confermata l&#8217;assoluzione"},"content":{"rendered":"<p>                                Virtualmente conclusa la vicenda che ha portato in tribunale il giocatore islandese accusato di &#8220;cattiva condotta sessuale&#8221;<\/p>\n<p class=\"paragraph\" spellcheck=\"true\">La notizia arriva dall\u2019Islanda attraverso i legali di Albert Gudmundsson: <a href=\"https:\/\/www.gazzetta.it\/Calcio\/Serie-A\/Fiorentina\/04-11-2024\/processo-gudmundsson-la-procura-di-reykjavik-fa-ricorso-contro-l-assoluzione.shtml?intcmp=hyperlink-articolo-gazit\" title=\"Il processo Gudmundsson continua: la Procura di Reykjavik fa ricorso contro l&#039;assoluzione\" target=\"_blank\" rel=\"nofollow noopener\">l\u2019appello contro l\u2019assoluzione del giocatore \u00e8 stato respinto<\/a> e la vicenda \u00e8 da ritenersi virtualmente conclusa perch\u00e9 sembra da escludere (il contrario sarebbe un caso molto raro) che ci possa essere un ulteriore ricorso della controparte. Il giocatore era andato a processo per cattiva  condotta sessuale per un episodio che risale all\u2019estate del 2023 in Islanda e il caso era stato inizialmente archiviato per poi riaprirsi. Ma anche in questa occasione Gud era stato assolto. Ora un altro sorriso per l\u2019attaccante che aspettava la sentenza entro il 4 dicembre, ma che gi\u00e0 oggi ha ricevuto la buona notizia del mancato accoglimento del ricorso.\u00a0Vilhjalmur H. Vilhj\u00e1lmsson, avvocato di Albert, ha commentato al sito mbl.is la notizia dell&#8217;appello respinto:  &#8220;Questa \u00e8 la conclusione corretta ed \u00e8 stato confermato un verdetto ben motivato e ampiamente comprovato. Siamo soddisfatti\u201d.<\/p>\n","protected":false},"excerpt":{"rendered":"Virtualmente conclusa la vicenda che ha portato in tribunale il giocatore islandese accusato di &#8220;cattiva condotta sessuale&#8221; La&hellip;\n","protected":false},"author":3,"featured_media":235169,"comment_status":"","ping_status":"","sticky":false,"template":"","format":"standard","meta":{"footnotes":"","_share_on_mastodon":"0"},"categories":[6],"tags":[33548,840,139178,51370,18480,139179,139180,14,564,8,1537,90,89,7,4509,15,82,9,83,10,64330,13,11,80,84,12,81,85],"class_list":["post-235168","post","type-post","status-publish","format-standard","has-post-thumbnail","category-ultime-notizie","tag-albert","tag-appello","tag-appello-respinto","tag-assoluzione","tag-cattiva","tag-cattiva-condotta","tag-cattiva-condotta-sessuale","tag-cronaca","tag-giocatore","tag-headlines","tag-it","tag-italia","tag-italy","tag-news","tag-notizia","tag-notizie","tag-notizie-di-cronaca","tag-notizie-principali","tag-notiziedicronaca","tag-notizieprincipali","tag-respinto","tag-titoli","tag-ultime-notizie","tag-ultime-notizie-di-cronaca","tag-ultime-notizie-e-news-di-oggi","tag-ultimenotizie","tag-ultimenotiziedicronaca","tag-ultimenotizieenewsdioggi"],"share_on_mastodon":{"url":"https:\/\/pubeurope.com\/@it\/115623753328046594","error":""},"_links":{"self":[{"href":"https:\/\/www.europesays.com\/it\/wp-json\/wp\/v2\/posts\/235168","targetHints":{"allow":["GET"]}}],"collection":[{"href":"https:\/\/www.europesays.com\/it\/wp-json\/wp\/v2\/posts"}],"about":[{"href":"https:\/\/www.europesays.com\/it\/wp-json\/wp\/v2\/types\/post"}],"author":[{"embeddable":true,"href":"https:\/\/www.europesays.com\/it\/wp-json\/wp\/v2\/users\/3"}],"replies":[{"embeddable":true,"href":"https:\/\/www.europesays.com\/it\/wp-json\/wp\/v2\/comments?post=235168"}],"version-history":[{"count":0,"href":"https:\/\/www.europesays.com\/it\/wp-json\/wp\/v2\/posts\/235168\/revisions"}],"wp:featuredmedia":[{"embeddable":true,"href":"https:\/\/www.europesays.com\/it\/wp-json\/wp\/v2\/media\/235169"}],"wp:attachment":[{"href":"https:\/\/www.europesays.com\/it\/wp-json\/wp\/v2\/media?parent=235168"}],"wp:term":[{"taxonomy":"category","embeddable":true,"href":"https:\/\/www.europesays.com\/it\/wp-json\/wp\/v2\/categories?post=235168"},{"taxonomy":"post_tag","embeddable":true,"href":"https:\/\/www.europesays.com\/it\/wp-json\/wp\/v2\/tags?post=235168"}],"curies":[{"name":"wp","href":"https:\/\/api.w.org\/{rel}","templated":true}]}}