{"id":235385,"date":"2025-11-28T00:42:10","date_gmt":"2025-11-28T00:42:10","guid":{"rendered":"https:\/\/www.europesays.com\/it\/235385\/"},"modified":"2025-11-28T00:42:10","modified_gmt":"2025-11-28T00:42:10","slug":"branca-ricorda-i-colpi-allinter-sneijder-mou-ci-sgrido-non-siete-stati-2","status":"publish","type":"post","link":"https:\/\/www.europesays.com\/it\/235385\/","title":{"rendered":"Branca ricorda i colpi all&#8217;Inter: &#8220;Sneijder? Mou ci sgrid\u00f2: &#8216;Non siete stati&#8230;'&#8221;"},"content":{"rendered":"<p><strong>Marco Branca ha ricordato, negli studi di RSI Sport, i colpi di mercato pi\u00f9 incredibili del suo periodo all&#8217;Inter. &#8220;Lo scambio Eto&#8217;o-Ibra, ce lo racconti?<\/strong>&#8220;\u00c8 stata una cosa nata piano piano ma anche dalla volont\u00e0 di <strong>Ibra<\/strong>, perch\u00e9 lui sognava di andare a giocare al <strong>Barcellona<\/strong> con <strong>Messi<\/strong> e di vincere la Coppa dei Campioni. Quelli del Barcellona, di ritorno dal viaggio in Ucraina per un difensore centrale, hanno fatto scalo su Milano. Ci hanno chiamato e abbiamo fatto questa cena e alla fine della cena che \u00e8 durata un po&#8217; abbiamo trovato l&#8217;accordo. Dentro l&#8217;accordo c&#8217;era anche un giocatore, <strong>Hleb<\/strong>. Erano 45 milioni pi\u00f9 5 la valutazione di <strong>Hleb<\/strong> pi\u00f9 <strong>Samuel Eto&#8217;o<\/strong> valutato 25. Hleb poi dopo non \u00e8 voluto venire per cui lo scambio \u00e8 stato <strong>Ibra &#8211; Eto&#8217;o pi\u00f9 50 milioni<\/strong>&#8220;, ha raccontato Marco Branca negli studi di RSI Sport.<\/p>\n<p class=\"is-copyright\">\u00a9 RIPRODUZIONE RISERVATA<\/p>\n","protected":false},"excerpt":{"rendered":"Marco Branca ha ricordato, negli studi di RSI Sport, i colpi di mercato pi\u00f9 incredibili del suo periodo&hellip;\n","protected":false},"author":3,"featured_media":234782,"comment_status":"","ping_status":"","sticky":false,"template":"","format":"standard","meta":{"footnotes":"","_share_on_mastodon":"0"},"categories":[1452],"tags":[579,1548,351,138835,3078,721,16869,6969,14257,2023,46662,138838,5371,138839,5187,70794,1740,564,138836,94951,5118,1537,90,89,65944,4047,138837,1412,138840,6048,137916,1739,245,244],"class_list":["post-235385","post","type-post","status-publish","format-standard","has-post-thumbnail","category-calcio","tag-accordo","tag-allenamento","tag-barcellona","tag-branca","tag-calci","tag-calcio","tag-capaci","tag-ce","tag-cena","tag-colpi","tag-colpi-mercato","tag-colpi-mercato-incredibili","tag-colpo","tag-correva","tag-derby","tag-eto","tag-football","tag-giocatore","tag-hleb","tag-ibra","tag-incredibili","tag-it","tag-italia","tag-italy","tag-maicon","tag-marco","tag-marco-branca","tag-mercato","tag-mercato-incredibili","tag-mourinho","tag-sneijder","tag-soccer","tag-sport","tag-sports"],"share_on_mastodon":{"url":"https:\/\/pubeurope.com\/@it\/115624551723366915","error":""},"_links":{"self":[{"href":"https:\/\/www.europesays.com\/it\/wp-json\/wp\/v2\/posts\/235385","targetHints":{"allow":["GET"]}}],"collection":[{"href":"https:\/\/www.europesays.com\/it\/wp-json\/wp\/v2\/posts"}],"about":[{"href":"https:\/\/www.europesays.com\/it\/wp-json\/wp\/v2\/types\/post"}],"author":[{"embeddable":true,"href":"https:\/\/www.europesays.com\/it\/wp-json\/wp\/v2\/users\/3"}],"replies":[{"embeddable":true,"href":"https:\/\/www.europesays.com\/it\/wp-json\/wp\/v2\/comments?post=235385"}],"version-history":[{"count":0,"href":"https:\/\/www.europesays.com\/it\/wp-json\/wp\/v2\/posts\/235385\/revisions"}],"wp:featuredmedia":[{"embeddable":true,"href":"https:\/\/www.europesays.com\/it\/wp-json\/wp\/v2\/media\/234782"}],"wp:attachment":[{"href":"https:\/\/www.europesays.com\/it\/wp-json\/wp\/v2\/media?parent=235385"}],"wp:term":[{"taxonomy":"category","embeddable":true,"href":"https:\/\/www.europesays.com\/it\/wp-json\/wp\/v2\/categories?post=235385"},{"taxonomy":"post_tag","embeddable":true,"href":"https:\/\/www.europesays.com\/it\/wp-json\/wp\/v2\/tags?post=235385"}],"curies":[{"name":"wp","href":"https:\/\/api.w.org\/{rel}","templated":true}]}}