{"id":235497,"date":"2025-11-28T02:39:25","date_gmt":"2025-11-28T02:39:25","guid":{"rendered":"https:\/\/www.europesays.com\/it\/235497\/"},"modified":"2025-11-28T02:39:25","modified_gmt":"2025-11-28T02:39:25","slug":"ora-parlano-la-figlia-pia-e-la-suocera","status":"publish","type":"post","link":"https:\/\/www.europesays.com\/it\/235497\/","title":{"rendered":"ora parlano la figlia Pia e la suocera"},"content":{"rendered":"<p>La storia d\u2019amore tra <strong>Raffaella Fico e Armando Izzo<\/strong> continua ad essere al centro dei riflettori. La coppia \u00e8 in attesa di un bambino che dovrebbe nascere in primavera ma pare stia affrontando alcune tensioni per colpa dell\u2019<strong>ex moglie del calciatore<\/strong> del Monza. Gli ex coniugi hanno avuto due figlie e Concetta sarebbe piuttosto arrabbiata per i tempi, ritenuti troppo brevi, con cui lo sportivo ha iniziato la nuova relazione con la soubrette e annunciato la paternit\u00e0.<\/p>\n<p>Lo scorso marzo, quando Izzo \u00e8 stato assolto dalle accuse di mafia e frode sportiva \u2013 un incubo durato ben dieci anni \u2013 ha ringraziato la moglie in un lungo post sui social. A novembre il <a href=\"https:\/\/dilei.it\/vip\/raffaella-fico-incinta-sesso-bebe\/1944127\/\" data-doctype=\"\" rel=\"nofollow noopener\" target=\"_blank\">gender reveal party con la Fico<\/a> incinta gi\u00e0 di cinque mesi.<\/p>\n<p>Insomma, una situazione a tratti poco chiara, che ha dato adito a sospetti e malelingue. Se i diretti interessati preferiscono tacere \u2013 almeno per il momento \u2013 sono corsi in loro difesa la madre di Armando e <strong>Pia, la figlia<\/strong>\u00a0che Raffaella ha avuto dodici anni fa dall\u2019ex <strong>Mario Balotelli.<\/strong>\n<\/p>\n<p>Raffaella Fico incinta, parla la madre di Armando Izzo<\/p>\n<p>In un video condiviso sui social, la <strong>madre di Armando Izzo<\/strong> ha preso le difese del figlio, appoggiando totalmente la sua decisione di rendere pubblica la relazione con la nuova compagna. E difendo i messaggi che quotidianamente condivide per <a href=\"https:\/\/dilei.it\/star-e-vip\/raffaella-fico\/\" data-doctype=\"\" rel=\"nofollow noopener\" target=\"_blank\">Raffaella Fico<\/a>: <strong>una suocera affettuosa e premurosa<\/strong>, alla quale sembra piacere molto la nuova nuora.<\/p>\n<p>\u201cChi mi conosce, sa quello che ho passato\u201d, ha dichiarato la signora Giovanna nel filmato, \u201cMi \u00e8 stato<strong> impedito di fare la madre e la nonna<\/strong>. Mi \u00e8 stato vietato partecipare a feste, battesimi, comunioni e compleanni. Mio figlio lo ha permesso perch\u00e9 troppo innamorato. E non vi elenco tutto quello che lui stesso ha vissuto. Se la moglie lo avesse amato, non lo avrebbe lasciato <strong>da solo a Milano per 4 anni<\/strong>. \u00c8 sempre stato un bravo pap\u00e0. Ama le sue figlie e continuer\u00e0 ad amarle\u201d.<\/p>\n<p>A detta della donna, dunque, il matrimonio tra Izzo e Concetta <strong>non sarebbe finito a causa di Raffaella<\/strong> Fico, come insinuato da qualcuno. La storia sarebbe stata logorata dal tempo e soprattutto dalla distanza. Quando il difensore \u00e8 stato ingaggiato dal Monza la moglie si sarebbe rifiutata di seguirlo, preferendo restare a Napoli, la citt\u00e0 dove \u00e8 nata e cresciuta.<\/p>\n<p>Oltre alla suocera, Raffaella Fico sembra aver conquistato pure i fratelli di Izzo: \u201cBellissima cognata mia\u201d, ha scritto uno di loro sui social.<\/p>\n<blockquote class=\"instagram-media\" data-instgrm-captioned=\"\" data-instgrm-permalink=\"https:\/\/www.instagram.com\/p\/DRHt38MDAjU\/?utm_source=ig_embed&amp;utm_campaign=loading\" data-instgrm-version=\"14\" style=\" background:#FFF; border:0; border-radius:3px; box-shadow:0 0 1px 0 rgba(0,0,0,0.5),0 1px 10px 0 rgba(0,0,0,0.15); margin: 1px; max-width:100%; min-width:326px; padding:0; width:99.375%; width:-webkit-calc(100% - 2px); width:calc(100% - 2px);\"\/>\n<p>Raffaella Fico e Izzo, il commento della figlia Pia Balotelli<\/p>\n<p>A sostenere la liaison tra Raffaella Fico e Armando Izzo anche la piccola Pia Balotelli. <strong>\u201cL\u2019amore a prima vista esiste\u201d,<\/strong> ha scritto la ragazzina commentando alcune foto della coppia su Instagram. Pia \u00e8 una grande sostenitrice della madre e del suo nuovo compagno, con il quale ha legato molto, fin da subito.<\/p>\n<p>La stessa <a href=\"https:\/\/dilei.it\/spettacolo\/raffaella-fico-incinta-nuovo-fidanzato\/1937447\/\" data-doctype=\"\" rel=\"nofollow noopener\" target=\"_blank\">Raffaella lo ha raccontato a Verissimo<\/a>: \u201cPia \u00e8 felicissima, lei<strong>\u00a0ha sempre avuto il desiderio di un fratellino o una sorellina.<\/strong> Con Armando ha un rapporto bellissimo, lui \u00e8 gi\u00e0 pap\u00e0 e sa come prenderla\u201d.<\/p>\n<p>Resta sempre aggiornata:\u00a0<a href=\"https:\/\/www.whatsapp.com\/channel\/0029Vb68mVyHVvTWezDm7d0R\" target=\"_blank\" rel=\"noopener nofollow\" data-doctype=\"\">iscriviti al nostro canale WhatsApp<\/a>!<\/p>\n<p>\t<script async src=\"\/\/www.instagram.com\/embed.js\"><\/script><\/p>\n","protected":false},"excerpt":{"rendered":"La storia d\u2019amore tra Raffaella Fico e Armando Izzo continua ad essere al centro dei riflettori. La coppia&hellip;\n","protected":false},"author":3,"featured_media":177108,"comment_status":"","ping_status":"","sticky":false,"template":"","format":"standard","meta":{"footnotes":""},"categories":[174],"tags":[203,1232,204,1537,90,89,37954,86],"class_list":{"0":"post-235497","1":"post","2":"type-post","3":"status-publish","4":"format-standard","5":"has-post-thumbnail","7":"category-intrattenimento","8":"tag-entertainment","9":"tag-gravidanza","10":"tag-intrattenimento","11":"tag-it","12":"tag-italia","13":"tag-italy","14":"tag-raffaella-fico","15":"tag-vip"},"share_on_mastodon":{"url":"https:\/\/pubeurope.com\/@it\/115625011632105907","error":""},"_links":{"self":[{"href":"https:\/\/www.europesays.com\/it\/wp-json\/wp\/v2\/posts\/235497","targetHints":{"allow":["GET"]}}],"collection":[{"href":"https:\/\/www.europesays.com\/it\/wp-json\/wp\/v2\/posts"}],"about":[{"href":"https:\/\/www.europesays.com\/it\/wp-json\/wp\/v2\/types\/post"}],"author":[{"embeddable":true,"href":"https:\/\/www.europesays.com\/it\/wp-json\/wp\/v2\/users\/3"}],"replies":[{"embeddable":true,"href":"https:\/\/www.europesays.com\/it\/wp-json\/wp\/v2\/comments?post=235497"}],"version-history":[{"count":0,"href":"https:\/\/www.europesays.com\/it\/wp-json\/wp\/v2\/posts\/235497\/revisions"}],"wp:featuredmedia":[{"embeddable":true,"href":"https:\/\/www.europesays.com\/it\/wp-json\/wp\/v2\/media\/177108"}],"wp:attachment":[{"href":"https:\/\/www.europesays.com\/it\/wp-json\/wp\/v2\/media?parent=235497"}],"wp:term":[{"taxonomy":"category","embeddable":true,"href":"https:\/\/www.europesays.com\/it\/wp-json\/wp\/v2\/categories?post=235497"},{"taxonomy":"post_tag","embeddable":true,"href":"https:\/\/www.europesays.com\/it\/wp-json\/wp\/v2\/tags?post=235497"}],"curies":[{"name":"wp","href":"https:\/\/api.w.org\/{rel}","templated":true}]}}