{"id":236335,"date":"2025-11-28T16:24:11","date_gmt":"2025-11-28T16:24:11","guid":{"rendered":"https:\/\/www.europesays.com\/it\/236335\/"},"modified":"2025-11-28T16:24:11","modified_gmt":"2025-11-28T16:24:11","slug":"la-fiat-pronta-ad-affrontare-il-sottosopra","status":"publish","type":"post","link":"https:\/\/www.europesays.com\/it\/236335\/","title":{"rendered":"la Fiat pronta ad affrontare il sottosopra"},"content":{"rendered":"<p>Il mondo del sottosopra \u00e8 tornato a farsi vedere su Netflix grazie all\u2019uscita dell\u2019ultima stagione di Stranger Things. Questa verr\u00e0 frammentata in 3 diverse fasi, con la puntata conclusiva che vedr\u00e0 la luce il 1\u00b0 gennaio 2026. Una storia che ha attraversato questi ultimi 10 anni e che Fiat ha deciso di tradurre in auto con un modello che promette di stregare tutti gli appassionati. Si tratta nello specifico di una <strong>Pulse Abarth Stranger Things, modello super esclusivo<\/strong> che verr\u00e0 prodotto in appena 511 unit\u00e0, un numero non certo casuale, ma che vuole omaggiare una delle protagoniste della serie: Undici.<\/p>\n<p>Per l\u2019occasione <a href=\"https:\/\/www.virgilio.it\/motori\/listino\/fiat\/\" rel=\"nofollow noopener\" target=\"_blank\">Fiat<\/a> ha deciso di affidare il progetto ad Abarth, il brand di Stellantis che si occupa di vetture sportive ad alte prestazioni. Questa edizione speciale \u00e8 arricchita da <strong>dettagli esclusivi che richiamano la famosa serie Netflix<\/strong>. Gli interni sono impreziositi da cuciture e finiture in nero, una targhetta numerata, il logo della serie cucito sui sedili e infine la scritta stilizzata Stranger Things accompagnata dall\u2019iconico scorpione Abarth \u00e8 posta sul pannello della portiera lato guida.\n<\/p>\n<p>Abbracciata dal mostro del sottosopra<\/p>\n<p>Esternamente, invece, lungo le fiancate, compaiono degli <strong>adesivi che ritraggono gli artigli del \u201cDemogorgone\u201d<\/strong>, il mostro della serie. Gli specchietti, la griglia inferiore e le prese d\u2019aria sono invece di colore rosso o nero, in contrasto con la tonalit\u00e0 predominante scelta per la carrozzeria. Infine c\u2019\u00e8 una targhetta sul motore con il logo Stranger Things e una serigrafia sui finestrini con tre dettagli iconici della serie.<\/p>\n<p>Purtroppo per\u00f2 i fan italiani della serie saranno molto delusi nell\u2019apprendere che<strong> questa versione sar\u00e0 disponibile solo in Brasile, Argentina e Messico<\/strong>. La vettura \u00e8 acquistabile a partire dal 30 ottobre. La personalizzazione di questa Pulse Abarth Stranger Things si ferma solo al lato estetico. Niente cambia, infatti, a livello di meccanica.<\/p>\n<p>Nello specifico Pulse Abarth \u00e8 il primo SUV al mondo della Casa dello Scorpione a partire dal suo lancio nel 2022. <strong>Sotto al cofano c\u2019\u00e8 un motore turbo T270<\/strong>, e la vettura \u00e8 capace di raggiungere i 100 km\/h in 7,6 secondi e di toccare una velocit\u00e0 massima di 215 km\/h. Con 185 CV e 270 Nm di coppia e un cambio automatico a 6 rapporti, quest\u2019auto ha prestazioni davvero esaltanti.<\/p>\n<p>Fiat e Sud America: una storia vincente<\/p>\n<p>La Pulse \u00e8 prodotta in Brasile ed \u00e8 <strong>in gran parte derivata dall\u2019Argo<\/strong>. Nel Paese sudamericano il marchio torinese ha da anni una buona base di clienti che apprezza le sue vetture. La <a href=\"https:\/\/www.virgilio.it\/motori\/auto\/fiat-nova-strada-vendite-2025-brasile\/304421\/\" rel=\"nofollow noopener\" target=\"_blank\">Nova Strada<\/a> ad esempio sta avendo un successo clamoroso proprio l\u00ec. Questa speciale versione Stranger Things per\u00f2 aiuter\u00e0 sicuramente anche Abarth ad avere un po\u2019 di respiro visti i problemi palesati in questi ultimi anni.<\/p>\n<p><a href=\"https:\/\/www.virgilio.it\/motori\/listino\/abarth\/\" rel=\"nofollow noopener\" target=\"_blank\">Abarth<\/a>, infatti, dopo il passaggio all\u2019elettrico ha fatto registrare un crollo verticale nelle vendite. Di recente per\u00f2 si parla sempre con maggiore insistenza di <strong>un possibile ritorno ai motori a benzina<\/strong>. Chiss\u00e0 poi che in futuro non possa arrivare anche in Italia una versione Stranger Things di una delle vetture del marchio dello Scorpione, staremo a vedere. Alessandra Souza, Vicepresidente Marketing &amp; Brand Communication di Stellantis per il Sud America, ha cos\u00ec commentato il lancio di questa particolare versione: \u201cFiat \u00e8 orgogliosa di partecipare a momenti che segnano generazioni, e Stranger Things \u00e8 certamente uno di quei fenomeni. La Pulse Abarth \u00e8 connessa all\u2019universo della serie con il suo DNA sovversivo, rappresentando il Sottosopra nella personalit\u00e0 del modello, con adattamenti su misura per un\u2019esperienza di guida provocatoria ed equipaggiamenti esclusivi. L\u2019edizione speciale Pulse Abarth porta con s\u00e9 tutta la sinergia presente in questa partnership, che \u00e8 solo una delle attivazioni che abbiamo preparato. Nelle prossime settimane, avremo altre iniziative che rafforzeranno questo universo e approfondiranno ulteriormente il legame del marchio con gli appassionati della serie\u201d.<\/p>\n","protected":false},"excerpt":{"rendered":"Il mondo del sottosopra \u00e8 tornato a farsi vedere su Netflix grazie all\u2019uscita dell\u2019ultima stagione di Stranger Things.&hellip;\n","protected":false},"author":3,"featured_media":236336,"comment_status":"","ping_status":"","sticky":false,"template":"","format":"standard","meta":{"footnotes":""},"categories":[173],"tags":[41371,2765,20838,8903,1537,90,89,195,198,199,197,200,201,194,196],"class_list":{"0":"post-236335","1":"post","2":"type-post","3":"status-publish","4":"format-standard","5":"has-post-thumbnail","7":"category-scienza-e-tecnologia","8":"tag-abarth","9":"tag-auto","10":"tag-auto-sportive","11":"tag-fiat","12":"tag-it","13":"tag-italia","14":"tag-italy","15":"tag-science","16":"tag-science-and-technology","17":"tag-scienceandtechnology","18":"tag-scienza","19":"tag-scienza-e-tecnologia","20":"tag-scienzaetecnologia","21":"tag-technology","22":"tag-tecnologia"},"share_on_mastodon":{"url":"https:\/\/pubeurope.com\/@it\/115628255836823360","error":""},"_links":{"self":[{"href":"https:\/\/www.europesays.com\/it\/wp-json\/wp\/v2\/posts\/236335","targetHints":{"allow":["GET"]}}],"collection":[{"href":"https:\/\/www.europesays.com\/it\/wp-json\/wp\/v2\/posts"}],"about":[{"href":"https:\/\/www.europesays.com\/it\/wp-json\/wp\/v2\/types\/post"}],"author":[{"embeddable":true,"href":"https:\/\/www.europesays.com\/it\/wp-json\/wp\/v2\/users\/3"}],"replies":[{"embeddable":true,"href":"https:\/\/www.europesays.com\/it\/wp-json\/wp\/v2\/comments?post=236335"}],"version-history":[{"count":0,"href":"https:\/\/www.europesays.com\/it\/wp-json\/wp\/v2\/posts\/236335\/revisions"}],"wp:featuredmedia":[{"embeddable":true,"href":"https:\/\/www.europesays.com\/it\/wp-json\/wp\/v2\/media\/236336"}],"wp:attachment":[{"href":"https:\/\/www.europesays.com\/it\/wp-json\/wp\/v2\/media?parent=236335"}],"wp:term":[{"taxonomy":"category","embeddable":true,"href":"https:\/\/www.europesays.com\/it\/wp-json\/wp\/v2\/categories?post=236335"},{"taxonomy":"post_tag","embeddable":true,"href":"https:\/\/www.europesays.com\/it\/wp-json\/wp\/v2\/tags?post=236335"}],"curies":[{"name":"wp","href":"https:\/\/api.w.org\/{rel}","templated":true}]}}