{"id":236585,"date":"2025-11-28T20:11:30","date_gmt":"2025-11-28T20:11:30","guid":{"rendered":"https:\/\/www.europesays.com\/it\/236585\/"},"modified":"2025-11-28T20:11:30","modified_gmt":"2025-11-28T20:11:30","slug":"sara-un-venerdi-nero-i-dettagli","status":"publish","type":"post","link":"https:\/\/www.europesays.com\/it\/236585\/","title":{"rendered":"sar\u00e0 un venerd\u00ec nero. I dettagli"},"content":{"rendered":"<p>Roma oggi sar\u00e0 bloccata dal maxi sciopero generale. Quello del <a href=\"https:\/\/www.romatoday.it\/cronaca\/sciopero-roma-28-novembre.html\" target=\"_blank\" rel=\"nofollow noopener\">28 novembre<\/a>, infatti, sar\u00e0 un venerd\u00ec nero. Dai trasporti alle scuole, in molti incroceranno le braccia sospendendo il lavoro. La protesta \u00e8 stata indetta dai sindacati Usb, Cub, Sgb e Cobas.<\/p>\n<p>La diretta dello sciopero di oggi<\/p>\n<p>-metro A-B\/B1 e ferrovia Termini-Centocelle: proseguono servizio con possibile riduzione di corse durante la fascia di sciopero<br \/>-metro C: regolare<br \/>-superficie: possibile riduzione di servizio durante la fascia di sciopero<\/p>\n<p>\u00a0<\/p>\n<blockquote class=\"twitter-tweet\">\n<p lang=\"it\" dir=\"ltr\"><a href=\"https:\/\/twitter.com\/hashtag\/info?src=hash&amp;ref_src=twsrc%5Etfw\" rel=\"nofollow noopener\" target=\"_blank\">#info<\/a> <a href=\"https:\/\/twitter.com\/hashtag\/atac?src=hash&amp;ref_src=twsrc%5Etfw\" rel=\"nofollow noopener\" target=\"_blank\">#atac<\/a> <a href=\"https:\/\/twitter.com\/hashtag\/Sciopero?src=hash&amp;ref_src=twsrc%5Etfw\" rel=\"nofollow noopener\" target=\"_blank\">#Sciopero<\/a>, situazione seconda frazione<br \/>-metro A-B\/B1 e ferrovia Termini-Centocelle: proseguono servizio con possibile riduzione di corse durante la fascia di sciopero<br \/>-metro C: regolare<br \/>-superficie: possibile riduzione di servizio durante la fascia di sciopero <a href=\"https:\/\/twitter.com\/hashtag\/Roma?src=hash&amp;ref_src=twsrc%5Etfw\" rel=\"nofollow noopener\" target=\"_blank\">#Roma<\/a><\/p>\n<p>\u2014 infoatac (@InfoAtac) <a href=\"https:\/\/twitter.com\/InfoAtac\/status\/1994310102346526829?ref_src=twsrc%5Etfw\" rel=\"nofollow noopener\" target=\"_blank\">November 28, 2025<\/a><\/p><\/blockquote>\n<p> Sciopero dei trasporti a Roma<\/p>\n<p>L&#8217;agitazione interesser\u00e0 la rete Atac e i bus periferici gestiti da operatori privati. Il servizio sar\u00e0 comunque regolare fino alle 8,30 e dalle 17 alle 20. Saranno a rischio metro, bus e autobus sostitutivi. Problemi anche <a href=\"https:\/\/www.romatoday.it\/attualita\/lavori-metro-c-bus-sostitutivi-28-30-novembre-2025.html\" rel=\"nofollow noopener\" target=\"_blank\">le corse della linea bus sostitutiva MC8 Parco di Centocelle-Pantano<\/a> che verr\u00e0 attivata in relazione a lavori e temporanee interruzioni della Metro C proprio nel fine settimana tra domani e il 30 novembre.<\/p>\n<p>Ma non solo. A rischio anche i mezzi pubblici delle reti bus di Autoservizi Troiani\/Sap, Autoservizi Tuscia\/Bis e Atr e dei treni e bus di Cotral, con i lavoratori delle organizzazioni sindacali Usb Lavoro privato, Cub trasporti e Cobas, che non ci saranno per la protesta.\u00a0<\/p>\n<p>Il servizio sar\u00e0 dunque effettuato nelle seguenti fasce di garanzia: da inizio del servizio diurno fino alle 8:29 e dalle 17 fino alle 19:59. \u00a0La rete di Cotral oltre alle linee bus extraurbane comprende le ferrovie Metromare e Roma-Viterbo.<\/p>\n<p>Gli altri disagi<\/p>\n<p>Nelle stazioni che resteranno aperte nonostante lo sciopero, non sar\u00e0 garantito il servizio di scale mobili, ascensori e montascale. Il servizio online per l&#8217;acquisto dei biglietti non subir\u00e0 interruzioni mentre le biglietterie nelle stazioni potrebbero chiudere.<\/p>\n<p>I parcheggi di scambio resteranno aperti mentre non sar\u00e0 possibile utilizzare i bike box (gli spazi per il deposito delle biciclette nelle stazioni metro) a eccezione delle stazioni di Jonio e Arco di Travertino. Deposito o ritiro della bici potr\u00e0 essere effettuato al di fuori della fascia di sciopero.<\/p>\n<p><a href=\"https:\/\/www.romatoday.it\/cronaca\/sciopero-corteo-roma-napoli-sicurezza.html\" rel=\"nofollow noopener\" target=\"_blank\">Per Roma in arrivo tre giorni di passione. Sciopero generale, corteo pro Palestina e Roma-Napoli<\/a>Treni in tilt<\/p>\n<p>Fino alle 21 di oggi sar\u00e0 in vigore anche lo sciopero nazionale potr\u00e0 interessare il personale del Gruppo FS, Trenitalia, Trenitalia Tper e Trenord. I treni possono subire cancellazioni o variazioni. Sul sito trenitalia.com \u00e8 possibile consultare l&#8217;elenco dei treni di lunga percorrenza garantiti in caso di sciopero.<\/p>\n<p>Per il trasporto ferroviario regionale sono garantiti i servizi essenziali previsti per i giorni feriali dalle 6 alle 9 e dalle 18 alle 21. L&#8217;agitazione sindacale potr\u00e0 comportare modifiche al servizio anche prima dell\u2019inizio e dopo la sua conclusione.<\/p>\n<p>Lezioni a rischio a Roma<\/p>\n<p>Non solo i trasporti. Diversi genitori hanno raccontato di aver gi\u00e0 ricevuto dalle scuole la comunicazione di possibili disagi nella giornata per lo sciopero <a href=\"https:\/\/www.romatoday.it\/attualita\/sciopero-scuole-nidi-roma-28-novembre-2025.html\" rel=\"nofollow noopener\" target=\"_blank\">che coinvolge anche il comparto scuola<\/a> dai nidi alle scuole superiori. L\u2019avviso \u00e8 stato pubblicato sulle bacheche di numerosi municipi di Roma che segnalano che i servizi potrebbero non essere erogati nelle modalit\u00e0 consuete.<\/p>\n<p>Anche il ministero dell\u2019Istruzione e del merito, inoltre, ha pubblicato un avviso in merito a uno sciopero che vedr\u00e0 l\u2019adesione di Unicobas Scuola e universit\u00e0 e coinvolger\u00e0 tutto il personale docente e Ata (tecnico-amministrativo e ausiliario), a tempo determinato e indeterminato, delle scuole, della ricerca e delle universit\u00e0.<\/p>\n<p>Anche gli studenti scioperano<\/p>\n<p>Il 28 sar\u00e0 una giornata di mobilitazioni anche per studenti e studentesse degli istituti superiori e delle universit\u00e0. Il coordinamento studentesco autonomo romano, che riunisce gli attivisti di numerosi licei di Roma, dal Cavour al Mamiani, ha lanciato uno sciopero studentesco con annesso corteo con ritrovo alle 9 in piazza della Repubblica.\u00a0<\/p>\n<p>La manifestazione<\/p>\n<p>Nel giorno dello sciopero \u00e8 in programma anche una manifestazione di Cobas con corteo. Sfiler\u00e0, tra le 9,30 e le 14, da piazza Indipendenza a piazza Barberini.<\/p>\n<p>Sono attese circa 4.500 persone che percorreranno via San Martino della Battaglia, viale Castro Pretorio, viale del Policlinico, piazza della Croce Rossa, piazzale di Porta Pia, via Venti Settembre, via Goito, via Cernaia, via<br \/>Pastrengo, via Parigi, via Giuseppe Romita, via Vittorio Emanuele Orlando, largo di Santa Susanna e via Barberini.<\/p>\n<p>      <script async src=\"https:\/\/platform.twitter.com\/widgets.js\" charset=\"utf-8\"><\/script><\/p>\n","protected":false},"excerpt":{"rendered":"Roma oggi sar\u00e0 bloccata dal maxi sciopero generale. Quello del 28 novembre, infatti, sar\u00e0 un venerd\u00ec nero. Dai&hellip;\n","protected":false},"author":3,"featured_media":236586,"comment_status":"","ping_status":"","sticky":false,"template":"","format":"standard","meta":{"footnotes":""},"categories":[6],"tags":[14,8,1537,90,89,7,15,82,9,83,10,29066,13,11,80,84,12,81,85],"class_list":{"0":"post-236585","1":"post","2":"type-post","3":"status-publish","4":"format-standard","5":"has-post-thumbnail","7":"category-ultime-notizie","8":"tag-cronaca","9":"tag-headlines","10":"tag-it","11":"tag-italia","12":"tag-italy","13":"tag-news","14":"tag-notizie","15":"tag-notizie-di-cronaca","16":"tag-notizie-principali","17":"tag-notiziedicronaca","18":"tag-notizieprincipali","19":"tag-scioperi","20":"tag-titoli","21":"tag-ultime-notizie","22":"tag-ultime-notizie-di-cronaca","23":"tag-ultime-notizie-e-news-di-oggi","24":"tag-ultimenotizie","25":"tag-ultimenotiziedicronaca","26":"tag-ultimenotizieenewsdioggi"},"share_on_mastodon":{"url":"https:\/\/pubeurope.com\/@it\/115629148288527737","error":""},"_links":{"self":[{"href":"https:\/\/www.europesays.com\/it\/wp-json\/wp\/v2\/posts\/236585","targetHints":{"allow":["GET"]}}],"collection":[{"href":"https:\/\/www.europesays.com\/it\/wp-json\/wp\/v2\/posts"}],"about":[{"href":"https:\/\/www.europesays.com\/it\/wp-json\/wp\/v2\/types\/post"}],"author":[{"embeddable":true,"href":"https:\/\/www.europesays.com\/it\/wp-json\/wp\/v2\/users\/3"}],"replies":[{"embeddable":true,"href":"https:\/\/www.europesays.com\/it\/wp-json\/wp\/v2\/comments?post=236585"}],"version-history":[{"count":0,"href":"https:\/\/www.europesays.com\/it\/wp-json\/wp\/v2\/posts\/236585\/revisions"}],"wp:featuredmedia":[{"embeddable":true,"href":"https:\/\/www.europesays.com\/it\/wp-json\/wp\/v2\/media\/236586"}],"wp:attachment":[{"href":"https:\/\/www.europesays.com\/it\/wp-json\/wp\/v2\/media?parent=236585"}],"wp:term":[{"taxonomy":"category","embeddable":true,"href":"https:\/\/www.europesays.com\/it\/wp-json\/wp\/v2\/categories?post=236585"},{"taxonomy":"post_tag","embeddable":true,"href":"https:\/\/www.europesays.com\/it\/wp-json\/wp\/v2\/tags?post=236585"}],"curies":[{"name":"wp","href":"https:\/\/api.w.org\/{rel}","templated":true}]}}