{"id":236634,"date":"2025-11-28T20:58:13","date_gmt":"2025-11-28T20:58:13","guid":{"rendered":"https:\/\/www.europesays.com\/it\/236634\/"},"modified":"2025-11-28T20:58:13","modified_gmt":"2025-11-28T20:58:13","slug":"verstappen-amaro-sprint-non-mi-divertiro-dovro-sopravvivere-news","status":"publish","type":"post","link":"https:\/\/www.europesays.com\/it\/236634\/","title":{"rendered":"Verstappen amaro: &#8220;Sprint? Non mi divertir\u00f2. Dovr\u00f2 sopravvivere&#8221; &#8211; News"},"content":{"rendered":"<p><strong>La strada \u00e8 in salita<\/strong><\/p>\n<p>Mastica amaro <strong>Max Verstappen<\/strong> al termine delle qualifiche Sprint di oggi. Il <strong>sesto posto finale in griglia<\/strong>, alle spalle \u2013 incredibilmente \u2013 anche del suo compagno di squadra Yuki Tsunoda, non \u00e8 certo quello che l\u2019olandese avrebbe voluto per lanciare l\u2019ultimo disperato attacco alla classifica iridata. E il fatto che in prima fila ci siano le McLaren di Oscar Piastri e Lando Norris complica non poco le speranze del classe \u201997 di confermare il suo #1 anche nel 2026. <\/p>\n<p>Verstappen per l\u2019intera qualifica si \u00e8 lamentato tantissimo via radio del \u2018<strong>bouncing<\/strong>\u2018 della sua monoposto; <strong>nel primo giro dell\u2019SQ3 \u00e8 anche finito in ghiaia<\/strong>, rovinando il fondo della sua RB21 e costringendosi ad un ultimi tentativo difficilissimo che infatti non l\u2019ha portato pi\u00f9 avanti della terza fila. Al termine della sessione, intervistato da Sky Sports F1, la superstar della Red Bull \u00e8 stata molto onesta nel ribadire le difficolt\u00e0 sperimentate in macchina.<\/p>\n<p>\u201c<strong>Com\u2019\u00e8 andata? Non bene. Fin dal primo giro avevo tantissimo saltellamento<\/strong> e uno sottosterzo molto aggressivo\u00a0che diventava sovrasterzo in alta velocit\u00e0. Non \u00e8 proprio quello che vuoi per andare veloce \u2013 ha evidenziato amaro \u2013\u00a0cambiamenti durante le qualifiche?\u00a0Abbiamo provato alcune cose, per\u00f2 non hanno funzionato bene ed \u00e8 qualcosa che dobbiamo capire. La Sprint?\u00a0Con questo bilanciamento domani quando avr\u00f2 la Sprint non credo che mi divertir\u00f2 molto,\u00a0sar\u00e0 pi\u00f9 una questione di cercare di sopravvivere e poi di fare qualche cambiamento prima delle qualifiche \u2018classiche&#8217;\u201d, ha chiosato. Il titolo, in questo momento, si allontana. <\/p>\n","protected":false},"excerpt":{"rendered":"La strada \u00e8 in salita Mastica amaro Max Verstappen al termine delle qualifiche Sprint di oggi. Il sesto&hellip;\n","protected":false},"author":3,"featured_media":236635,"comment_status":"","ping_status":"","sticky":false,"template":"","format":"standard","meta":{"footnotes":""},"categories":[176],"tags":[44282,1537,90,89,2363,3006,245,244],"class_list":{"0":"post-236634","1":"post","2":"type-post","3":"status-publish","4":"format-standard","5":"has-post-thumbnail","7":"category-sport","8":"tag-gp-qatar","9":"tag-it","10":"tag-italia","11":"tag-italy","12":"tag-max-verstappen","13":"tag-red-bull-racing","14":"tag-sport","15":"tag-sports"},"share_on_mastodon":{"url":"https:\/\/pubeurope.com\/@it\/115629333048616520","error":""},"_links":{"self":[{"href":"https:\/\/www.europesays.com\/it\/wp-json\/wp\/v2\/posts\/236634","targetHints":{"allow":["GET"]}}],"collection":[{"href":"https:\/\/www.europesays.com\/it\/wp-json\/wp\/v2\/posts"}],"about":[{"href":"https:\/\/www.europesays.com\/it\/wp-json\/wp\/v2\/types\/post"}],"author":[{"embeddable":true,"href":"https:\/\/www.europesays.com\/it\/wp-json\/wp\/v2\/users\/3"}],"replies":[{"embeddable":true,"href":"https:\/\/www.europesays.com\/it\/wp-json\/wp\/v2\/comments?post=236634"}],"version-history":[{"count":0,"href":"https:\/\/www.europesays.com\/it\/wp-json\/wp\/v2\/posts\/236634\/revisions"}],"wp:featuredmedia":[{"embeddable":true,"href":"https:\/\/www.europesays.com\/it\/wp-json\/wp\/v2\/media\/236635"}],"wp:attachment":[{"href":"https:\/\/www.europesays.com\/it\/wp-json\/wp\/v2\/media?parent=236634"}],"wp:term":[{"taxonomy":"category","embeddable":true,"href":"https:\/\/www.europesays.com\/it\/wp-json\/wp\/v2\/categories?post=236634"},{"taxonomy":"post_tag","embeddable":true,"href":"https:\/\/www.europesays.com\/it\/wp-json\/wp\/v2\/tags?post=236634"}],"curies":[{"name":"wp","href":"https:\/\/api.w.org\/{rel}","templated":true}]}}