{"id":236968,"date":"2025-11-29T02:10:22","date_gmt":"2025-11-29T02:10:22","guid":{"rendered":"https:\/\/www.europesays.com\/it\/236968\/"},"modified":"2025-11-29T02:10:22","modified_gmt":"2025-11-29T02:10:22","slug":"lagenzia-spaziale-europea-ha-il-piu-alto-budget-della-sua-storia-e-litalia-andra-sulla-luna","status":"publish","type":"post","link":"https:\/\/www.europesays.com\/it\/236968\/","title":{"rendered":"L\u2019Agenzia spaziale europea ha il pi\u00f9 alto budget della sua storia (e l&#8217;Italia andr\u00e0 sulla Luna)"},"content":{"rendered":"<p>\u201cAvete scritto la storia\u201d, ha detto <strong>Josef Aschbacher<\/strong>, il direttore generale dell&#8217;<a href=\"https:\/\/www.wired.it\/topic\/esa\/\" target=\"_blank\" rel=\"nofollow noopener\">Agenzia spaziale europea<\/a> (Esa) ai rappresentanti dei <strong>23 stati membri<\/strong>, dei paesi associati, come Slovacchia, Lituania e Lettonia, e di quelli che hanno accordi di cooperazione (Canada, Bulgaria, Croazia, Cipro e Malta).<\/p>\n<p>Il numero uno dell&#8217;Esa si \u00e8 riferito al fatto che, il 27 novembre a Brema, l&#8217;Agenzia abbia concluso il <strong>Consiglio ministeriale<\/strong> con la cifra pi\u00f9 alta mai ottenuta: circa <strong>22,1 miliardi di euro<\/strong> (22.070 milioni), poco meno dei 22,25 miliardi richiesti prima che la Ministeriale cominciasse.<\/p>\n<p>\u00c8 un budget significativo e corrisponde a <strong>un incremento di oltre il 30%<\/strong> rispetto ai 16,9 miliardi raccolti a Parigi nel 2022, nella precedente <a href=\"https:\/\/www.wired.it\/article\/consiglio-ministeriale-esa-2022-analisi-dettagli\/\" target=\"_blank\" rel=\"nofollow noopener\">Ministeriale<\/a>, cio\u00e8 la riunione che ogni tre anni decide quanto investire (e su quali programmi) nel triennio successivo. Per conoscerne i dettagli, per\u00f2, si dovr\u00e0 aspettare il 1 dicembre, quando verranno ufficializzate cifre pi\u00f9 precise.<\/p>\n<p>Nel frattempo, \u00e8 comunque possibile sapere quanto ogni stato ha investito e in quali settori andranno i finanziamenti: <strong>l\u2019Italia si conferma il terzo contributore<\/strong> finanziando l\u2019Agenzia spaziale europea con <strong>3,46 miliardi di euro<\/strong> (cio\u00e8 il 15,79% del totale), una cifra di poco superata dalla <strong>Francia<\/strong>, che ha messo sul piatto <strong>3,59 miliardi<\/strong> (il 16,42%). Rimane primo, e con un incremento rilevante, il contributo tedesco, che raggiunge i <strong>5,067 miliardi<\/strong>, equivalente al 23,11%.<\/p>\n<p>La Ministeriale 2025<\/p>\n<p>AccordionItemContainerButton<img decoding=\"async\" alt=\"Esa investimenti per dominio\" loading=\"lazy\" class=\"ResponsiveImageContainer-eNxvmU cfBbTk responsive-image__image\"   src=\"https:\/\/www.europesays.com\/it\/wp-content\/uploads\/2025\/11\/Esa_9_Domain.png\"\/><\/p>\n<p>Gli investimenti Esa nei singoli domini<\/p>\n<p>Esa<\/p>\n<p>Si torna alle missioni scientifiche<\/p>\n<p>Nel bilancio continua a essere centrale il ruolo delle <strong>missioni scientifiche<\/strong>, tra i fiori all&#8217;occhiello dell&#8217;Agenzia e, non a caso, voce di spesa sempre cresciuta negli anni, come evidenziato da un grafico mostrato da Aschbacher durante la conferenza stampa conclusiva. Sezione dove peraltro trova posto anche la programmazione di una <strong>missione verso la superficie di Encelado<\/strong>, luna ghiacciata di Saturno, un obbiettivo che finora nessuna agenzia spaziale si \u00e8 impegnata a raggiungere. Sono stati confermati anche il finanziamento al <strong>telescopio per i raggi X Athena<\/strong> e quello a <strong><a href=\"https:\/\/www.wired.it\/article\/lisa-missione-nasa-esa-onde-gravitazionali-approvata\/\" target=\"_blank\" rel=\"nofollow noopener\">LISA<\/a>,<\/strong> osservatorio per l\u2019interferometria nello spazio, un altro progetto che solo l\u2019Europa sta sviluppando e che permetter\u00e0 di osservare le onde gravitazionali direttamente dall&#8217;extra-atmosfera. In totale l\u2019esplorazione scientifica pesa per il 17% del budget. \u00c8 solo l&#8217;1% in pi\u00f9 delle attivit\u00e0 e dei programmi dedicati all&#8217;<strong>osservazione della Terra<\/strong> (3,45 miliardi), altro dominio in cui l&#8217;Esa vanta la leadership globale.<\/p>\n","protected":false},"excerpt":{"rendered":"\u201cAvete scritto la storia\u201d, ha detto Josef Aschbacher, il direttore generale dell&#8217;Agenzia spaziale europea (Esa) ai rappresentanti dei&hellip;\n","protected":false},"author":3,"featured_media":236969,"comment_status":"","ping_status":"","sticky":false,"template":"","format":"standard","meta":{"footnotes":""},"categories":[6],"tags":[10406,14,11850,139923,8,1537,90,89,11818,11817,7,15,82,9,83,10,197,8041,13,11,80,84,12,81,85],"class_list":{"0":"post-236968","1":"post","2":"type-post","3":"status-publish","4":"format-standard","5":"has-post-thumbnail","7":"category-ultime-notizie","8":"tag-astronauti","9":"tag-cronaca","10":"tag-esa","11":"tag-eventi-spaziali","12":"tag-headlines","13":"tag-it","14":"tag-italia","15":"tag-italy","16":"tag-luna","17":"tag-marte","18":"tag-news","19":"tag-notizie","20":"tag-notizie-di-cronaca","21":"tag-notizie-principali","22":"tag-notiziedicronaca","23":"tag-notizieprincipali","24":"tag-scienza","25":"tag-spazio","26":"tag-titoli","27":"tag-ultime-notizie","28":"tag-ultime-notizie-di-cronaca","29":"tag-ultime-notizie-e-news-di-oggi","30":"tag-ultimenotizie","31":"tag-ultimenotiziedicronaca","32":"tag-ultimenotizieenewsdioggi"},"share_on_mastodon":{"url":"https:\/\/pubeurope.com\/@it\/115630560329160112","error":""},"_links":{"self":[{"href":"https:\/\/www.europesays.com\/it\/wp-json\/wp\/v2\/posts\/236968","targetHints":{"allow":["GET"]}}],"collection":[{"href":"https:\/\/www.europesays.com\/it\/wp-json\/wp\/v2\/posts"}],"about":[{"href":"https:\/\/www.europesays.com\/it\/wp-json\/wp\/v2\/types\/post"}],"author":[{"embeddable":true,"href":"https:\/\/www.europesays.com\/it\/wp-json\/wp\/v2\/users\/3"}],"replies":[{"embeddable":true,"href":"https:\/\/www.europesays.com\/it\/wp-json\/wp\/v2\/comments?post=236968"}],"version-history":[{"count":0,"href":"https:\/\/www.europesays.com\/it\/wp-json\/wp\/v2\/posts\/236968\/revisions"}],"wp:featuredmedia":[{"embeddable":true,"href":"https:\/\/www.europesays.com\/it\/wp-json\/wp\/v2\/media\/236969"}],"wp:attachment":[{"href":"https:\/\/www.europesays.com\/it\/wp-json\/wp\/v2\/media?parent=236968"}],"wp:term":[{"taxonomy":"category","embeddable":true,"href":"https:\/\/www.europesays.com\/it\/wp-json\/wp\/v2\/categories?post=236968"},{"taxonomy":"post_tag","embeddable":true,"href":"https:\/\/www.europesays.com\/it\/wp-json\/wp\/v2\/tags?post=236968"}],"curies":[{"name":"wp","href":"https:\/\/api.w.org\/{rel}","templated":true}]}}