{"id":237037,"date":"2025-11-29T03:31:12","date_gmt":"2025-11-29T03:31:12","guid":{"rendered":"https:\/\/www.europesays.com\/it\/237037\/"},"modified":"2025-11-29T03:31:12","modified_gmt":"2025-11-29T03:31:12","slug":"assicurazione-auto-ecco-cosa-cambia-dal-2026-probabile-stangata-sullaliquota","status":"publish","type":"post","link":"https:\/\/www.europesays.com\/it\/237037\/","title":{"rendered":"Assicurazione auto, ecco cosa cambia dal 2026: probabile stangata sull&#8217;aliquota"},"content":{"rendered":"<p>Una possibile modifica inserita nella<strong> Manovra finanziaria<\/strong> potrebbe portate a un aumento dei costi per l&#8217;<strong>assicurazione auto (RC Auto) <\/strong>a partire da gennaio 2026. Una notizia non proprio gradita agli automobilisti italiani, che temono un futuro salasso. A quanto pare la misura andrebbe a colpire le coperture assicurative pi\u00f9 complete. Vediamo, in concreto, di cosa stiamo parlando.<\/p>\n<p>Se la proposta inserita in Manovra dovesse passare, il temuto <strong>aumento <\/strong>non si riferirebbe al premio base dell&#8217;RC Auto obbligatoria, ma all&#8217;aliquota fiscale, che potrebbe incrementare. Ci\u00f2 andrebbe a colpire prevalentemente le garanzie accessorie, come la copertura in caso di infortunio. Si parla di un aumento considerevole: dal 2,5% attuale al 12,5%. In sostanza, gli aumenti non interesserebbero l&#8217;assicurazione obbligatoria, quanto piuttosto le<strong> coperture aggiuntive<\/strong>, come abbiamo visto. Chi ha voluto sottoscrivere una polizza con aggiunte, invece, dovrebbe controllare gli eventuali aumenti e fare le sue considerazioni.<\/p>\n<p>Questa misura andrebbe a garantire allo Stato ben 100 milioni di euro in pi\u00f9 l&#8217;anno. Fra l&#8217;altro, ci sarebbe anche la possibilit\u00e0 di effetti retroattivi fino a 10 anni indietro. Se ci\u00f2 fosse vero e l&#8217;erario incassasse questa somma, recuperando le differenze di tassazione, si arriverebbe a sfiorare il miliardo di euro. Da qui lo scontento delle <strong>compagnie assicurative<\/strong> e degli automobilisti.<\/p>\n<p>A quanto pare sarebbe gi\u00e0 stato dato l&#8217;allarme, e diverse compagnie assicurative promettono <strong>ricorsi <\/strong>in caso di conferma della misura. C&#8217;\u00e8 grande preoccupazione per possibili contenziosi. Va comunque ricordato che, al momento, si tratta di una proposta inserita all&#8217;interno di una bozza, non \u00e8 affatto detto che passi.\n<\/p>\n<p> L&#8217;iter della Manovra 2026 \u00e8 lungo e complesso: la legge di bilancio deve seguire tutto un percorso all&#8217;interno del Parlamento, subendo varie modifiche. Prima di generare allarmismo, dunque, \u00e8 bene aspettare e poi fare le dovute valutazioni.<\/p>\n","protected":false},"excerpt":{"rendered":"Una possibile modifica inserita nella Manovra finanziaria potrebbe portate a un aumento dei costi per l&#8217;assicurazione auto (RC&hellip;\n","protected":false},"author":3,"featured_media":237038,"comment_status":"","ping_status":"","sticky":false,"template":"","format":"standard","meta":{"footnotes":""},"categories":[79],"tags":[139941,14,93,94,1537,90,89,53841,7,15,11,84,91,12,85,92],"class_list":{"0":"post-237037","1":"post","2":"type-post","3":"status-publish","4":"format-standard","5":"has-post-thumbnail","7":"category-italia","8":"tag-assicurazione-auto","9":"tag-cronaca","10":"tag-cronaca-italiana","11":"tag-cronacaitaliana","12":"tag-it","13":"tag-italia","14":"tag-italy","15":"tag-manovra-2026","16":"tag-news","17":"tag-notizie","18":"tag-ultime-notizie","19":"tag-ultime-notizie-e-news-di-oggi","20":"tag-ultime-notizie-italia","21":"tag-ultimenotizie","22":"tag-ultimenotizieenewsdioggi","23":"tag-ultimenotizieitalia"},"share_on_mastodon":{"url":"https:\/\/pubeurope.com\/@it\/115630878522676559","error":""},"_links":{"self":[{"href":"https:\/\/www.europesays.com\/it\/wp-json\/wp\/v2\/posts\/237037","targetHints":{"allow":["GET"]}}],"collection":[{"href":"https:\/\/www.europesays.com\/it\/wp-json\/wp\/v2\/posts"}],"about":[{"href":"https:\/\/www.europesays.com\/it\/wp-json\/wp\/v2\/types\/post"}],"author":[{"embeddable":true,"href":"https:\/\/www.europesays.com\/it\/wp-json\/wp\/v2\/users\/3"}],"replies":[{"embeddable":true,"href":"https:\/\/www.europesays.com\/it\/wp-json\/wp\/v2\/comments?post=237037"}],"version-history":[{"count":0,"href":"https:\/\/www.europesays.com\/it\/wp-json\/wp\/v2\/posts\/237037\/revisions"}],"wp:featuredmedia":[{"embeddable":true,"href":"https:\/\/www.europesays.com\/it\/wp-json\/wp\/v2\/media\/237038"}],"wp:attachment":[{"href":"https:\/\/www.europesays.com\/it\/wp-json\/wp\/v2\/media?parent=237037"}],"wp:term":[{"taxonomy":"category","embeddable":true,"href":"https:\/\/www.europesays.com\/it\/wp-json\/wp\/v2\/categories?post=237037"},{"taxonomy":"post_tag","embeddable":true,"href":"https:\/\/www.europesays.com\/it\/wp-json\/wp\/v2\/tags?post=237037"}],"curies":[{"name":"wp","href":"https:\/\/api.w.org\/{rel}","templated":true}]}}