{"id":237721,"date":"2025-11-29T15:09:12","date_gmt":"2025-11-29T15:09:12","guid":{"rendered":"https:\/\/www.europesays.com\/it\/237721\/"},"modified":"2025-11-29T15:09:12","modified_gmt":"2025-11-29T15:09:12","slug":"ufficiale-la-firma-di-leon-radosevic","status":"publish","type":"post","link":"https:\/\/www.europesays.com\/it\/237721\/","title":{"rendered":"ufficiale la firma di Leon Radosevic"},"content":{"rendered":"<p> 3<\/p>\n<p>Continuano i movimenti di mercato in casa\u00a0<strong>Treviso Basket<\/strong>, con l\u2019annuncio della firma del centro croato\u00a0<strong>Leon Radosevic<\/strong>. L\u2019ex di Olimpia Milano e Bertram Tortona va a rinforzare il reparto lunghi di coach Alessandro Rossi, che dovrebbe perdere DeShawn Stephens, prossimo all\u2019uscita.<\/p>\n<p>Treviso Basket: ecco Leon Radosevic<\/p>\n<p>Dopo aver ingaggiato <a href=\"https:\/\/www.nbapassion.com\/lega-basket-a\/treviso-basket-siamo-ai-dettagli-con-tony-perkins-312697\/\" rel=\"nofollow noopener\" target=\"_blank\">Tory Perkins<\/a> per sostituire Joe Ragland,\u00a0<strong>Treviso Basket<\/strong> si rinforza sotto le plance con la firma di\u00a0<strong>Leon Radosevic<\/strong>. L\u2019ex centro di Olimpia Milano e Tortona arriva dal club croato di Spalato, con cui aveva iniziato la stagione. Ecco il comunicato del club trevigiano che ufficializza l\u2019ingaggio:\u00a0\u201cLa\u00a0Nutribullet Treviso Basket\u00a0ha raggiunto l\u2019accordo fino al termine della stagione con\u00a0Leon Radosevic.\u201d<\/p>\n<p>Radosevic, centro croato classe 1990 di 208 centimetri, \u00e8 un veterano di altissimo livello con 12 stagioni di\u00a0<strong class=\"css-0\">Euroleague<\/strong>\u00a0alle spalle e gi\u00e0 un\u2019importante esperienza nel nostro campionato con le maglie di Milano (2011\/2013) e Tortona (2022\/20024). Leon arriva dallo Split, con cui in ABA League stava viaggiando a\u00a0<strong class=\"css-0\">12 punti<\/strong>, 4.5 rimbalzi e 2 assist di media risultando uno dei migliori lunghi della competizione dell\u2019Adriatico.<\/p>\n<p>La carriera<\/p>\n<p class=\"css-tpvos8\">Nato a Sisak, il 26 febbraio 1990, inizia la sua carriera professionistica con lo storico club Cibona Zagabria con cui appena ventenne guida la squadra con oltre 10 punti di media. L\u2019anno successivo fa ancora meglio, specialmente in Eurolega (12.9+6.3 a gara) e si merita la chiamata dell\u2019Olimpia Milano. Da l\u00ec in poi tante esperienze diverse, sempre al massimo livello continentale dove dimostra la sua tecnica sopraffina e personalit\u00e0. Nel 2022 il ritorno in Italia, nell\u2019ambiziosa\u00a0<strong class=\"css-0\">Tortona<\/strong>, con cui al secondo anno gioca anche la Basketball Champions League dove contribuisce con\u00a0<strong class=\"css-0\">11.2 punti<\/strong>\u00a0a sera. Nel 2024, Dubai, a caccia di credibilit\u00e0 ed esperienza internazionale, si affida alle sue mani. La scorsa estate il ritorno nella sua Croazia dove in campionato stava portando 10 punti, 4.5 rimbalzi e 1.5 assist in oltre 20 minuti di media.<\/p>\n<p class=\"css-tpvos8\">Radosevic \u00e8 giocatore tecnico, con stazza, di personalit\u00e0 e grande esperienza, che metter\u00e0 al servizio della squadra di coach Alessandro Rossi.<\/p>\n","protected":false},"excerpt":{"rendered":"3 Continuano i movimenti di mercato in casa\u00a0Treviso Basket, con l\u2019annuncio della firma del centro croato\u00a0Leon Radosevic. L\u2019ex&hellip;\n","protected":false},"author":3,"featured_media":237722,"comment_status":"","ping_status":"","sticky":false,"template":"","format":"standard","meta":{"footnotes":""},"categories":[1453],"tags":[1756,8858,1757,1537,90,89,140435,245,244,3152],"class_list":{"0":"post-237721","1":"post","2":"type-post","3":"status-publish","4":"format-standard","5":"has-post-thumbnail","7":"category-basket","8":"tag-basket","9":"tag-basket-mercato-a","10":"tag-basketball","11":"tag-it","12":"tag-italia","13":"tag-italy","14":"tag-leon-radosevic","15":"tag-sport","16":"tag-sports","17":"tag-treviso-basket"},"share_on_mastodon":{"url":"https:\/\/pubeurope.com\/@it\/115633623171898725","error":""},"_links":{"self":[{"href":"https:\/\/www.europesays.com\/it\/wp-json\/wp\/v2\/posts\/237721","targetHints":{"allow":["GET"]}}],"collection":[{"href":"https:\/\/www.europesays.com\/it\/wp-json\/wp\/v2\/posts"}],"about":[{"href":"https:\/\/www.europesays.com\/it\/wp-json\/wp\/v2\/types\/post"}],"author":[{"embeddable":true,"href":"https:\/\/www.europesays.com\/it\/wp-json\/wp\/v2\/users\/3"}],"replies":[{"embeddable":true,"href":"https:\/\/www.europesays.com\/it\/wp-json\/wp\/v2\/comments?post=237721"}],"version-history":[{"count":0,"href":"https:\/\/www.europesays.com\/it\/wp-json\/wp\/v2\/posts\/237721\/revisions"}],"wp:featuredmedia":[{"embeddable":true,"href":"https:\/\/www.europesays.com\/it\/wp-json\/wp\/v2\/media\/237722"}],"wp:attachment":[{"href":"https:\/\/www.europesays.com\/it\/wp-json\/wp\/v2\/media?parent=237721"}],"wp:term":[{"taxonomy":"category","embeddable":true,"href":"https:\/\/www.europesays.com\/it\/wp-json\/wp\/v2\/categories?post=237721"},{"taxonomy":"post_tag","embeddable":true,"href":"https:\/\/www.europesays.com\/it\/wp-json\/wp\/v2\/tags?post=237721"}],"curies":[{"name":"wp","href":"https:\/\/api.w.org\/{rel}","templated":true}]}}