{"id":238021,"date":"2025-11-29T19:27:15","date_gmt":"2025-11-29T19:27:15","guid":{"rendered":"https:\/\/www.europesays.com\/it\/238021\/"},"modified":"2025-11-29T19:27:15","modified_gmt":"2025-11-29T19:27:15","slug":"attacco-a-la-stampa-le-parole-di-francesca-albanese-e-la-nuova-polemica-condanno-laggressione-ma-sia-un-monito-per-i-giornalisti","status":"publish","type":"post","link":"https:\/\/www.europesays.com\/it\/238021\/","title":{"rendered":"Attacco a La Stampa, le parole di Francesca Albanese e la nuova polemica: \u00abCondanno l&#8217;aggressione, ma sia un monito per i giornalisti\u00bb"},"content":{"rendered":"<p>    di<br \/>\n    Redazione Online<\/p>\n<p class=\"summary-art is-line-h-12\">Nuova bufera sulle parole della relatrice Onu. \u00abMi fanno orrore\u00bb, dice Sensi (Pd), mentre il ministro Ciriani \u00ab\u00e8 inconcepibile paventare che chi subisce un qualsiasi episodio violento se lo sia in qualche modo meritato\u00bb. Lei poi chiarisce: \u00abProvano ad affossarmi, condanno l&#8217;attacco a La  Stampa\u00bb<\/p>\n<p class=\"chapter-paragraph\">\u00abCondanno\u00bb <a href=\"https:\/\/torino.corriere.it\/notizie\/cronaca\/25_novembre_29\/assalto-a-la-stampa-40-persone-identificate-il-sindaco-lo-russo-situazione-critica-la-risposta-dev-essere-decisa-252a047f-121d-4b53-b58b-29956bf29xlk.shtml\" rel=\"nofollow noopener\" target=\"_blank\">l&#8217;irruzione nella redazione de La Stampa a Torino<\/a> ma \u00ab<b>questo deve essere anche un monito <\/b>alla stampa per tornare a fare il proprio lavoro, per riportare i fatti al centro del nuovo lavoro e, se riuscissero a permetterselo, anche un minimo di analisi e contestualizzazione\u00bb. Scoppia una nuova polemica sulle parole della Relatrice speciale delle Nazioni Unite sui territori palestinesi occupati <b>Francesca Albanese<\/b> che, partecipando oggi a &#8220;Rebuild Justice. Ricostruire la giustizia&#8221;, l&#8217;evento organizzato dal Global Movement to Gaza a Roma Tre in occasione della Giornata internazionale di solidariet\u00e0 con il popolo palestinese.<\/p>\n<p class=\"chapter-paragraph\">Albanese ha precisato che\u00a0\u00ab\u00e8 necessario che ci sia giustizia per <a href=\"\">quello che \u00e8 successo alla redazione<\/a>. Sono anni che incoraggio tutti quanti, anche quelli pi\u00f9 arrabbiati, <b>la cui rabbia comprendo<\/b> e credetemi anche la mia, che dico bisogna agire cos\u00ec\u00bb con le mani alzate, che \u00abnon bisogna commettere atti di violenza nei confronti di nessuno\u00bb. Per\u00f2 poi \u00e8 tornata a rivolgersi ai giornalisti &#8220;rei&#8221; di\u00a0\u00abnon aver coperto quello che \u00e8 successo a Genova e in altre 40 o 50 citt\u00e0 italiane dove sono in tantissimi a essere scesi in piazza\u00bb.    &#13;<br \/>\n&#13;<br \/>\n&#13;<br \/>\n&#13;<br \/>\n&#13;<br \/>\n&#13;<br \/>\n&#13;<br \/>\n&#13;<br \/>\n&#13;<br \/>\n&#13;<br \/>\n&#13;<br \/>\n&#13;<br \/>\n&#13;<br \/>\n&#13;<br \/>\n&#13;<br \/>\n&#13;<br \/>\n&#13;<br \/>\n&#13;<br \/>\n&#13;<br \/>\n&#13;<br \/>\n&#13;<br \/>\n&#13;<br \/>\n&#13;<br \/>\n&#13;<br \/>\n&#13;<br \/>\n&#13;<br \/>\n&#13;<br \/>\n&#13;<br \/>\n&#13;<br \/>\n&#13;<br \/>\n&#13;<br \/>\n&#13;<br \/>\n&#13;<br \/>\n&#13;<br \/>\n&#13;<br \/>\n&#13;<br \/>\n&#13;<br \/>\n&#13;<br \/>\n&#13;<br \/>\n&#13;<br \/>\n&#13;<br \/>\n&#13;<br \/>\n&#13;<br \/>\n&#13;<br \/>\n&#13;<br \/>\n&#13;<br \/>\n&#13;<br \/>\n&#13;<br \/>\n&#13;<br \/>\n&#13;<br \/>\n&#13;<br \/>\n&#13;<br \/>\n&#13;\n<\/p>\n<p class=\"chapter-paragraph\">Poi, dopo qualche ora, la marcia indietro: \u00abA quanto pare stanno provando ad affossarmi. Non c&#8217;\u00e8 stato nessuno scivolone, <b>vergognatevi<\/b>. Tutto quello che ho detto e che continuo a dire \u00e8 che condanno la violenza e condanno l&#8217;attacco di ieri a La Stampa. Ma <b>la violenza anche dentro a un sistema violento<\/b> finisce per rafforzare il sistema che ci opprime\u00bb.<\/p>\n<p>    Le reazioni<\/p>\n<p class=\"chapter-paragraph\">Immediate le reazioni &#8211; da destra a sinistra &#8211; alle parole di Albanese. Per il ministro\u00a0per i rapporti con il Parlamento, <b>Luca Ciriani<\/b> sono parole \u00absconcertanti quelle pronunciate da Francesca Albanese: \u00e8 inconcepibile paventare che chi subisce un qualsiasi episodio violento se lo sia in qualche modo meritato. In questo specifico caso la signora Albanese arriva a insinuare che i giornalisti non facciano il loro lavoro in modo intellettualmente onesto e che non riportino i fatti. Sono illazioni che minano uno dei pilastri della nostra democrazia: la libert\u00e0 di stampa e con essa la libert\u00e0 di pensiero\u00bb.<\/p>\n<p class=\"chapter-paragraph\">Su X il senatore del Pd <b>Filippo Sensi<\/b>, giornalista e gi\u00e0 vicedirettore di Europa, \u00e8 ancora pi\u00f9 duro: \u00abMi fanno orrore le parole di Francesca Albanese sulla aggressione fascista alla redazione de La Stampa, la solidariet\u00e0 pelosa, il ditino, il &#8220;monito&#8221; a chi fa bene il suo mestiere, quello di informare. Le lezioni anche no\u00bb. Il presidente dei senatori di Forza Italia, <b>Maurizio Gasparri<\/b>\u00a0si chiede \u00abfino a quando dovremo sopportare questa Albanese? Finge di condannare gli atti di violenza contro La Stampa, salvo poi affermare che l&#8217;episodio dovrebbe essere &#8220;un monito per i giornalisti&#8221;. La Albanese \u00e8 davvero una persona incommentabile e stupefacente. Ci chiediamo ancora quando verr\u00e0 rimossa dagli incarichi che immeritatamente ricopre\u00bb.<\/p>\n<p>        La newsletter Diario Politico<\/p>\n<p class=\"chapter-paragraph\">Se vuoi restare aggiornato sulle notizie di politica iscriviti alla newsletter &#8220;Diario Politico&#8221;. E&#8217; dedicata agli abbonati al Corriere della Sera e arriva due volte alla settimana alle 12. Basta cliccare <a style=\"text-decoration:underline;\" href=\"https:\/\/www.corriere.it\/newsletter\/?theme=51\" rel=\"nofollow noopener\" target=\"_blank\">qui<\/a>.<\/p>\n<p class=\"is-last-update\" datetime=\"2025-11-29T18:03:46+01:00\">29 novembre 2025 ( modifica il 29 novembre 2025 | 18:03)<\/p>\n<p class=\"is-copyright\">\n            \u00a9 RIPRODUZIONE RISERVATA\n        <\/p>\n","protected":false},"excerpt":{"rendered":"di Redazione Online Nuova bufera sulle parole della relatrice Onu. \u00abMi fanno orrore\u00bb, dice Sensi (Pd), mentre il&hellip;\n","protected":false},"author":3,"featured_media":238022,"comment_status":"","ping_status":"","sticky":false,"template":"","format":"standard","meta":{"footnotes":""},"categories":[6],"tags":[140560,4593,24444,765,140559,7401,47233,3439,96122,140558,140561,140562,14,277,140563,9162,140564,140565,4031,5701,26090,807,485,8,140566,140567,140568,1537,90,89,2451,83474,7,15,82,9,83,10,273,4979,7163,408,13,11,80,84,12,81,85,57166,1467],"class_list":{"0":"post-238021","1":"post","2":"type-post","3":"status-publish","4":"format-standard","5":"has-post-thumbnail","7":"category-ultime-notizie","8":"tag-affossarmi","9":"tag-aggressione","10":"tag-albanese","11":"tag-attacco","12":"tag-attacco-stampa","13":"tag-atti","14":"tag-atti-violenza","15":"tag-bisogna","16":"tag-ciriani","17":"tag-condanno","18":"tag-condanno-attacco","19":"tag-condanno-attacco-stampa","20":"tag-cronaca","21":"tag-de","22":"tag-de-stampa","23":"tag-episodio","24":"tag-episodio-violento","25":"tag-episodio-violento-meritato","26":"tag-fatti","27":"tag-francesca","28":"tag-francesca-albanese","29":"tag-giornalisti","30":"tag-giustizia","31":"tag-headlines","32":"tag-inconcepibile","33":"tag-inconcepibile-paventare","34":"tag-inconcepibile-paventare-subisce","35":"tag-it","36":"tag-italia","37":"tag-italy","38":"tag-liberta","39":"tag-monito","40":"tag-news","41":"tag-notizie","42":"tag-notizie-di-cronaca","43":"tag-notizie-principali","44":"tag-notiziedicronaca","45":"tag-notizieprincipali","46":"tag-nuova","47":"tag-parole","48":"tag-redazione","49":"tag-stampa","50":"tag-titoli","51":"tag-ultime-notizie","52":"tag-ultime-notizie-di-cronaca","53":"tag-ultime-notizie-e-news-di-oggi","54":"tag-ultimenotizie","55":"tag-ultimenotiziedicronaca","56":"tag-ultimenotizieenewsdioggi","57":"tag-violento","58":"tag-violenza"},"share_on_mastodon":{"url":"","error":"Validation failed: Text character limit of 500 exceeded"},"_links":{"self":[{"href":"https:\/\/www.europesays.com\/it\/wp-json\/wp\/v2\/posts\/238021","targetHints":{"allow":["GET"]}}],"collection":[{"href":"https:\/\/www.europesays.com\/it\/wp-json\/wp\/v2\/posts"}],"about":[{"href":"https:\/\/www.europesays.com\/it\/wp-json\/wp\/v2\/types\/post"}],"author":[{"embeddable":true,"href":"https:\/\/www.europesays.com\/it\/wp-json\/wp\/v2\/users\/3"}],"replies":[{"embeddable":true,"href":"https:\/\/www.europesays.com\/it\/wp-json\/wp\/v2\/comments?post=238021"}],"version-history":[{"count":0,"href":"https:\/\/www.europesays.com\/it\/wp-json\/wp\/v2\/posts\/238021\/revisions"}],"wp:featuredmedia":[{"embeddable":true,"href":"https:\/\/www.europesays.com\/it\/wp-json\/wp\/v2\/media\/238022"}],"wp:attachment":[{"href":"https:\/\/www.europesays.com\/it\/wp-json\/wp\/v2\/media?parent=238021"}],"wp:term":[{"taxonomy":"category","embeddable":true,"href":"https:\/\/www.europesays.com\/it\/wp-json\/wp\/v2\/categories?post=238021"},{"taxonomy":"post_tag","embeddable":true,"href":"https:\/\/www.europesays.com\/it\/wp-json\/wp\/v2\/tags?post=238021"}],"curies":[{"name":"wp","href":"https:\/\/api.w.org\/{rel}","templated":true}]}}