{"id":238163,"date":"2025-11-29T21:38:11","date_gmt":"2025-11-29T21:38:11","guid":{"rendered":"https:\/\/www.europesays.com\/it\/238163\/"},"modified":"2025-11-29T21:38:11","modified_gmt":"2025-11-29T21:38:11","slug":"la-forza-di-una-donna-accorcia-nuzzi-e-cancella-il-grande-fratello","status":"publish","type":"post","link":"https:\/\/www.europesays.com\/it\/238163\/","title":{"rendered":"La Forza di una Donna accorcia Nuzzi e cancella il Grande Fratello"},"content":{"rendered":"<p><strong>La Forza di una Donna<\/strong>, nel vero senso della parola. Canale 5 si \u00e8 ritrovata in palinsesto una \u2018turcata\u2019 di enorme successo, esplosa in estate e capace ogni giorno di registrare ascolti monstre. Succede cos\u00ec che alle vicende di Bahar \u00c7e\u015fmeli tocchino gli straordinari.<\/p>\n<p>Se a luglio ha trainato Sarabanda e a settembre sia Dentro la Notizia che l\u2019appuntamento del sabato con Verissimo, dal 1\u00b0 dicembre La Forza di una Donna <strong>torna a spingere il game del preserale<\/strong>; a beneficiarne \u00e8 Paolo Bonolis con le ultime puntate dell\u2019anno di Avanti un Altro e, soprattutto, <strong>Max Giusti<\/strong> con la <a href=\"https:\/\/www.davidemaggio.it\/caduta-libera\/caduta-libera-si-rinnova-il-montepremi-sale-a-300-000-euro-isobel-di-amici-valletta-di-giusti\" rel=\"nofollow noopener\" target=\"_blank\">rinnovata edizione di Caduta Libera<\/a>.<\/p>\n<p>Da dopodomani, dunque, <a href=\"https:\/\/www.davidemaggio.it\/la-forza-di-una-donna\/la-forza-di-una-donna-si-sdoppia\" rel=\"nofollow noopener\" target=\"_blank\">La Forza di una Donna si sdoppia<\/a> dal luned\u00ec al venerd\u00ec su Canale 5: in onda alle 16.05 e alle <strong>18.10<\/strong>. Un orario, quest\u2019ultimo, che \u2018rivela\u2019 altre due mosse di Mediaset: <strong>accorciato e non di poco Dentro la Notizia<\/strong> (basti pensare che Nuzzi ieri, Saluti compresi, ha chiuso alle 18.33) e <strong>cassata la striscia del Grande Fratello<\/strong>, che si avvia ad una mesta chiusura a dicembre.<\/p>\n<p>La Forza, d\u2019altronde, \u00e8 una ed \u00e8 quella della dizi turca.<\/p>\n","protected":false},"excerpt":{"rendered":"La Forza di una Donna, nel vero senso della parola. Canale 5 si \u00e8 ritrovata in palinsesto una&hellip;\n","protected":false},"author":3,"featured_media":238164,"comment_status":"","ping_status":"","sticky":false,"template":"","format":"standard","meta":{"footnotes":""},"categories":[174],"tags":[37471,203,73876,204,1537,90,89,140544,11578,83354],"class_list":{"0":"post-238163","1":"post","2":"type-post","3":"status-publish","4":"format-standard","5":"has-post-thumbnail","7":"category-intrattenimento","8":"tag-dentro-la-notizia-2025-2026","9":"tag-entertainment","10":"tag-grande-fratello-19-2025-2026","11":"tag-intrattenimento","12":"tag-it","13":"tag-italia","14":"tag-italy","15":"tag-la-forza-di-una-donna-2","16":"tag-notizie-soap-fiction","17":"tag-variazioni-di-palinsesto"},"share_on_mastodon":{"url":"https:\/\/pubeurope.com\/@it\/115635152774969741","error":""},"_links":{"self":[{"href":"https:\/\/www.europesays.com\/it\/wp-json\/wp\/v2\/posts\/238163","targetHints":{"allow":["GET"]}}],"collection":[{"href":"https:\/\/www.europesays.com\/it\/wp-json\/wp\/v2\/posts"}],"about":[{"href":"https:\/\/www.europesays.com\/it\/wp-json\/wp\/v2\/types\/post"}],"author":[{"embeddable":true,"href":"https:\/\/www.europesays.com\/it\/wp-json\/wp\/v2\/users\/3"}],"replies":[{"embeddable":true,"href":"https:\/\/www.europesays.com\/it\/wp-json\/wp\/v2\/comments?post=238163"}],"version-history":[{"count":0,"href":"https:\/\/www.europesays.com\/it\/wp-json\/wp\/v2\/posts\/238163\/revisions"}],"wp:featuredmedia":[{"embeddable":true,"href":"https:\/\/www.europesays.com\/it\/wp-json\/wp\/v2\/media\/238164"}],"wp:attachment":[{"href":"https:\/\/www.europesays.com\/it\/wp-json\/wp\/v2\/media?parent=238163"}],"wp:term":[{"taxonomy":"category","embeddable":true,"href":"https:\/\/www.europesays.com\/it\/wp-json\/wp\/v2\/categories?post=238163"},{"taxonomy":"post_tag","embeddable":true,"href":"https:\/\/www.europesays.com\/it\/wp-json\/wp\/v2\/tags?post=238163"}],"curies":[{"name":"wp","href":"https:\/\/api.w.org\/{rel}","templated":true}]}}