{"id":238252,"date":"2025-11-29T23:13:19","date_gmt":"2025-11-29T23:13:19","guid":{"rendered":"https:\/\/www.europesays.com\/it\/238252\/"},"modified":"2025-11-29T23:13:19","modified_gmt":"2025-11-29T23:13:19","slug":"la-fausto-coppi-ogni-euro-investito-genera-108-euro-di-indotto-la-guida","status":"publish","type":"post","link":"https:\/\/www.europesays.com\/it\/238252\/","title":{"rendered":"La Fausto Coppi: ogni euro investito genera 10,8 euro di indotto &#8211; La Guida"},"content":{"rendered":"<p>\u00c8 stato presentato oggi (venerd\u00ec 28 novembre) nella sala Michele Ferrero di Confindustria lo studio \u201c<strong>Ciclismo e Montagna: La Fausto Coppi fa vincere il territorio<\/strong>\u201d, un\u2019analisi dedicata alla sostenibilit\u00e0 multidimensionale della granfondo internazionale <strong>La Fausto Coppi Generali<\/strong>. All\u2019evento hanno partecipato oltre cento persone fra rappresentanti delle istituzioni, sponsor, stakeholder e media, a testimoniare il crescente interesse verso il rapporto tra ciclismo, turismo, economia e promozione del territorio.<\/p>\n<p>Lo studio rappresenta un unicum nel panorama nazionale delle manifestazioni amatoriali ciclistiche: \u00e8 una valutazione della sostenibilit\u00e0 dell\u2019evento sportivo (LCSA \u2013 Life Cycle Sustainability Assessment), una delle pi\u00f9 importanti manifestazioni granfondistiche italiane. Fortemente voluta dall\u2019<strong>ASD Fausto Coppi On the Road<\/strong>, storica organizzatrice della gara (nel 2026 si terr\u00e0 domenica\u00a0 28 giugno), la ricerca \u00e8 stata condotta dal Politecnico di Torino con il supporto di Camera di Commercio Cuneo e di eViso, societ\u00e0 di Saluzzo del settore energia e materie prime.<\/p>\n<p>Il rapporto, presentato da <strong>Chiara Gastaldi<\/strong>, del Dipartimento DIMEAS del Politecnico, che si \u00e8 avvalsa dell\u2019ingegner<strong> Tommaso Bazzica<\/strong> come Data Analyst Researcher, aveva come principale obiettivo <strong>valutare la sostenibilit\u00e0 completa<\/strong> de La Fausto Coppi Generali, identificando punti di forza, criticit\u00e0, strategie di miglioramento e benefici sul territorio, attraverso una metodologia multidimensionale. Per condurre lo studio ci si \u00e8 avvalsi dei dati raccolti durante i tre giorni della manifestazione del 2025, a partire da venerd\u00ec 27 giugno fino alla gara ciclistica di domenica 29 giugno.<\/p>\n<p>Il perimetro dell\u2019analisi ha considerato tre diversi confini: geografico (l\u2019intera provincia di Cuneo), temporale (tre giorni dell\u2019evento) e operativo (trasporti, strutture ricettive, consumo di energia, food &amp; beverage, gestione dei rifiuti). Per la raccolta dei dati sono stati spediti questionari, mandati tramite social o inviati via email anche agli iscritti della precedente edizione, sono state utilizzate le informazioni fornite dall\u2019organizzazione dell\u2019evento, oltre a database e letterature scientifiche esistenti.<\/p>\n<p><strong>I risultati economici\u00a0<\/strong><\/p>\n<p>Il primo dato emerso dallo studio \u00e8 stato l\u2019impatto economico totale della granfondo La Fausto Coppi Generali, calcolato in<strong> 1.938.037 euro. <\/strong>Comprende la spesa diretta dei partecipanti e delle loro famiglie, quella generata dagli accompagnatori, dagli atleti e dagli stakeholder. Il dato dimostra come grandi eventi sportivi siano sempre pi\u00f9 una leva economica strategica.<\/p>\n<p>Sono stati 2546 gli iscritti alla 36\u00b0 edizione della granfondo (2300 partenti), provenienti da 69 province italiane e 42 Nazioni. Le presenze totali, nel weekend dell\u2019evento, sono state <strong>7812 <\/strong>con 3895 pernottamenti e spesa media giornaliera di<strong> 77,42 euro. <\/strong>La permanenza media sul territorio \u00e8 variata in base alla provenienza: i ciclisti locali si sono fermati in media 1 giorno, i nazionali 2 giorni, gli internazionali 3,3 giorni. Il 44,9% dei partecipanti nazionali ha optato per l\u2019hotel, il 44,4% degli atleti dall\u2019estero ha scelto il B&amp;B mentre il campeggio l\u201911% (soprattutto stranieri). Solo una piccola quota si \u00e8 affidata ad amici e parenti (dall\u20198,2% dei ciclisti nazionali all\u20193,7% degli internazionali).<\/p>\n<p>Infine, il dato pi\u00f9 significativo: ogni euro investito nella granfondo, proveniente da stakeholders, istituzioni, organizzazione, atleti, e\/o finanziatori a vario titolo, ne ha generati <strong>10,8 euro.<\/strong><\/p>\n<p>I risultati ambientali<\/p>\n<p>Si \u00e8 calcolato un 7,58 kg CO\u2082 pro capite per un totale di 54,14 ton CO\u2082eq. Per un evento di questa portata, il valore \u00e8 considerato basso. Manifestazioni simili, come gli Special Olympics Canada Summer Games, hanno registrato un valore di 10,8 kg CO\u2082 per partecipante. Inoltre, La Fausto Coppi Generali ha ridotto del 20% le emissioni nella categoria \u201cFood &amp; Beverage\u201d, un risultato ottenuto tramite l\u2019adozione di fornitori a KM0 e l\u2019utilizzo di materiali biodegradabili. <strong>2 tonnellate di CO<\/strong><strong>\u2082<\/strong><strong> eq <\/strong>si sono risparmiate grazie all\u2019uso di energia 100% rinnovabile, fornita da eVISO, mentre <strong>33 tonnellate di CO<\/strong><strong>\u2082<\/strong><strong>eq <\/strong>sono statte \u201cevitate\u201d grazie alla pratica ciclistica. Si \u00e8 calcolata l\u2019equivalenza di emissioni che si sarebbero generate se i 2.300 partecipanti avessero percorso la stessa distanza in auto. Questo dato rende tangibile la natura \u201cvirtuosa\u201d dell\u2019evento.<\/p>\n<p>I risultati sociali<\/p>\n<p>Sono state 42 le Nazioni rappresentate a La Fausto Coppi Generali, con un <strong>return rate <\/strong>del<strong> 53<\/strong>% e pi\u00f9 di un partecipante su due \u00e8 tornato a partecipare all\u2019evento: un indice di qualit\u00e0 e di legame emotivo con il territorio. La granfondo registra inoltre un incremento di iscritti, segno di un evento imperdibile o di grande appeal. Il 16% dei partecipanti 2024 era presente alle ultime tre edizioni, a testimoniare un appuntamento che \u00e8 entrato appieno nella vita sportiva degli appassionati, i quali hanno dimostrato una soddisfazione media complessiva pari a<strong> 4,1 voti su 5. <\/strong><\/p>\n<p>Il dibattito<\/p>\n<p>Dopo la presentazione della professoressa Gastaldi, si \u00e8 svolto un dibattito moderato da <strong>Riccardo Barlaam<\/strong>, capo redattore di Economia e Politica Internazionale de Il Sole 24 Ore, appassionato ciclista che ha partecipato alla scorsa edizione de La Fausto Coppi.<\/p>\n<p>Il dibattito si \u00e8 articolato in due panel e ha visto l\u2019intervento di rappresentanti delle istituzioni e del territorio nel corso dei quali si \u00e8 evidenziato come la granfondo sia un volano per il turismo slow e per l\u2019economia ricettiva del Cuneese.<\/p>\n<p>L\u2019ASD Fausto Coppi On The Road ha poi annunciato che la copertura televisiva dell\u2019edizione 2026 sar\u00e0 affidata a <strong>Sky Sport<\/strong>.<\/p>\n<p>\u201cQuesto studio \u2013 dice <strong>Davide Lauro, presidente ASD Fausto Coppi on the road \u2013 <\/strong>rappresenta una pietra miliare nella storia della nostra manifestazione. Restituiamo al territorio un quadro chiaro e scientifico del valore reale de La Fausto Coppi Generali, del suo impatto e della crescita costante. \u00c8 un punto di partenza per fare sempre di pi\u00f9 e sempre meglio\u201d. <strong>Emma Mana, vicepresidente ASD Fausto Coppi on the road <\/strong>sottolinea: \u201cLa sostenibilit\u00e0 non \u00e8 uno slogan, \u00e8 un impegno. Questo studio dimostra che un grande evento sportivo pu\u00f2 essere un modello virtuoso per economia, ambiente e comunit\u00e0\u201d.<\/p>\n","protected":false},"excerpt":{"rendered":"\u00c8 stato presentato oggi (venerd\u00ec 28 novembre) nella sala Michele Ferrero di Confindustria lo studio \u201cCiclismo e Montagna:&hellip;\n","protected":false},"author":3,"featured_media":238253,"comment_status":"","ping_status":"","sticky":false,"template":"","format":"standard","meta":{"footnotes":""},"categories":[1456],"tags":[1824,1825,1537,90,89,81476,245,244],"class_list":{"0":"post-238252","1":"post","2":"type-post","3":"status-publish","4":"format-standard","5":"has-post-thumbnail","7":"category-ciclismo","8":"tag-ciclismo","9":"tag-cycling","10":"tag-it","11":"tag-italia","12":"tag-italy","13":"tag-la-fausto-coppi","14":"tag-sport","15":"tag-sports"},"share_on_mastodon":{"url":"https:\/\/pubeurope.com\/@it\/115635526258361069","error":""},"_links":{"self":[{"href":"https:\/\/www.europesays.com\/it\/wp-json\/wp\/v2\/posts\/238252","targetHints":{"allow":["GET"]}}],"collection":[{"href":"https:\/\/www.europesays.com\/it\/wp-json\/wp\/v2\/posts"}],"about":[{"href":"https:\/\/www.europesays.com\/it\/wp-json\/wp\/v2\/types\/post"}],"author":[{"embeddable":true,"href":"https:\/\/www.europesays.com\/it\/wp-json\/wp\/v2\/users\/3"}],"replies":[{"embeddable":true,"href":"https:\/\/www.europesays.com\/it\/wp-json\/wp\/v2\/comments?post=238252"}],"version-history":[{"count":0,"href":"https:\/\/www.europesays.com\/it\/wp-json\/wp\/v2\/posts\/238252\/revisions"}],"wp:featuredmedia":[{"embeddable":true,"href":"https:\/\/www.europesays.com\/it\/wp-json\/wp\/v2\/media\/238253"}],"wp:attachment":[{"href":"https:\/\/www.europesays.com\/it\/wp-json\/wp\/v2\/media?parent=238252"}],"wp:term":[{"taxonomy":"category","embeddable":true,"href":"https:\/\/www.europesays.com\/it\/wp-json\/wp\/v2\/categories?post=238252"},{"taxonomy":"post_tag","embeddable":true,"href":"https:\/\/www.europesays.com\/it\/wp-json\/wp\/v2\/tags?post=238252"}],"curies":[{"name":"wp","href":"https:\/\/api.w.org\/{rel}","templated":true}]}}