{"id":238590,"date":"2025-11-30T06:22:11","date_gmt":"2025-11-30T06:22:11","guid":{"rendered":"https:\/\/www.europesays.com\/it\/238590\/"},"modified":"2025-11-30T06:22:11","modified_gmt":"2025-11-30T06:22:11","slug":"belluno-volley-la-striscia-positiva-si-interrompe-a-cagliari","status":"publish","type":"post","link":"https:\/\/www.europesays.com\/it\/238590\/","title":{"rendered":"Belluno Volley, la striscia positiva si interrompe a Cagliari"},"content":{"rendered":"<p>Dopo tre vittorie consecutive, si interrompe la serie di positiva del <b>Belluno Volley<\/b>: in Sardegna, infatti, i rinoceronti cedono l\u2019intera posta in palio al <b>Cus Cagliari<\/b>. Ed \u00e8 la prima volta che i ragazzi di coach Marzola non riescono a spremere punti da un confronto. Perch\u00e9 il passivo del secondo turno, a Trebaseleghe, era arrivato al tie-break. A proposito di prime volte, non era mai successo che i rinoceronti tornassero dall\u2019isola dei Quattro Mori con una sconfitta: i precedenti contro il Cus, e pure al cospetto di Sarroch, avevano sempre sorriso ai biancobl\u00f9. Di fatto senza Alexander Berger \u2013 lo schiacciatore austriaco \u00e8 rimasto in campo solo per qualche scambio ed \u00e8 stato poi costretto ad alzare bandiera bianca per un problema alla caviglia \u2013 Marsili e compagni non sono riusciti a trovare ritmo e continuit\u00e0. E ad arginare lo strapotere del bomber in forza al sestetto cagliaritano: un inarrestabile Biasotto, autore di 28 punti.<\/p>\n<p><b>DUELLO TRA OPPOSTI \u2013 <\/b>Il set di apertura \u00e8 anche, e soprattutto, uno splendido duello a distanza tra i due opposti: Morgan Biasotto da una parte, premiato come miglior Under 23 nello scorso campionato di A3, e Stefano Giannotti dall\u2019altra. Proprio Giannotti ha il merito di abbattere il muro dei 100 punti in regular season. E di confezionare il primo break dolomitico (12-10). Ma la gara si sviluppa sul sottile filo dell\u2019equilibrio. Tanto \u00e8 vero che il Cus ricuce il piccolo margine e si affida al suo terminale offensivo numero uno: il mancino originario di Genova, capace di mettere a terra gli ultimi tre palloni. E determinante per il 25-23 sardo.<\/p>\n<p><b>AL CENTRO \u2013 <\/b>Confronto tra opposti? E pure tra centrali. Perch\u00e9 l\u2019ex Luisetto, con un \u201cposter\u201d da applausi, riporta il Cus in carreggiata (14-13), mentre Mozzato punge al servizio ed Enrico Basso, sotto rete, timbra il 19-17 che sembra indirizzare il parziale sul binario bellunese. Ma il solito Biasotto ha altre idee: impatta a quota 19 e, in seguito a un preciso attacco, regala ai suoi due set-ball (24-22): il primo lo annulla Corrado. Il quale, per\u00f2, sbaglia poi il successivo servizio. Doppio 25-23 e Cagliari in fuga.<\/p>\n<p><b>PARZIALONE \u2013 <\/b>Con le spalle al muro, il Belluno Volley reagisce. E, oltre al carattere e alla grinta, srotola sul taraflex una pallavolo pi\u00f9 pulita, ordinata e, soprattutto, redditizia. Quando il tabellone recita 13-13, nel terzo round, i rinoceronti scappano via. E stampano un parzialone di 7-0, nobilitato da una doppia pennellata di Marsili e di Basso, sotto rete, mentre il punto esclamativo lo pone Corrado, in attacco.<\/p>\n<p><b>SENTENZA \u2013 <\/b>Sembra crescere la fiducia. E, nel quarto atto, prende forma un altro break di rilievo. Questa volta nelle fasi iniziali del set: 6-1 dolomitico per il +6 (14-8), in cui \u00e8 indelebile il contributo di Giannotti. Ma qualche errore di troppo permette ai padroni di casa di tornare in linea di galleggiamento e di perfezionare l\u2019aggancio a quota 18, grazie a 2 punti in sequenza di Biasotto. Sul rettilineo del traguardo, i Marzola boys sembrano di nuovo padroni della situazione, tanto che Corrado mette a terra il pallone del 24-22. Il solito Biasotto, per\u00f2, contribuisce a ricucire lo strappo (24-24) e, ai vantaggi, la sentenza definitiva arriva con Agapitos, dopo che i bellunesi avevano annullato due match ball.<\/p>\n<p><b>L\u2019ANALISI \u2013 <\/b>\u00abDi sicuro non siamo contenti, l\u2019approccio non \u00e8 stato buono \u2013 analizza coach Marco Marzola -. Facciamo i complimenti a Cagliari, che ha dato vita a un\u2019ottima gara. Ma dobbiamo guardare la nostra met\u00e0 campo ed \u00e8 chiaro che la prestazione non \u00e8 sufficiente: risultato giusto, bravi gli avversari, per\u00f2 noi dobbiamo fare meglio\u00bb.<\/p>\n<p>\u00a0<\/p>\n<p><b>CUS CAGLIARI-BELLUNO VOLLEY 3-1<\/b><\/p>\n<p><b>PARZIALI:\u00a0<\/b>25-23, 25-23, 19-25, 28-26.<\/p>\n<p><b>CUS CAGLIARI:<\/b>\u00a0Agapitos 9, Menicali 9, Biasotto 28, Luisetto 14, Truocchio 14, Folguera 1; L. Basso (L), Zanettin 1, Muccione, Galiazzo. N.e. Piludu (L), Enna, Sciarretti, Gozzo. Allenatore: L. Simeon.<\/p>\n<p><b>BELLUNO VOLLEY:\u00a0<\/b>Marsili 5, Giannotti 20, Berger 1, Loglisci 10, Mozzato 11, E. Basso 11; Hoffer (L), Corrado 14, Pozzebon, Tosatto (L). N.e. Cengia, Bortoletto, Michielon, Marini da Costa. Allenatore: M. Marzola.<\/p>\n<p><b>ARBITRI:<\/b>\u00a0Deborah Proietti di Perugia e Virginia Tundo di Bologna.<\/p>\n<p><b>NOTE.\u00a0<\/b>Durata set: 28\u2019, 31\u2019, 31\u2019, 41\u2019; totale: 2h11\u2019. Cagliati: battute sbagliate 12, vincenti 2, muri 15. Belluno: b.s. 12, v. 2, m. 12.<\/p>\n","protected":false},"excerpt":{"rendered":"Dopo tre vittorie consecutive, si interrompe la serie di positiva del Belluno Volley: in Sardegna, infatti, i rinoceronti&hellip;\n","protected":false},"author":3,"featured_media":238591,"comment_status":"","ping_status":"","sticky":false,"template":"","format":"standard","meta":{"footnotes":""},"categories":[1474],"tags":[1537,90,89,245,244,1869],"class_list":{"0":"post-238590","1":"post","2":"type-post","3":"status-publish","4":"format-standard","5":"has-post-thumbnail","7":"category-volley","8":"tag-it","9":"tag-italia","10":"tag-italy","11":"tag-sport","12":"tag-sports","13":"tag-volley"},"share_on_mastodon":{"url":"https:\/\/pubeurope.com\/@it\/115637213130185390","error":""},"_links":{"self":[{"href":"https:\/\/www.europesays.com\/it\/wp-json\/wp\/v2\/posts\/238590","targetHints":{"allow":["GET"]}}],"collection":[{"href":"https:\/\/www.europesays.com\/it\/wp-json\/wp\/v2\/posts"}],"about":[{"href":"https:\/\/www.europesays.com\/it\/wp-json\/wp\/v2\/types\/post"}],"author":[{"embeddable":true,"href":"https:\/\/www.europesays.com\/it\/wp-json\/wp\/v2\/users\/3"}],"replies":[{"embeddable":true,"href":"https:\/\/www.europesays.com\/it\/wp-json\/wp\/v2\/comments?post=238590"}],"version-history":[{"count":0,"href":"https:\/\/www.europesays.com\/it\/wp-json\/wp\/v2\/posts\/238590\/revisions"}],"wp:featuredmedia":[{"embeddable":true,"href":"https:\/\/www.europesays.com\/it\/wp-json\/wp\/v2\/media\/238591"}],"wp:attachment":[{"href":"https:\/\/www.europesays.com\/it\/wp-json\/wp\/v2\/media?parent=238590"}],"wp:term":[{"taxonomy":"category","embeddable":true,"href":"https:\/\/www.europesays.com\/it\/wp-json\/wp\/v2\/categories?post=238590"},{"taxonomy":"post_tag","embeddable":true,"href":"https:\/\/www.europesays.com\/it\/wp-json\/wp\/v2\/tags?post=238590"}],"curies":[{"name":"wp","href":"https:\/\/api.w.org\/{rel}","templated":true}]}}