{"id":238684,"date":"2025-11-30T07:55:11","date_gmt":"2025-11-30T07:55:11","guid":{"rendered":"https:\/\/www.europesays.com\/it\/238684\/"},"modified":"2025-11-30T07:55:11","modified_gmt":"2025-11-30T07:55:11","slug":"addio-a-pinotto-fava-pioniere-della-radio","status":"publish","type":"post","link":"https:\/\/www.europesays.com\/it\/238684\/","title":{"rendered":"Addio a Pinotto Fava, pioniere della radio"},"content":{"rendered":"<p>    di<br \/>\n    Federica Manzitti<\/p>\n<p class=\"summary-art is-line-h-12\">Scomparso a  90 anni l&#8217;inventore di programmi come Fonosfera e I pensieri di King Kong che dal 1981 confluirono nel nuovo formato sperimentale Audiobox<\/p>\n<p class=\"chapter-paragraph\">Fantasmagorico, gustosissimo, a volte aspro, vasto fino alla vertigine, comunque affollato e seducente con reiterata impunit\u00e0. Questo \u00e8 stato\u00a0Audiobox,\u00a0compianto programma in onda dal 1981 al 1998 sui canali Rai. QE questo \u00e8 stato<b> Pinotto Fava,<\/b> il suo ideatore e conduttore. Anch\u2019egli ha terminato le trasmissioni terrestri lo scorso 27 novembre, nella sua casa dei Parioli. Sabato 29 sera\u00a0Battiti, il magazine musicale di Rai Radio 3 in onda dalla mezzanotte, sar\u00e0 interamente dedicato alla sua figura, cos\u00ec come altri spazi del palinsesto, tutti ritrovabile su Raiplay Sound insieme ad altre selezioni dalle teche.<br \/>\u00c8 un peccato che molti oggi non sappiano chi sia stato Pinotto Fava, non solo per il profilo d\u2019intellettuale, nel senso pi\u00f9 felice del termine, ma per ci\u00f2 a cui ha dato vita, uno <b>spazio d\u2019invenzione sonora radicalmente libero <\/b>che non esiste pi\u00f9 all\u2019interno del servizio pubblico. N\u00e9 altrove, a ben vedere, in Italia.<\/p>\n<p>    Il concorso Rai\u00a0<\/p>\n<p class=\"chapter-paragraph\">Giuseppe \u00abPinotto\u00bb Fava era nato a<b> Matera <\/b>nel 1935. Cresciuto in Campania tra Lacedonia, Napoli e Caserta, cha cominciato dal teatro alla fine degli anni Cinquanta. Nel 1960 ha vinto il concorso Rai venendo assegnato al neonato settore tv, ma ha preferito lasciarlo per la radio, un medium che garantiva pi\u00f9 possibilit\u00e0 di sperimentare. Fava si \u00e8 preso tutte queste le libert\u00e0 garantite e anche molte altre azzardate. Senza protagonismi sterili, con la caparbiet\u00e0 del visionario senza rivendicazioni di maniera. Interessato alla commistione tra i generi e alla creazione d\u2019inediti dispositivi linguistici, a partire dal 1975 ha realizzato le trasmissioni Ipotesi di linguaggio, Lo spunto, Il giardino delle delizie. Con Armando Adolgiso nel 1978 ha inventato Fonosfera e I pensieri di King Kong che dal 1981 sono confluite nel nuovo formato, Audiobox, spazio serale inter-codice trasmesso prima da Rai Radio 1, poi dal canale culturale, il 3. Questo vero e proprio miracolo di palinsesto, negli anni in cui le direttive aziendali erano dal \u00abnon farsi megafono di opposti estremismi\u00bb all\u2019assecondare il dilagante \u00abedonismo\u00bb, ha coinvolto autori e artisti di aree diverse, mettendo in connessione i media in produzioni spesso internazionali \u2013 <b>in anticipo sui tempi e su Internet<\/b>&#8211; che passavano dalla trasmissione via etere alla rappresentazione dal vivo, dalla presenza corporea al digitale, molto prima che questo diventasse consuetudine espressiva. Ma la vera unicit\u00e0 del suo agire la radio -\u00abla teoria per noi segue sempre la prassi\u201d\u00bb gli piaceva ripetere \u2013 \u00e8 stato l\u2019istinto. Sceglieva collaboratori, artisti, complici e sodali che aprissero la porta dell\u2019ufficio 250 al secondo piano di via Mazzini \u2013 luogo totalmente incongruo al contesto ufficiale- non solo se arrivavano dalle neoavanguardie, ma da tutti gli ambiti d\u2019intervento \u201cestetico, sinestetico, mediale, politico\u201d purch\u00e9 autentici.    &#13;<br \/>\n&#13;<br \/>\n&#13;<br \/>\n&#13;<br \/>\n&#13;<br \/>\n&#13;<br \/>\n&#13;<br \/>\n&#13;<br \/>\n&#13;<br \/>\n&#13;<br \/>\n&#13;<br \/>\n&#13;<br \/>\n&#13;<br \/>\n&#13;<br \/>\n&#13;<br \/>\n&#13;<br \/>\n&#13;<br \/>\n&#13;<br \/>\n&#13;<br \/>\n&#13;<br \/>\n&#13;<br \/>\n&#13;<br \/>\n&#13;<br \/>\n&#13;<br \/>\n&#13;<br \/>\n&#13;<br \/>\n&#13;<br \/>\n&#13;<br \/>\n&#13;<br \/>\n&#13;<br \/>\n&#13;<br \/>\n&#13;<br \/>\n&#13;<br \/>\n&#13;<br \/>\n&#13;<br \/>\n&#13;<br \/>\n&#13;<br \/>\n&#13;<br \/>\n&#13;<br \/>\n&#13;<br \/>\n&#13;<br \/>\n&#13;<br \/>\n&#13;<br \/>\n&#13;<br \/>\n&#13;<br \/>\n&#13;<br \/>\n&#13;<br \/>\n&#13;<br \/>\n&#13;<br \/>\n&#13;<br \/>\n&#13;<br \/>\n&#13;<br \/>\n&#13;\n<\/p>\n<p>    Grifi, Martone, Celati, Fresu\u00a0<\/p>\n<p class=\"chapter-paragraph\">Gli \u201cautori\u201d, che fossero musicisti, attori, registi, fumettisti, artisti visivi, poeti, studiosi o agitatori culturali, <b>erano chiamati ad inventarsi una propria radio e lasciati nella piena libert\u00e0.<\/b> Cos\u00ec, ai fortunati ascoltatori, \u00e8 capitato di sintonizzarsi sulla radio art di <b>Alberto Grifi o Gianni Celati, Mario Martone o Alvin Curran, Paolo Fresu o Butch Morris<\/b>, e ancora di Roberto Paci Dal\u00f2, Gabriele Frasca,<b> Marco Baliani, Antonio Neiwiller<\/b>, Canio Loguercio, John Rose, Tiziano Tononi, Arrigo Lora Totino, Teresa De Santis, Rod Summers, Vittorio Gelmetti, Walter Ruttmann, Lamberto Pignotti, Ferruccio Ascari, Luca Patella, Gianfranco Baruchello, Giuseppe Rocca, Lamberto Lambertini, Isabella Bordoni, Enrico Frattaroli, Francis Bebey, Bisca, Daniele Sepe, Annecchino\/Rendine, Arsenije Jovanovic, Koin\u00e8. Pochi esempi di un totale che come sottotitolo aveva: \u00abDerive magnetiche a pi\u00f9 voci\u201d\u00bb.<br \/>Dopo la prima edizione della Rassegna internazionale di ricerca sonora nel 1984 ad Arcavacata (Cosenza), scelta volutamente eccentrica, questo contenitore anticipatamente site specific, viene patrocinato dall\u2019EBU\/UER ripetendosi a Matera dove solo molto dopo \u00e8 stato realizzato Materadio.<\/p>\n<p>    Coproduzioni sonore internazionali\u00a0<\/p>\n<p class=\"chapter-paragraph\">\u00a0Trovando simili e sodali fuori pi\u00f9 che dentro i confini italiani, Pinotto Fava ha realizzato coproduzioni multimediali su scala mondiale come Horizontal radio, Rivers and bridges A piece for peace o Crystal Psalms di Alvin Curran. Questa lunga e ineguagliata avventura intellettuale \u00e8 stata condivisa negli anni con un gruppo di collaboratori, co-autori come Sergio Messina, Sabina Sacchi, Paola Scalercio, Guido Piccoli, Antonella Bottini e, fino all\u2019ultimo giorno di trasmissione, Pino Saulo.\u00a0Pur rivendicando di avere molti pi\u00f9 dubbi che certezze, in un\u2019intervista realizzata in anni recenti per Radio Techetet\u00e9 ha detto: \u00ab<b>La radio \u00e8 la pi\u00f9 adatta alla filosofia, alla passione per i saperi. Ha bisogno di tre componenti: passione, desiderio e fame<\/b>\u00bb.\u00a0Pinotto Fava se n&#8217;\u00e8 andato. Ascoltatori e creatori di radio arte rimangono irrimediabilmente affamati.<\/p>\n<p class=\"is-mr-t-20 is-mr-b-20\"><b><br \/>\n                    <a href=\"https:\/\/roma.corriere.it\/?intcmp=Notizielocali_nd_010623_corriere_ss_roma\" target=\"_blank\" rel=\"nofollow noopener\">Vai a tutte le notizie di Roma<\/a><br \/>\n            <\/b><\/p>\n<p class=\"chapter-paragraph\"><b><a href=\"https:\/\/www.corriere.it\/newsletter\/?theme=52&amp;intcmp=NL-artic_nd_050624_corriere_ss_roma\" target=\"_blank\" rel=\"nofollow noopener\">Iscriviti alla newsletter di Corriere Roma<\/a><\/b><\/p>\n<p class=\"is-last-update\" datetime=\"2025-11-29T16:54:53+01:00\">29 novembre 2025<\/p>\n<p class=\"is-copyright\">\n            \u00a9 RIPRODUZIONE RISERVATA\n        <\/p>\n","protected":false},"excerpt":{"rendered":"di Federica Manzitti Scomparso a 90 anni l&#8217;inventore di programmi come Fonosfera e I pensieri di King Kong&hellip;\n","protected":false},"author":3,"featured_media":238685,"comment_status":"","ping_status":"","sticky":false,"template":"","format":"standard","meta":{"footnotes":"","_share_on_mastodon":"0"},"categories":[1443],"tags":[15910,140843,140844,2983,140845,140846,140847,140848,140849,17475,46285,140850,140851,8711,1495,19367,140830,8807,23800,140829,7461,140831,364,5274,140832,140833,140834,203,51500,140835,140836,140837,3086,135080,276,140838,44174,644,204,1537,90,89,5691,136184,9736,51797,2451,69294,3541,1538,1539,9167,37003,1950,2095,140839,140840,140827,140828,4061,2848,140841,5156,140842,26266,8041,15839,111081],"class_list":["post-238684","post","type-post","status-publish","format-standard","has-post-thumbnail","category-musica","tag-adatta","tag-adatta-filosofia","tag-adatta-filosofia-passione","tag-addio","tag-addio-pinotto","tag-addio-pinotto-fava","tag-adolgiso","tag-adolgiso-inventato","tag-adolgiso-inventato-fonosfera","tag-affamati","tag-affollato","tag-affollato-seducente","tag-affollato-seducente-reiterata","tag-agire","tag-altre","tag-alvin","tag-alvin-curran","tag-artisti","tag-ascoltatori","tag-audiobox","tag-autori","tag-celati","tag-collaboratori","tag-concorso","tag-concorso-rai","tag-coproduzioni","tag-curran","tag-entertainment","tag-fava","tag-fonosfera","tag-fonosfera-pensieri","tag-fonosfera-pensieri-king","tag-formato","tag-fresu","tag-giuseppe","tag-grifi","tag-intellettuale","tag-internazionali","tag-intrattenimento","tag-it","tag-italia","tag-italy","tag-king","tag-king-kong","tag-kong","tag-lamberto","tag-liberta","tag-martone","tag-matera","tag-music","tag-musica","tag-onda","tag-palinsesto","tag-passione","tag-pensieri","tag-pensieri-king","tag-pensieri-king-kong","tag-pinotto","tag-pinotto-fava","tag-radio","tag-rai","tag-rai-radio","tag-realizzato","tag-sodali","tag-sonora","tag-spazio","tag-trasmissione","tag-trasmissioni"],"share_on_mastodon":{"url":"","error":"Validation failed: Text character limit of 500 exceeded"},"_links":{"self":[{"href":"https:\/\/www.europesays.com\/it\/wp-json\/wp\/v2\/posts\/238684","targetHints":{"allow":["GET"]}}],"collection":[{"href":"https:\/\/www.europesays.com\/it\/wp-json\/wp\/v2\/posts"}],"about":[{"href":"https:\/\/www.europesays.com\/it\/wp-json\/wp\/v2\/types\/post"}],"author":[{"embeddable":true,"href":"https:\/\/www.europesays.com\/it\/wp-json\/wp\/v2\/users\/3"}],"replies":[{"embeddable":true,"href":"https:\/\/www.europesays.com\/it\/wp-json\/wp\/v2\/comments?post=238684"}],"version-history":[{"count":0,"href":"https:\/\/www.europesays.com\/it\/wp-json\/wp\/v2\/posts\/238684\/revisions"}],"wp:featuredmedia":[{"embeddable":true,"href":"https:\/\/www.europesays.com\/it\/wp-json\/wp\/v2\/media\/238685"}],"wp:attachment":[{"href":"https:\/\/www.europesays.com\/it\/wp-json\/wp\/v2\/media?parent=238684"}],"wp:term":[{"taxonomy":"category","embeddable":true,"href":"https:\/\/www.europesays.com\/it\/wp-json\/wp\/v2\/categories?post=238684"},{"taxonomy":"post_tag","embeddable":true,"href":"https:\/\/www.europesays.com\/it\/wp-json\/wp\/v2\/tags?post=238684"}],"curies":[{"name":"wp","href":"https:\/\/api.w.org\/{rel}","templated":true}]}}