{"id":23887,"date":"2025-08-02T10:49:09","date_gmt":"2025-08-02T10:49:09","guid":{"rendered":"https:\/\/www.europesays.com\/it\/23887\/"},"modified":"2025-08-02T10:49:09","modified_gmt":"2025-08-02T10:49:09","slug":"giorgetto-giugiaro-io-sopravvissuto-allincidente-solo-grazie-allauto-nuova-sono-salvo-anche-perche-privilegiato","status":"publish","type":"post","link":"https:\/\/www.europesays.com\/it\/23887\/","title":{"rendered":"Giorgetto Giugiaro: \u00abIo sopravvissuto all&#8217;incidente solo grazie all\u2019auto nuova. Sono salvo anche perch\u00e9 privilegiato\u00bb"},"content":{"rendered":"<p>    di<br \/>\n    Redazione online<\/p>\n<p class=\"summary-art is-line-h-12\">Lo storico designer torinese: \u00abChi pu\u00f2 permettersi un\u2019auto nuova ha pi\u00f9 chances di tornare a casa vivo\u00bb. \u00abSceso dall&#8217;auto capottata mi sono sentito  un sopravvissuto, ma anche un privilegiato\u00bb<\/p>\n<p class=\"chapter-paragraph\">\u00abSono vivo. E lo devo alla tecnologia che ho contribuito, nel mio piccolo, a plasmare\u00bb. Lo spiega alla Stampa <b>Giorgetto Giugiaro, storico designer di automobili<\/b> che \u00e8 sopravvissuto<b> a 87 anni <\/b>ad un incidente in Sardegna dopo che la sua auto si \u00e8 ribaltata ed \u00e8 finita in un dirupo. \u00abSe fossi stato a bordo di un\u2019auto di quindici anni fa, quasi l\u2019et\u00e0 media delle vetture che circolano sulle strade italiane, probabilmente non sarei qui a raccontarlo &#8211; evidenzia -. <b>Le statistiche non mentono: un\u2019auto nuova<\/b>, con i suoi dispositivi di sicurezza, offre sette volte pi\u00f9 possibilit\u00e0 di sopravvivere a un incidente rispetto a una di quindici anni fa\u00bb.<br \/>\u00a0<\/p>\n<p class=\"chapter-paragraph\">\u00abMa qui si apre una ferita, una di quelle riflessioni che pesano pi\u00f9 di un fuoristrada accartocciato &#8211; spiega sulle pagine del quotidiano -. La sicurezza, oggi, \u00e8 un lusso. <b>Chi pu\u00f2 permettersi un\u2019auto nuova ha pi\u00f9 chances di tornare a casa vivo.<\/b> Nel 2024, in Italia, abbiamo contato 173.364 incidenti stradali. Quanti di quei guidatori, in macchine datate, non hanno avuto la mia fortuna?\u00bb.    &#13;<br \/>\n&#13;<br \/>\n&#13;<br \/>\n&#13;<br \/>\n&#13;<br \/>\n&#13;<br \/>\n&#13;<br \/>\n&#13;<br \/>\n&#13;<br \/>\n&#13;<br \/>\n&#13;<br \/>\n&#13;<br \/>\n&#13;<br \/>\n&#13;<br \/>\n&#13;<br \/>\n&#13;<br \/>\n&#13;<br \/>\n&#13;<br \/>\n&#13;<br \/>\n&#13;<br \/>\n&#13;<br \/>\n&#13;<br \/>\n&#13;<br \/>\n&#13;<br \/>\n&#13;<br \/>\n&#13;<br \/>\n&#13;<br \/>\n&#13;<br \/>\n&#13;<br \/>\n&#13;<br \/>\n&#13;<br \/>\n&#13;<br \/>\n&#13;<br \/>\n&#13;<br \/>\n&#13;<br \/>\n&#13;<br \/>\n&#13;<br \/>\n&#13;<br \/>\n&#13;<br \/>\n&#13;<br \/>\n&#13;<br \/>\n&#13;<br \/>\n&#13;<br \/>\n&#13;<br \/>\n&#13;<br \/>\n&#13;<br \/>\n&#13;<br \/>\n&#13;<br \/>\n&#13;<br \/>\n&#13;<br \/>\n&#13;<br \/>\n&#13;<br \/>\n&#13;\n<\/p>\n<p class=\"chapter-paragraph\">\u00abLa tecnologia salva vite, ma<b> \u00e8 una salvezza che costa cara<\/b>. E questo, per uno come me, che ha sempre voluto disegnare auto per tutti, \u00e8 un pensiero che brucia &#8211; prosegue -. Non fraintendetemi: non sono qui a fare la morale. Sono solo un uomo che, sceso da un\u2019auto capottata, si \u00e8 guardato allo specchio e ha visto non solo un sopravvissuto, ma un privilegiato\u00bb.<br \/>\u00ab<b>Ora sono a Torino, nella mia tana creativa<\/b>, dove le idee non si fermano, nemmeno con un busto ortopedico &#8211; conclude -. E forse, chiss\u00e0, da questa disavventura nascer\u00e0 una nuova linea, una nuova idea, un nuovo modo di pensare la sicurezza. Perch\u00e9 il futuro, come le auto, si disegna un tratto alla volta\u00bb.<\/p>\n<p class=\"is-mr-t-20 is-mr-b-20\"><b><br \/>\n                    <a href=\"https:\/\/torino.corriere.it\/?intcmp=Notizielocali_nd_010623_corriere_ss_nd\" target=\"_blank\" rel=\"nofollow noopener\">Vai a tutte le notizie di Torino<\/a><br \/>\n            <\/b><\/p>\n<p class=\"chapter-paragraph\"><b><a href=\"https:\/\/www.corriere.it\/newsletter\/?theme=35&amp;intcmp=IIIcolonna_NL_CorTorino\" target=\"_blank\" rel=\"nofollow noopener\">Iscriviti alla newsletter di Corriere Torino<\/a><\/b><\/p>\n<p class=\"is-last-update\" datetime=\"2025-08-02T11:09:54+02:00\">2 agosto 2025 ( modifica il 2 agosto 2025 | 11:09)<\/p>\n<p class=\"is-copyright\">\n            \u00a9 RIPRODUZIONE RISERVATA\n        <\/p>\n","protected":false},"excerpt":{"rendered":"di Redazione online Lo storico designer torinese: \u00abChi pu\u00f2 permettersi un\u2019auto nuova ha pi\u00f9 chances di tornare a&hellip;\n","protected":false},"author":3,"featured_media":23888,"comment_status":"","ping_status":"","sticky":false,"template":"","format":"standard","meta":{"footnotes":"","_share_on_mastodon":"0"},"categories":[6],"tags":[2765,25107,25105,25108,25109,25110,25111,25112,14,10990,10991,10992,10987,8,298,1537,90,89,7,15,82,9,83,10,273,25113,25114,25115,25106,863,5797,13,11,80,84,12,81,85,15288],"class_list":["post-23887","post","type-post","status-publish","format-standard","has-post-thumbnail","category-ultime-notizie","tag-auto","tag-auto-capottata","tag-auto-nuova","tag-auto-nuova-chances","tag-capottata","tag-chances","tag-chances-tornare","tag-chances-tornare-vivo","tag-cronaca","tag-designer","tag-giorgetto","tag-giorgetto-giugiaro","tag-giugiaro","tag-headlines","tag-incidente","tag-it","tag-italia","tag-italy","tag-news","tag-notizie","tag-notizie-di-cronaca","tag-notizie-principali","tag-notiziedicronaca","tag-notizieprincipali","tag-nuova","tag-nuova-chances","tag-nuova-chances-tornare","tag-permettersi","tag-privilegiato","tag-sicurezza","tag-sopravvissuto","tag-titoli","tag-ultime-notizie","tag-ultime-notizie-di-cronaca","tag-ultime-notizie-e-news-di-oggi","tag-ultimenotizie","tag-ultimenotiziedicronaca","tag-ultimenotizieenewsdioggi","tag-vivo"],"share_on_mastodon":{"url":"","error":""},"_links":{"self":[{"href":"https:\/\/www.europesays.com\/it\/wp-json\/wp\/v2\/posts\/23887","targetHints":{"allow":["GET"]}}],"collection":[{"href":"https:\/\/www.europesays.com\/it\/wp-json\/wp\/v2\/posts"}],"about":[{"href":"https:\/\/www.europesays.com\/it\/wp-json\/wp\/v2\/types\/post"}],"author":[{"embeddable":true,"href":"https:\/\/www.europesays.com\/it\/wp-json\/wp\/v2\/users\/3"}],"replies":[{"embeddable":true,"href":"https:\/\/www.europesays.com\/it\/wp-json\/wp\/v2\/comments?post=23887"}],"version-history":[{"count":0,"href":"https:\/\/www.europesays.com\/it\/wp-json\/wp\/v2\/posts\/23887\/revisions"}],"wp:featuredmedia":[{"embeddable":true,"href":"https:\/\/www.europesays.com\/it\/wp-json\/wp\/v2\/media\/23888"}],"wp:attachment":[{"href":"https:\/\/www.europesays.com\/it\/wp-json\/wp\/v2\/media?parent=23887"}],"wp:term":[{"taxonomy":"category","embeddable":true,"href":"https:\/\/www.europesays.com\/it\/wp-json\/wp\/v2\/categories?post=23887"},{"taxonomy":"post_tag","embeddable":true,"href":"https:\/\/www.europesays.com\/it\/wp-json\/wp\/v2\/tags?post=23887"}],"curies":[{"name":"wp","href":"https:\/\/api.w.org\/{rel}","templated":true}]}}