{"id":238986,"date":"2025-11-30T12:21:13","date_gmt":"2025-11-30T12:21:13","guid":{"rendered":"https:\/\/www.europesays.com\/it\/238986\/"},"modified":"2025-11-30T12:21:13","modified_gmt":"2025-11-30T12:21:13","slug":"inter-prima-convocazione-per-maye-chi-e-il-2006-preso-dal-paris-fc","status":"publish","type":"post","link":"https:\/\/www.europesays.com\/it\/238986\/","title":{"rendered":"Inter, prima convocazione per Maye: chi \u00e8 il 2006 preso dal Paris FC"},"content":{"rendered":"<p>C&#8217;\u00e8 una novit\u00e0 tra i convocati dell&#8217;Inter per Pisa: come appurato da\u00a0Fcinter1908, sull&#8217;aereo per la Toscana \u00e8 salito anche Maye<\/p>\n<p>C&#8217;\u00e8 una novit\u00e0 tra i convocati dell&#8217;Inter per la trasferta di Pisa: come appurato da\u00a0Fcinter1908, sull&#8217;aereo per la Toscana \u00e8 salito anche <a href=\"https:\/\/www.fcinter1908.it\/calciomercato\/mercato-inter\/fcin1908-rinnovo-kamate-maye-zuberek\/\" rel=\"nofollow noopener\" target=\"_blank\">Yvan Maye<\/a>, difensore francese classe 2006, alla prima convocazione in Prima Squadra.<\/p>\n<p>Un altro dei giovani talenti che sta sfruttando nel migliore dei modi la vetrina della formazione U23.<\/p>\n<p>Chi \u00e8 Maye\u2014 \u00a0<\/p>\n<p>Fisico ben strutturato (1 metro e 90 di altezza), mancino educato, Maye nasce come esterno alto, per poi abbassarsi con il tempo nel ruolo di terzino e affermarsi definitivamente in quello di centrale. Prodotto del settore giovanile del Paris FC, arriva all&#8217;Inter nell&#8217;estate del 2022, compiendo tutta la trafila dall&#8217;U17 all&#8217;U23, con la ciliegina dello scudetto Primavera conquistato pochi mesi fa. Promosso fin da subito con la nuova formazione allenata da Stefano Vecchi, a inizio stagione si \u00e8 tolto la soddisfazione di alzare la Supercoppa Primavera con tanto di fascia di capitano al braccio.<\/p>\n<p>Il progetto dell&#8217;Inter\u2014 \u00a0<\/p>\n<p>Giocatore che si sta specializzando come braccetto mancino, Maye \u00e8 un difensore &#8220;alla Bastoni&#8221;, solido in marcatura e abile ad accompagnare la manovra in fase offensiva. Nonostante la presenza nel suo ruolo del greco Alexiou, un anno pi\u00f9 grande, si sta ritagliando uno spazio importante con l&#8217;Inter U23, con cui ha gi\u00e0 collezionato 8 presenze, dimostrando affidabilit\u00e0 e maturit\u00e0. La dirigenza nerazzurra crede molto nelle qualit\u00e0 del francese: il recente rinnovo di contratto fino al 30 giugno 2028 ne \u00e8 la prova, cos\u00ec come i tanti allenamenti con la Prima Squadra. La convocazione per Pisa \u00e8 il giusto premio per un giocatore in grande crescita, che non ha alcuna intenzione di fermarsi proprio ora.<\/p>\n<p class=\"is-copyright\">\u00a9 RIPRODUZIONE RISERVATA<\/p>\n","protected":false},"excerpt":{"rendered":"C&#8217;\u00e8 una novit\u00e0 tra i convocati dell&#8217;Inter per Pisa: come appurato da\u00a0Fcinter1908, sull&#8217;aereo per la Toscana \u00e8 salito&hellip;\n","protected":false},"author":3,"featured_media":238987,"comment_status":"","ping_status":"","sticky":false,"template":"","format":"standard","meta":{"footnotes":"","_share_on_mastodon":"0"},"categories":[1452],"tags":[1005,141066,141067,141068,141069,141070,721,3155,10111,141071,38157,4053,50732,1740,1974,3368,350,1537,90,89,18039,3124,1739,245,244],"class_list":["post-238986","post","type-post","status-publish","format-standard","has-post-thumbnail","category-calcio","tag-aereo","tag-aereo-toscana","tag-aereo-toscana-salito","tag-appurato","tag-appurato-aereo","tag-appurato-aereo-toscana","tag-calcio","tag-classe","tag-convocati","tag-convocati-inter","tag-convocazione","tag-difensore","tag-fc","tag-football","tag-formazione","tag-francese","tag-inter","tag-it","tag-italia","tag-italy","tag-maye","tag-pisa","tag-soccer","tag-sport","tag-sports"],"share_on_mastodon":{"url":"https:\/\/pubeurope.com\/@it\/115638624879083760","error":""},"_links":{"self":[{"href":"https:\/\/www.europesays.com\/it\/wp-json\/wp\/v2\/posts\/238986","targetHints":{"allow":["GET"]}}],"collection":[{"href":"https:\/\/www.europesays.com\/it\/wp-json\/wp\/v2\/posts"}],"about":[{"href":"https:\/\/www.europesays.com\/it\/wp-json\/wp\/v2\/types\/post"}],"author":[{"embeddable":true,"href":"https:\/\/www.europesays.com\/it\/wp-json\/wp\/v2\/users\/3"}],"replies":[{"embeddable":true,"href":"https:\/\/www.europesays.com\/it\/wp-json\/wp\/v2\/comments?post=238986"}],"version-history":[{"count":0,"href":"https:\/\/www.europesays.com\/it\/wp-json\/wp\/v2\/posts\/238986\/revisions"}],"wp:featuredmedia":[{"embeddable":true,"href":"https:\/\/www.europesays.com\/it\/wp-json\/wp\/v2\/media\/238987"}],"wp:attachment":[{"href":"https:\/\/www.europesays.com\/it\/wp-json\/wp\/v2\/media?parent=238986"}],"wp:term":[{"taxonomy":"category","embeddable":true,"href":"https:\/\/www.europesays.com\/it\/wp-json\/wp\/v2\/categories?post=238986"},{"taxonomy":"post_tag","embeddable":true,"href":"https:\/\/www.europesays.com\/it\/wp-json\/wp\/v2\/tags?post=238986"}],"curies":[{"name":"wp","href":"https:\/\/api.w.org\/{rel}","templated":true}]}}