{"id":239421,"date":"2025-11-30T18:42:15","date_gmt":"2025-11-30T18:42:15","guid":{"rendered":"https:\/\/www.europesays.com\/it\/239421\/"},"modified":"2025-11-30T18:42:15","modified_gmt":"2025-11-30T18:42:15","slug":"chivu-bene-diouf-anche-da-quinto-se-linter-vince-4-1-voi-direte-che","status":"publish","type":"post","link":"https:\/\/www.europesays.com\/it\/239421\/","title":{"rendered":"Chivu: &#8220;Bene Diouf anche da quinto. Se l&#8217;Inter vince 4-1 voi direte che&#8230;&#8221;"},"content":{"rendered":"<p>L&#8217;Inter supera in trasferta il Pisa di Gilardino per 2 a 0 trascinata da Lautaro Martinez che mette a segno una doppietta<\/p>\n<p>Torna la vittoria in casa nerazzurra, la squadra di Chivu &#8211; dopo le due sconfitte consecutive con Milan e Atletico &#8211; ritrova i 3 punti su un campo non semplice e contro un Pisa che per 60 minuti \u00e8 stato capace di creare qualche grattacapo alla formazione nerazzurra che poi passa con Lautaro Martinez (doppietta) su assist di Esposito prima e Barella dopo.<\/p>\n<p>Queste le parole di mister Chivu in conferenza stampa: &#8220;Sappiamo la croce che ci portiamo, quello che rappresenta questa societ\u00e0, sappiamo che il 5 a 0 \u00e8 la normalit\u00e0, con il 4-1 direte che \u00e8 il gol subito, il 2-1 \u00e8 la fortuna e quando si perde \u00e8 un disastro, \u00e8 sempre cosi, da anni e anni. Accettiamo la realt\u00e0 e la responsabilit\u00e0 che abbiamo per quanto riguarda cammino e percorso e le ambizioni che i nostri tifosi hanno. Oggi non era semplice, avevamo un po&#8217; di amarezza sulle spalle per quanto successo nelle gare precedenti ma abbiamo saputo reagire. Ci prendiamo la vittoria che era quello che volevamo&#8221;<\/p>\n<p>Lautaro miglior marcatore\u2014 \u00a0<\/p>\n<p>&#8220;Ci vuole equilibrio da parte di tutti, \u00e8 uno dei pi\u00f9 forti in circolazione che tante squadre vorrebbero, \u00e8 un vincente mette l&#8217;anima, vuole vincere questo \u00e8 lui \u00e8 il nostro capitano e non ci sono mai stati problemi. Siamo contenti per lui come lo siamo per tutta la squadra che ha portato a casa la vittoria&#8221;<\/p>\n<p>Assenza di Dumfries\u2014 \u00a0<\/p>\n<p>&#8220;Chi li ha sostituito ha fatto bene. Luis \u00e8 tornato titolare, poi la gara era in pareggio e ci mancava lo spunto dove Andy \u00e8 bravo. Poi lo metti a fare il quinto dove puoi subire qualcosa ma pu\u00f2 farlo. Poi potevamo cambiare ancora mettendo Carlos ma il suo atteggiamento mi \u00e8 piaciuto, la sua voglia di aggiungere qualcosa alla squadra allenandosi al meglio&#8221;<\/p>\n<p>Sostituzioni\u2014 \u00a0<\/p>\n<p>&#8220;Sono entrati tutti bene perch\u00e8 \u00e8 un gruppo che capisce le situazioni. Quelli che entrano per finire una gara hanno grande importanza, bisogna saper leggere e gestire, se ti va bene non sei un femoneo e cosi il contrario. Chi \u00e8 entrato oggi ha dato il suo contributo&#8221;<\/p>\n<p>Paura di non vincere?\u2014 \u00a0<\/p>\n<p>&#8220;io non ho paura di niente&#8230;&#8221;<\/p>\n<p class=\"is-copyright\">\u00a9 RIPRODUZIONE RISERVATA<\/p>\n","protected":false},"excerpt":{"rendered":"L&#8217;Inter supera in trasferta il Pisa di Gilardino per 2 a 0 trascinata da Lautaro Martinez che mette&hellip;\n","protected":false},"author":3,"featured_media":239422,"comment_status":"","ping_status":"","sticky":false,"template":"","format":"standard","meta":{"footnotes":""},"categories":[1452],"tags":[721,2839,7438,1740,629,1976,350,1537,90,89,5826,12049,35788,1981,24737,5238,3124,25336,20525,14493,1739,245,244,1857,4968,2224,4969],"class_list":{"0":"post-239421","1":"post","2":"type-post","3":"status-publish","4":"format-standard","5":"has-post-thumbnail","7":"category-calcio","8":"tag-calcio","9":"tag-chivu","10":"tag-doppietta","11":"tag-football","12":"tag-gara","13":"tag-gol","14":"tag-inter","15":"tag-it","16":"tag-italia","17":"tag-italy","18":"tag-lautaro","19":"tag-lautaro-martinez","20":"tag-martinez","21":"tag-mette","22":"tag-nerazzurra","23":"tag-paura","24":"tag-pisa","25":"tag-quinto","26":"tag-sappiamo","27":"tag-semplice","28":"tag-soccer","29":"tag-sport","30":"tag-sports","31":"tag-squadra","32":"tag-vincere","33":"tag-vittoria","34":"tag-vuole"},"share_on_mastodon":{"url":"https:\/\/pubeurope.com\/@it\/115640123088776181","error":""},"_links":{"self":[{"href":"https:\/\/www.europesays.com\/it\/wp-json\/wp\/v2\/posts\/239421","targetHints":{"allow":["GET"]}}],"collection":[{"href":"https:\/\/www.europesays.com\/it\/wp-json\/wp\/v2\/posts"}],"about":[{"href":"https:\/\/www.europesays.com\/it\/wp-json\/wp\/v2\/types\/post"}],"author":[{"embeddable":true,"href":"https:\/\/www.europesays.com\/it\/wp-json\/wp\/v2\/users\/3"}],"replies":[{"embeddable":true,"href":"https:\/\/www.europesays.com\/it\/wp-json\/wp\/v2\/comments?post=239421"}],"version-history":[{"count":0,"href":"https:\/\/www.europesays.com\/it\/wp-json\/wp\/v2\/posts\/239421\/revisions"}],"wp:featuredmedia":[{"embeddable":true,"href":"https:\/\/www.europesays.com\/it\/wp-json\/wp\/v2\/media\/239422"}],"wp:attachment":[{"href":"https:\/\/www.europesays.com\/it\/wp-json\/wp\/v2\/media?parent=239421"}],"wp:term":[{"taxonomy":"category","embeddable":true,"href":"https:\/\/www.europesays.com\/it\/wp-json\/wp\/v2\/categories?post=239421"},{"taxonomy":"post_tag","embeddable":true,"href":"https:\/\/www.europesays.com\/it\/wp-json\/wp\/v2\/tags?post=239421"}],"curies":[{"name":"wp","href":"https:\/\/api.w.org\/{rel}","templated":true}]}}