{"id":239536,"date":"2025-11-30T20:17:11","date_gmt":"2025-11-30T20:17:11","guid":{"rendered":"https:\/\/www.europesays.com\/it\/239536\/"},"modified":"2025-11-30T20:17:11","modified_gmt":"2025-11-30T20:17:11","slug":"netanyahu-una-lettera-di-111-pagine-per-chiedere-la-grazia-e-per-la-sicurezza-del-paese-i-critici-si-penta-e-si-ritiri","status":"publish","type":"post","link":"https:\/\/www.europesays.com\/it\/239536\/","title":{"rendered":"Netanyahu, una lettera di 111 pagine per chiedere la grazia: \u00ab\u00c8 per la sicurezza del Paese\u00bb. I critici: \u00abSi penta e si ritiri\u00bb"},"content":{"rendered":"<p>    di<br \/>\n    Davide Frattini<\/p>\n<p class=\"summary-art is-line-h-12\">Il premier di Israele \u00e8 imputato per corruzione e ha chiesto la grazia al presidente Herzog. Secondo i leader dell&#8217;opposizione cerca l&#8217;immunit\u00e0. E i famigliari degli ostaggi lo attaccano: \u00abVigliacco\u00bb<\/p>\n<p class=\"chapter-paragraph\">DAL NOSTRO CORRISPONDENTE<br \/>GERUSALEMME &#8211; L\u2019amico Donald l\u2019ha invocata tre volte, i suoi ministri (ufficialmente) almeno una, i suoi sodali hanno gridato la parola come uno slogan a ogni udienza del processo che va avanti da oltre 5 anni: <b>grazia<\/b>.<\/p>\n<p class=\"chapter-paragraph\">Adesso <b>\u00e8 \u00abl\u2019imputato numero uno\u00bb<\/b> <b>a chiederla al presidente Isaac Herzog<\/b> con <b>una lettera di 111 pagine<\/b> redatta dai suoi legali ma che porta il suo stile macchinatore, rimarcato in un video diffuso sui social media. Spiega che \u00abil suo interesse personale \u00e8 stato e resta quello di arrivare alla fine del processo, fino alla piena assoluzione. La sicurezza del Paese, la situazione politica, l\u2019interesse nazionale impongono un\u2019altra strada. Mi prendo la responsabilit\u00e0 morale e pubblica per gli eventi che hanno accompagnato il procedimento\u00bb. Non \u00e8 chiaro se si riferisce alla <b>campagna del suo governo per smantellare il sistema giudiziario<\/b>, anche con gli attacchi personali ai giudici. Aggiunge:<b> \u00ab\u00c8 arrivato il momento di sanare le fratture e restaurare la fiducia nelle istituzioni dello Stato\u00bb<\/b>.    &#13;<br \/>\n&#13;<br \/>\n&#13;<br \/>\n&#13;<br \/>\n&#13;<br \/>\n&#13;<br \/>\n&#13;<br \/>\n&#13;<br \/>\n&#13;<br \/>\n&#13;<br \/>\n&#13;<br \/>\n&#13;<br \/>\n&#13;<br \/>\n&#13;<br \/>\n&#13;<br \/>\n&#13;<br \/>\n&#13;<br \/>\n&#13;<br \/>\n&#13;<br \/>\n&#13;<br \/>\n&#13;<br \/>\n&#13;<br \/>\n&#13;<br \/>\n&#13;<br \/>\n&#13;<br \/>\n&#13;<br \/>\n&#13;<br \/>\n&#13;<br \/>\n&#13;<br \/>\n&#13;<br \/>\n&#13;<br \/>\n&#13;<br \/>\n&#13;<br \/>\n&#13;<br \/>\n&#13;<br \/>\n&#13;<br \/>\n&#13;<br \/>\n&#13;<br \/>\n&#13;<br \/>\n&#13;<br \/>\n&#13;<br \/>\n&#13;<br \/>\n&#13;<br \/>\n&#13;<br \/>\n&#13;<br \/>\n&#13;<br \/>\n&#13;<br \/>\n&#13;<br \/>\n&#13;<br \/>\n&#13;<br \/>\n&#13;<br \/>\n&#13;<br \/>\n&#13;\n<\/p>\n<p class=\"chapter-paragraph\">Gli investigatori e i magistrati che hanno raccolto le prove nei casi 1.000, 2.000 e 4.000 \u2014 come in una scalata in quota ai vertici del potere \u2014 sono convinti di aver messo insieme <b>un\u2019incriminazione solida<\/b>: la \u00abpiena assoluzione\u00bb di cui parla Bibi non \u00e8 in realt\u00e0 cos\u00ec scontata.\u00a0<\/p>\n<p class=\"chapter-paragraph\"><b>Il premier \u00e8 accusato tra l\u2019altro di corruzione<\/b> ed \u00e8 <b>il primo ministro nella Storia di Israele a trovarsi sotto processo mentre \u00e8 in carica<\/b>. Sono proprio gli impegni del ruolo che Netanyahu usa tra le motivazioni per l\u2019amnistia: \u00abDevo testimoniare tre volte alla settimane, \u00e8 impossibile\u00bb.<\/p>\n<p class=\"chapter-paragraph\">Cos\u00ec ne fa una questione pi\u00f9 procedurale che di merito e infatti non ha intenzione di dichiararsi colpevole o di lasciare la politica. Gli esperti ricordano che <b>solo una volta la grazia \u00e8 stata concessa prima dell\u2019eventuale condanna<\/b>, a procedimento ancora in corso: nel passato del Paese c\u2019\u00e8 stato un solo caso di clemenza data prima della condanna, quando nel 1984 era stato proprio <b>Chaim Herzog \u2014 presidente prima del figlio \u2014 a fermare la procedura contro gli agenti dei servizi segreti<\/b> che <b>avevano cercato di coprire l\u2019uccisione di due terroristi palestinesi dopo l\u2019arresto<\/b>.<\/p>\n<p class=\"chapter-paragraph\"><b>Yair Lapid<\/b>, a capo dell\u2019opposizione, <b>vuole invece che Netanyahu \u00abesprima pentimento e si ritiri dalla politica\u00bb.<\/b>\u00a0<\/p>\n<p class=\"chapter-paragraph\"><b>Anshel Pfeffer<\/b>, corrispondente del settimanale britannico Economist, riassume: <b>\u00abNon chiede la grazia, pretende l\u2019immunit\u00e0\u00bb<\/b>.\u00a0<\/p>\n<p class=\"chapter-paragraph\">I giuristi spiegano che l\u2019appellarsi del premier agli \u00abinteressi del Paese\u00bb \u00e8 poco convincente, le accuse contro il primo ministro sono legate alla sua condotta non a questioni di Stato: <b>avrebbe accettato sigari cubani, casse di champagne ros\u00e9, gioielli per la moglie in cambio di favori che poteva elargire<\/b>.<\/p>\n<p class=\"chapter-paragraph\">I famigliari degli israeliani massacrati o rapiti il 7 ottobre 2023 ancora aspettano che il premier si prenda la responsabilit\u00e0 politica dietro al disastro. Sono pronti a continuare le proteste in strada per bloccare la possibilit\u00e0 di perdono. <b>\u00ab\u00c8 un vigliaccio che vuole restare al potere\u00bb, lo bolla Einav Zangauker<\/b>, diventata il simbolo delle contestazioni organizzate dai parenti negli oltre due anni di guerra contro Hamas a Gaza, dove i palestinesi uccisi sono pi\u00f9 di 70 mila.<\/p>\n<p class=\"is-last-update\" datetime=\"2025-11-30T19:47:23+01:00\">30 novembre 2025 ( modifica il 30 novembre 2025 | 19:47)<\/p>\n<p class=\"is-copyright\">\n            \u00a9 RIPRODUZIONE RISERVATA\n        <\/p>\n","protected":false},"excerpt":{"rendered":"di Davide Frattini Il premier di Israele \u00e8 imputato per corruzione e ha chiesto la grazia al presidente&hellip;\n","protected":false},"author":3,"featured_media":239537,"comment_status":"","ping_status":"","sticky":false,"template":"","format":"standard","meta":{"footnotes":""},"categories":[160],"tags":[8398,141461,141462,5413,141463,51370,805,37325,5621,14,164,165,43871,14601,12465,4256,83147,5292,72,2698,141459,166,890,7,15,18155,8968,771,26124,141460,477,2428,115,135,33790,405,984,46279,863,3726,11,167,12,168,4969,161,162,163],"class_list":{"0":"post-239536","1":"post","2":"type-post","3":"status-publish","4":"format-standard","5":"has-post-thumbnail","7":"category-mondo","8":"tag-accettato","9":"tag-accettato-sigari","10":"tag-accettato-sigari-cubani","11":"tag-accompagnato","12":"tag-accompagnato-procedimento","13":"tag-assoluzione","14":"tag-condanna","15":"tag-corrispondente","16":"tag-corruzione","17":"tag-cronaca","18":"tag-dal-mondo","19":"tag-dalmondo","20":"tag-famigliari","21":"tag-grazia","22":"tag-herzog","23":"tag-immunita","24":"tag-imputato","25":"tag-interesse","26":"tag-israele","27":"tag-lettera","28":"tag-lettera-pagine","29":"tag-mondo","30":"tag-netanyahu","31":"tag-news","32":"tag-notizie","33":"tag-opposizione","34":"tag-pagine","35":"tag-palestinesi","36":"tag-piena","37":"tag-piena-assoluzione","38":"tag-politica","39":"tag-potere","40":"tag-premier","41":"tag-presidente","42":"tag-procedimento","43":"tag-processo","44":"tag-responsabilita","45":"tag-ritiri","46":"tag-sicurezza","47":"tag-strada","48":"tag-ultime-notizie","49":"tag-ultime-notizie-di-mondo","50":"tag-ultimenotizie","51":"tag-ultimenotiziedimondo","52":"tag-vuole","53":"tag-world","54":"tag-world-news","55":"tag-worldnews"},"share_on_mastodon":{"url":"","error":"Validation failed: Text character limit of 500 exceeded"},"_links":{"self":[{"href":"https:\/\/www.europesays.com\/it\/wp-json\/wp\/v2\/posts\/239536","targetHints":{"allow":["GET"]}}],"collection":[{"href":"https:\/\/www.europesays.com\/it\/wp-json\/wp\/v2\/posts"}],"about":[{"href":"https:\/\/www.europesays.com\/it\/wp-json\/wp\/v2\/types\/post"}],"author":[{"embeddable":true,"href":"https:\/\/www.europesays.com\/it\/wp-json\/wp\/v2\/users\/3"}],"replies":[{"embeddable":true,"href":"https:\/\/www.europesays.com\/it\/wp-json\/wp\/v2\/comments?post=239536"}],"version-history":[{"count":0,"href":"https:\/\/www.europesays.com\/it\/wp-json\/wp\/v2\/posts\/239536\/revisions"}],"wp:featuredmedia":[{"embeddable":true,"href":"https:\/\/www.europesays.com\/it\/wp-json\/wp\/v2\/media\/239537"}],"wp:attachment":[{"href":"https:\/\/www.europesays.com\/it\/wp-json\/wp\/v2\/media?parent=239536"}],"wp:term":[{"taxonomy":"category","embeddable":true,"href":"https:\/\/www.europesays.com\/it\/wp-json\/wp\/v2\/categories?post=239536"},{"taxonomy":"post_tag","embeddable":true,"href":"https:\/\/www.europesays.com\/it\/wp-json\/wp\/v2\/tags?post=239536"}],"curies":[{"name":"wp","href":"https:\/\/api.w.org\/{rel}","templated":true}]}}