{"id":239545,"date":"2025-11-30T20:31:18","date_gmt":"2025-11-30T20:31:18","guid":{"rendered":"https:\/\/www.europesays.com\/it\/239545\/"},"modified":"2025-11-30T20:31:18","modified_gmt":"2025-11-30T20:31:18","slug":"trapani-shark-situazione-societaria-sempre-piu-delicata","status":"publish","type":"post","link":"https:\/\/www.europesays.com\/it\/239545\/","title":{"rendered":"Trapani Shark, situazione societaria sempre pi\u00f9 delicata"},"content":{"rendered":"<p><a href=\"https:\/\/www.backdoorpodcast.com\/wp-content\/uploads\/2025\/10\/IMG_5661.jpg\" data-caption=\"Foto Susanna Arioli \/ Ciamillo-Castoria\" rel=\"nofollow noopener\" target=\"_blank\"><img loading=\"lazy\" decoding=\"async\" width=\"696\" height=\"464\" class=\"entry-thumb td-modal-image\" src=\"https:\/\/www.europesays.com\/it\/wp-content\/uploads\/2025\/11\/IMG_5661-696x464.jpg\"   alt=\"Trapani Shark\" title=\"Paul Eboua (Trapani Shark)\"\/><\/a>Foto Susanna Arioli \/ Ciamillo-Castoria<\/p>\n<p>Nell\u2019ultima puntata del <a href=\"https:\/\/www.backdoorpodcast.com\/basketmercato-le-dimissioni-di-messina-kattash-a-rischio-e-i-problemi-di-trapani\/\" rel=\"nofollow noopener\" target=\"_blank\">nostro podcast di Basketmercato<\/a> condotto da Orazio Cauchi, abbiamo parlato di tutte le ultime notizie e indiscrezioni pi\u00f9 importanti per quanto riguarda il mercato europeo della prossima stagione. Il clima in casa <strong>Trapani Shark<\/strong> si fa sempre pi\u00f9 rovente tra penalizzazioni, le possibili dimissioni di Antonini e le voci di mercato.\u00a0Di seguito tutti i dettagli della situazione, spiegati in questo estratto della puntata.<\/p>\n<p>La situazione della Trapani Sharl si sta aggravando in questi ultimi giorni. Dopo le indiscrezioni che si erano diffuse su una nuova penalizzazione, effettivamente una nuova penalizzazione \u00e8 arrivata, anche se pi\u00f9 leggera rispetto a quelli che erano i rumors, che parlavano di quattro punti di penalizzazione. In realt\u00e0 \u00e8 arrivato solo un punto di penalizzazione, tramite il comunicato ufficiale rilasciato dalla FIP. Ma la notizia pi\u00f9 preoccupante per Trapani \u00e8 che nello stesso comunicato la FIP annuncia di aver aperto un\u2019indagine sulla procedura di iscrizione della Shark a quest\u2019ultimo anno di campionato.<\/p>\n<p>Ora ovviamente dovremmo dare tempo all\u2019indagine per capire che sviluppi ci saranno, ma sicuramente questo non \u00e8 un segnale positivo per la squadra siciliana, che si trova in una situazione molto particolare. In campo in realt\u00e0 le cose stanno andando molto bene, per\u00f2 a livello societario la situazione continua ad essere abbastanza delicata. aAdesso anche il presidente Antonini, in una live sui social, ha dichiarato che starebbe pensando di lasciare il ruolo di presidente fino a quando le acque non si saranno calmate. In pi\u00f9, ci sono tante voci di diversi giocatori di Trapani che sarebbero pronti a lasciare la squadra, se la situazione finanziaria e dirigenziale del club non si dovesse assestare.<\/p>\n<p>Ci sono stati diversi rumors sul futuro di Amar Alibegovic. Si parlava di un accordo gi\u00e0 raggiunto con il Barcellona, che per\u00f2 al momento ancora non \u00e8 stato raggiunto. Il Barcellona sta sicuramente monitorando il profilo del giocatore bosniaco, visto che la dirigenza sta cercando un giocatore in quel ruolo l\u00ec. Ci sono tanti rumors anche sui giocatori italiani di Trapani, che potrebbero far gola a tante squadre se dovessero liberarsi. Giocatori come Petrucelli, Cappelletti o Eboua sono tutti nomi di livello che potrebbero diventare delle pedine di mercato molto interessanti.<\/p>\n<p>\u00c8 chiaro per\u00f2 che per i tifosi di Trapani l\u2019incertezza sta aumentando. Nonostante nelle scorse settimane il presidente Antonini avesse sempre bollato come fake news la possibilit\u00e0 che arrivasse una nuova penalizzazione, o che ci fossero dei reali problemi dal punto di vista finanziario, adesso la potenziale decisione del presidente di fare un passo indietro lascia sicuramente parecchia incertezza nei tifosi, che temono si possa arrivare a una situazione in cui la squadra sia smantellata.<\/p>\n","protected":false},"excerpt":{"rendered":"Foto Susanna Arioli \/ Ciamillo-Castoria Nell\u2019ultima puntata del nostro podcast di Basketmercato condotto da Orazio Cauchi, abbiamo parlato&hellip;\n","protected":false},"author":3,"featured_media":239546,"comment_status":"","ping_status":"","sticky":false,"template":"","format":"standard","meta":{"footnotes":""},"categories":[1453],"tags":[1756,1757,1537,90,89,1868,3697,245,244,5914],"class_list":{"0":"post-239545","1":"post","2":"type-post","3":"status-publish","4":"format-standard","5":"has-post-thumbnail","7":"category-basket","8":"tag-basket","9":"tag-basketball","10":"tag-it","11":"tag-italia","12":"tag-italy","13":"tag-lba","14":"tag-legabasket","15":"tag-sport","16":"tag-sports","17":"tag-trapani-shark"},"share_on_mastodon":{"url":"https:\/\/pubeurope.com\/@it\/115640551899270076","error":""},"_links":{"self":[{"href":"https:\/\/www.europesays.com\/it\/wp-json\/wp\/v2\/posts\/239545","targetHints":{"allow":["GET"]}}],"collection":[{"href":"https:\/\/www.europesays.com\/it\/wp-json\/wp\/v2\/posts"}],"about":[{"href":"https:\/\/www.europesays.com\/it\/wp-json\/wp\/v2\/types\/post"}],"author":[{"embeddable":true,"href":"https:\/\/www.europesays.com\/it\/wp-json\/wp\/v2\/users\/3"}],"replies":[{"embeddable":true,"href":"https:\/\/www.europesays.com\/it\/wp-json\/wp\/v2\/comments?post=239545"}],"version-history":[{"count":0,"href":"https:\/\/www.europesays.com\/it\/wp-json\/wp\/v2\/posts\/239545\/revisions"}],"wp:featuredmedia":[{"embeddable":true,"href":"https:\/\/www.europesays.com\/it\/wp-json\/wp\/v2\/media\/239546"}],"wp:attachment":[{"href":"https:\/\/www.europesays.com\/it\/wp-json\/wp\/v2\/media?parent=239545"}],"wp:term":[{"taxonomy":"category","embeddable":true,"href":"https:\/\/www.europesays.com\/it\/wp-json\/wp\/v2\/categories?post=239545"},{"taxonomy":"post_tag","embeddable":true,"href":"https:\/\/www.europesays.com\/it\/wp-json\/wp\/v2\/tags?post=239545"}],"curies":[{"name":"wp","href":"https:\/\/api.w.org\/{rel}","templated":true}]}}